{"id":52234,"date":"2022-04-02T19:15:13","date_gmt":"2022-04-02T19:15:13","guid":{"rendered":"https:\/\/www.ole.com.ar\/autos\/reis-quedo-pole-velo-citta_0_yq0tokkGde.html"},"modified":"2022-04-02T19:15:13","modified_gmt":"2022-04-02T19:15:13","slug":"el-dueno-de-la-pole","status":"publish","type":"post","link":"http:\/\/cordobadirecto.com\/index.php\/2022\/04\/02\/el-dueno-de-la-pole\/","title":{"rendered":"El due\u00f1o de la pole"},"content":{"rendered":"<p>El TCR South America llev\u00f3 a cabo su primera clasificaci\u00f3n de la temporada 2022 en Velo Citt\u00e1, <mark>donde Raphael Reis logr\u00f3 la pole position. Escoltado por Rosso y Junqueira.<\/mark><\/p>\n<div class=\"sp__SM\">\n<div class=\"content-new \">\n<span class=\"tit-mobile\">Mir\u00e1 tambi\u00e9n<\/span><\/p>\n<div class=\"mg\">\n<div class=\"wrap-figure\">\n<picture>\n<a href=\"https:\/\/www.ole.com.ar\/autos\/nakagami-domino-entrenamiento_0_Tzt75dmbjH.html\" target=\"_self\" rel=\"noopener\"><br \/>\n<img class=\"img-responsive\" alt=\"Se recuper\u00f3 del Covid y fue el m\u00e1s r\u00e1pido\" src=\"http:\/\/cordobadirecto.com\/wp-content\/uploads\/2022\/04\/el-dueno-de-la-pole.jpg\" loading=\"lazy\"><br \/>\n<\/a>\n<\/picture>\n<\/div>\n<\/div><\/div>\n<\/div>\n<p><mark>Lleg\u00f3 a cero el cronometro en la Q1 con Raphael Reis en la primera colocaci\u00f3n tras cronometrar 1m33s100.<\/mark> Dej\u00f3 como escolta al Colo Rosso a una diferencia de tan s\u00f3lo 28 mil\u00e9simas y tercero se ubic\u00f3 Pedro Aizza a 1s45 cent\u00e9simas. Mientras que cerraron el top five Antonio Junqueira y Jos\u00e9 Manuel Sapag.<\/p>\n<p>Mientras que no pudo conseguir su pase a la Q2 el brasile\u00f1o Fernando Croce.<\/p>\n<p><mark>En la parte decisiva de la clasificaci\u00f3n, Reis con un tiempo de 1m33s144 se qued\u00f3 con la pole position en Velo Citt\u00e1.<\/mark> Segundo finaliz\u00f3 Rosso a una diferencia de 15 cent\u00e9simas y tercero se ubic\u00f3 Junqueira a 457 mil\u00e9simas. Cuarto fue Fabricio Pezzini y quinto Aizza.<\/p>\n<div class=\"sp__SM\">\n<div class=\"content-new \">\n<span class=\"tit-mobile\">Mir\u00e1 tambi\u00e9n<\/span><\/p>\n<div class=\"mg\">\n<div class=\"wrap-figure\">\n<picture>\n<a href=\"https:\/\/www.ole.com.ar\/autos\/comenzo-gran-premio-argentina_0_WtIm4Kw1EB.html\" target=\"_self\" rel=\"noopener\"><br \/>\n<img class=\"img-responsive\" alt=\"Lleg\u00f3 el avi\u00f3n y comenz\u00f3 el Gran Premio de Argentina\" src=\"http:\/\/cordobadirecto.com\/wp-content\/uploads\/2022\/04\/el-dueno-de-la-pole-1.jpg\" loading=\"lazy\"><br \/>\n<\/a>\n<\/picture>\n<\/div>\n<\/div><\/div>\n<\/div>\n<p><mark>Completaron el top ten Sapag, Bia Figueiredo, Pablo Otero, Franco Farina y Fabio Casagrande. La acci\u00f3n para el TCR South America seguir\u00e1 el domingo a las 9.10<\/mark>, cuando se ponga en marcha la primera competencia del fin de semana.<\/p>\n<div class=\"entry-tags\">\n<h2>TEMAS QUE APARECEN EN ESTA NOTA<\/h2>\n<\/p><\/div>\n","protected":false},"excerpt":{"rendered":"<p>El TCR South America llev\u00f3 a cabo su primera clasificaci\u00f3n de la temporada 2022 en Velo Citt\u00e1, donde Raphael Reis logr\u00f3 la pole position. Escoltado por Rosso y Junqueira. Mir\u00e1 tambi\u00e9n Lleg\u00f3 a cero el cronometro en la Q1 con Raphael Reis en la primera colocaci\u00f3n tras cronometrar 1m33s100. Dej\u00f3 como escolta al Colo Rosso [&hellip;]<\/p>\n","protected":false},"author":1,"featured_media":52235,"comment_status":"closed","ping_status":"closed","sticky":false,"template":"","format":"standard","meta":[],"categories":[21],"tags":[],"_links":{"self":[{"href":"http:\/\/cordobadirecto.com\/index.php\/wp-json\/wp\/v2\/posts\/52234"}],"collection":[{"href":"http:\/\/cordobadirecto.com\/index.php\/wp-json\/wp\/v2\/posts"}],"about":[{"href":"http:\/\/cordobadirecto.com\/index.php\/wp-json\/wp\/v2\/types\/post"}],"author":[{"embeddable":true,"href":"http:\/\/cordobadirecto.com\/index.php\/wp-json\/wp\/v2\/users\/1"}],"replies":[{"embeddable":true,"href":"http:\/\/cordobadirecto.com\/index.php\/wp-json\/wp\/v2\/comments?post=52234"}],"version-history":[{"count":0,"href":"http:\/\/cordobadirecto.com\/index.php\/wp-json\/wp\/v2\/posts\/52234\/revisions"}],"wp:featuredmedia":[{"embeddable":true,"href":"http:\/\/cordobadirecto.com\/index.php\/wp-json\/wp\/v2\/media\/52235"}],"wp:attachment":[{"href":"http:\/\/cordobadirecto.com\/index.php\/wp-json\/wp\/v2\/media?parent=52234"}],"wp:term":[{"taxonomy":"category","embeddable":true,"href":"http:\/\/cordobadirecto.com\/index.php\/wp-json\/wp\/v2\/categories?post=52234"},{"taxonomy":"post_tag","embeddable":true,"href":"http:\/\/cordobadirecto.com\/index.php\/wp-json\/wp\/v2\/tags?post=52234"}],"curies":[{"name":"wp","href":"https:\/\/api.w.org\/{rel}","templated":true}]}}