{"id":52276,"date":"2022-04-01T19:09:58","date_gmt":"2022-04-01T19:09:58","guid":{"rendered":"https:\/\/cordoba.gob.ar\/?p=21630"},"modified":"2022-04-01T19:09:58","modified_gmt":"2022-04-01T19:09:58","slug":"la-semana-de-malvinas-cierra-con-propuestas-artisticas-y-recitales-en-la-plaza-de-la-intendencia","status":"publish","type":"post","link":"http:\/\/cordobadirecto.com\/index.php\/2022\/04\/01\/la-semana-de-malvinas-cierra-con-propuestas-artisticas-y-recitales-en-la-plaza-de-la-intendencia\/","title":{"rendered":"La Semana de Malvinas cierra con propuestas art\u00edsticas y recitales en la Plaza de la Intendencia"},"content":{"rendered":"<div><img src=\"http:\/\/cordobadirecto.com\/wp-content\/uploads\/2022\/04\/la-semana-de-malvinas-cierra-con-propuestas-artisticas-y-recitales-en-la-plaza-de-la-intendencia.jpg\" class=\"ff-og-image-inserted\"><\/div>\n<ul>\n<li><strong>Patricia Sosa y otros artistas, junto a veteranos, ser\u00e1n protagonistas de la vigilia por la Gesta de Malvinas.&nbsp;<\/strong><\/li>\n<li><strong>Ma\u00f1ana s\u00e1bado 2 de Abril, a partir de las 14 horas, brindar\u00e1n sus shows Silvia Lallana, Los Guaran\u00edes, Los 4 de C\u00f3rdoba y la banda de la Polic\u00eda de la provincia de C\u00f3rdoba.<\/strong><\/li>\n<\/ul>\n<hr>\n<p>Durante hoy y ma\u00f1ana se llevar\u00e1n a cabo diversas actividades conmemorativas en el marco de la semana del 40\u00b0aniversario de la Guerra de Malvinas.<\/p>\n<p>Tendr\u00e1n una destacada relevancia las actividades que se desarrollar\u00e1n durante esta noche.<\/p>\n<p>Desde las 20 horas se podr\u00e1 disfrutar de intervenciones de video mapping sobre los muros exteriores del Cabildo.<\/p>\n<p>Ser\u00e1n proyecciones audiovisuales de im\u00e1genes fijas que se renovar\u00e1n aproximadamente cada 3 minutos, jugando sobre la fachada del edificio hist\u00f3rico, apoyadas con sonidos ambientales que proponen momentos de introspecci\u00f3n. Esta actividad se extender\u00e1 hasta el domingo 3.<\/p>\n<p>A las 21 horas se dar\u00e1 inicio a la tradicional vigilia junto a veteranos de Malvinas en la Plaza de la Intendencia, la cual ser\u00e1 renombrada, y pasar\u00e1 a llamarse Plaza de la Intendencia-H\u00e9roes de Malvinas.<\/p>\n<p>Posteriormente, los veteranos de Malvinas encabezar\u00e1n una marcha de antorchas que llevar\u00e1 el fuego para encender la llama votiva del monumento a los H\u00e9roes de Malvina, ubicado en la esquina de la calle Duarte Quiros y Marcelo T. de Alvear (La Ca\u00f1ada).<\/p>\n<p>Durante la vigilia habr\u00e1, adem\u00e1s, sorpresas emotivas y videos alusivos con transmisi\u00f3n v\u00eda streaming.<\/p>\n<p>La programaci\u00f3n del encuentro tambi\u00e9n incluye propuestas culturales para toda la familia con el show folkl\u00f3rico de Nico Villa y la actuaci\u00f3n de la reconocida cantante Patricia Sosa que realizar\u00e1 un show con sus grandes \u00e9xitos.<\/p>\n<p>Llegada la media noche se entonar\u00e1n las estrofas del Himno Nacional Argentino y la Marcha de Malvinas interpretadas por la banda sinf\u00f3nica de las Fuerzas Armadas.<\/p>\n<p>Ma\u00f1ana s\u00e1bado 2 de abril se realizar\u00e1n diversas actividades. A las 9 horas se llevar\u00e1 a cabo el izamiento del Pabell\u00f3n Nacional junto a veteranos de Malvinas e integrantes de las Fuerzas Armadas en la Plaza de la Intendencia-H\u00e9roes de Malvinas.<\/p>\n<p>A su vez, desde las 10 habr\u00e1 una caravana de motos desde el Parque del Kempes hacia la Plaza de la Intendencia-H\u00e9roes de Malvinas.<\/p>\n<p>A partir de las 13 horas se compartir\u00e1 un locro familiar entre los veteranos de Malvinas y el p\u00fablico asistente, para luego dar comienzo a los shows gratuitos de Silvia Lallana, Los Guaran\u00edes, Los 4 de C\u00f3rdoba y la banda de la Polic\u00eda de la provincia de C\u00f3rdoba.<\/p>\n<p>La jornada culminar\u00e1 con un evento especial en el Teatro Real, donde se estrenar\u00e1 la obra de teatro cordobesa \u201cMalvinas, 74 d\u00edas\u201d a cargo del elenco estable de dicho teatro a partir de las 20 horas con entrada gratuita, dando cierre a la Semana de Malvinas.<\/p>\n","protected":false},"excerpt":{"rendered":"<p>Patricia Sosa y otros artistas, junto a veteranos, ser\u00e1n protagonistas de la vigilia por la Gesta de Malvinas.&nbsp; Ma\u00f1ana s\u00e1bado 2 de Abril, a partir de las 14 horas, brindar\u00e1n sus shows Silvia Lallana, Los Guaran\u00edes, Los 4 de C\u00f3rdoba y la banda de la Polic\u00eda de la provincia de C\u00f3rdoba. Durante hoy y ma\u00f1ana [&hellip;]<\/p>\n","protected":false},"author":1,"featured_media":52277,"comment_status":"closed","ping_status":"closed","sticky":false,"template":"","format":"standard","meta":[],"categories":[44],"tags":[],"_links":{"self":[{"href":"http:\/\/cordobadirecto.com\/index.php\/wp-json\/wp\/v2\/posts\/52276"}],"collection":[{"href":"http:\/\/cordobadirecto.com\/index.php\/wp-json\/wp\/v2\/posts"}],"about":[{"href":"http:\/\/cordobadirecto.com\/index.php\/wp-json\/wp\/v2\/types\/post"}],"author":[{"embeddable":true,"href":"http:\/\/cordobadirecto.com\/index.php\/wp-json\/wp\/v2\/users\/1"}],"replies":[{"embeddable":true,"href":"http:\/\/cordobadirecto.com\/index.php\/wp-json\/wp\/v2\/comments?post=52276"}],"version-history":[{"count":0,"href":"http:\/\/cordobadirecto.com\/index.php\/wp-json\/wp\/v2\/posts\/52276\/revisions"}],"wp:featuredmedia":[{"embeddable":true,"href":"http:\/\/cordobadirecto.com\/index.php\/wp-json\/wp\/v2\/media\/52277"}],"wp:attachment":[{"href":"http:\/\/cordobadirecto.com\/index.php\/wp-json\/wp\/v2\/media?parent=52276"}],"wp:term":[{"taxonomy":"category","embeddable":true,"href":"http:\/\/cordobadirecto.com\/index.php\/wp-json\/wp\/v2\/categories?post=52276"},{"taxonomy":"post_tag","embeddable":true,"href":"http:\/\/cordobadirecto.com\/index.php\/wp-json\/wp\/v2\/tags?post=52276"}],"curies":[{"name":"wp","href":"https:\/\/api.w.org\/{rel}","templated":true}]}}