{"id":52294,"date":"2022-04-03T13:02:00","date_gmt":"2022-04-03T13:02:00","guid":{"rendered":"http:\/\/cordobadirecto.com\/index.php\/2022\/04\/03\/francisco-pidio-el-fin-de-la-guerra-sacrilega-y-renovo-el-llamado-por-los-migrantes\/"},"modified":"2022-04-03T13:02:00","modified_gmt":"2022-04-03T13:02:00","slug":"francisco-pidio-el-fin-de-la-guerra-sacrilega-y-renovo-el-llamado-por-los-migrantes","status":"publish","type":"post","link":"http:\/\/cordobadirecto.com\/index.php\/2022\/04\/03\/francisco-pidio-el-fin-de-la-guerra-sacrilega-y-renovo-el-llamado-por-los-migrantes\/","title":{"rendered":"Francisco pidi\u00f3 el fin de la &#8220;guerra sacr\u00edlega&#8221; y renov\u00f3 el llamado por los migrantes"},"content":{"rendered":"<figure class=\"mb-3\"><img loading=\"lazy\" src=\"http:\/\/cordobadirecto.com\/wp-content\/uploads\/2022\/04\/francisco-pidio-el-fin-de-la-guerra-sacrilega-y-renovo-el-llamado-por-los-migrantes.jpg\" width=\"100%\" height=\"100%\" alt=\"La invasin rusa de Ucrania ha eclipsado el primer viaje del papa a Malta\"><figcaption> La invasi\u00f3n rusa de Ucrania ha eclipsado el primer viaje del papa a Malta <\/figcaption><\/figure>\n<p>El papa Francisco rez\u00f3 este domingo por <strong>el fin de la &#8220;guerra sacr\u00edlega&#8221; en Ucrania<\/strong> y para que el mundo muestre compasi\u00f3n y solidaridad con los refugiados, al t\u00e9rmino de una visita de dos d\u00edas a Malta marcada por sus preocupaciones por la devastaci\u00f3n en suelo ucraniano.<\/p>\n<p>Aunque corto, el viaje a la isla de la parte central del mar Mediterr\u00e1neo fue particularmente agotador para el Papa de 85 a\u00f1os, quien sufre de dolores en la rodilla derecha por un problema de ligamentos.<\/p>\n<p>Varias veces mostr\u00f3 este domingo dificultad para levantarse de su silla, y su renguera por ci\u00e1tica era por momentos tan pronunciada que ten\u00eda que tomarse del brazo de un asistente para poder avanzar caminando.<\/p>\n<p><strong>Francisco comenz\u00f3 su \u00faltimo d\u00eda en Malta con una visita a la gruta donde, seg\u00fan la tradici\u00f3n, vivi\u00f3 San Pablo<\/strong>, uno de los 12 ap\u00f3stoles o compa\u00f1eros de Jes\u00fas, tras naufragar en Malta en el a\u00f1o 60.<\/p>\n<blockquote class=\"twitter-tweet\" readability=\"7.4858757062147\">\n<p lang=\"es\" dir=\"ltr\">El Papa (<a href=\"https:\/\/twitter.com\/Pontifex_es?ref_src=twsrc%5Etfw\">@Pontifex_es<\/a>) visit\u00f3 la gruta donde vivi\u00f3 San Pablo tras naufragar en Malta y record\u00f3 la acogida que recibi\u00f3 entonces el ap\u00f3stol, como ejemplo para mejorar el trato a los migrantes que ahora llegan a la isla mediterr\u00e1nea<\/p>\n<p>\ud83d\udcf9 <a href=\"https:\/\/twitter.com\/vaticannews_es?ref_src=twsrc%5Etfw\">@vaticannews_es<\/a> <a href=\"https:\/\/t.co\/KU47fO9PSa\">https:\/\/t.co\/KU47fO9PSa<\/a> <a href=\"https:\/\/t.co\/42a6XnSgHa\">pic.twitter.com\/42a6XnSgHa<\/a><\/p>\n<p>\u2014 Agencia T\u00e9lam (@AgenciaTelam) <a href=\"https:\/\/twitter.com\/AgenciaTelam\/status\/1510580063946907651?ref_src=twsrc%5Etfw\">April 3, 2022<\/a><\/p><\/blockquote>\n<p>De acuerdo al relato b\u00edblico del episodio, los malteses lo acogieron con generosidad, y el Ap\u00f3stol respondi\u00f3 predicando y sanando enfermos y cristianizando a los isle\u00f1os.<\/p>\n<p>Desde el comienzo mismo de su visita, el s\u00e1bado, <strong>Francisco urgi\u00f3 varias veces a Europa a mostrar la misma solidaridad con los migrantes y refugiados que la mostrada por Malta con San Pablo.<\/strong><\/p>\n<p>El pont\u00edfice, que ha abogado cientos de veces por los refugiados durante su papado, iniciado en 2013, ampli\u00f3 el mensaje en esta ocasi\u00f3n para agradecer a los pa\u00edses europeos que acogieron a refugiados ucranianos tras la invasi\u00f3n rusa a Ucrania.<\/p>\n<p>&#8220;Nadie conoc\u00eda sus nombres, su lugar de nacimiento ni si condici\u00f3n social; sab\u00edan solo una cosa: que esas eran personas que necesitaban ayuda&#8221;, dijo Francisco al visitar la gruta en la localidad de Rabat.<\/p>\n<figure class=\"mb-3\"><img loading=\"lazy\" src=\"http:\/\/cordobadirecto.com\/wp-content\/uploads\/2022\/04\/francisco-pidio-el-fin-de-la-guerra-sacrilega-y-renovo-el-llamado-por-los-migrantes-1.jpg\" width=\"100%\" height=\"100%\" alt=\"El Papa visit la gruta donde vivi San Pablo tras naufragar en Malta Foto Vaticanca\"><figcaption> El Papa visit\u00f3 la gruta donde vivi\u00f3 San Pablo tras naufragar en Malta. Foto: Vatican.ca <\/figcaption><\/figure>\n<p>&#8220;Ay\u00fadanos a reconocer de lejos a aquellos que necesitan ayuda, luchando entre las olas de mar, arrojados contra arrecifes de costas desconocidas&#8221;, agreg\u00f3, inform\u00f3 la agencia de noticias Europa Press.<\/p>\n<p><strong>La invasi\u00f3n rusa de Ucrania ha eclipsado el primer viaje del papa a Malta, <\/strong>un pa\u00eds de mayor\u00eda cat\u00f3lica, y que hab\u00eda sido retrasado dos a\u00f1os por el coronavirus.<\/p>\n<p>Malta, de unos 500.000 habitantes, est\u00e1 en la primera l\u00ednea de la ruta desde el norte de \u00c1frica hacia Europa, y miles de personas que se arriesgan a cruzar en embarcaciones atestadas terminan aqu\u00ed.<\/p>\n<p>Pero varias organizaciones acusan al peque\u00f1o pa\u00eds miembro de la Uni\u00f3n Europea (UE) de no ayudar a las personas que llegan a sus aguas, y el papa record\u00f3 ayer al archipi\u00e9lago su condici\u00f3n de &#8220;puerto seguro&#8221;.<\/p>\n<figure class=\"mb-3\"><img loading=\"lazy\" src=\"http:\/\/cordobadirecto.com\/wp-content\/uploads\/2022\/04\/francisco-pidio-el-fin-de-la-guerra-sacrilega-y-renovo-el-llamado-por-los-migrantes-2.jpg\" width=\"100%\" height=\"100%\" alt=\"Segn la tradicin cristiana Pablo naufrag en Malta en el ao 60 mientras se diriga a Roma Foto Vaticanca\"><figcaption> Seg\u00fan la tradici\u00f3n cristiana, Pablo naufrag\u00f3 en Malta en el a\u00f1o 60 mientras se dirig\u00eda a Roma. Foto: Vatican.ca <\/figcaption><\/figure>\n<p>Tras la visita a la gruta, <strong>el Papa se dirigi\u00f3 a Floriana, cerca de la capital, La Valeta, donde celebr\u00f3 una misa para unas 20.000 personas en la que volvi\u00f3 a pedir el fin de la guerra en Ucrania.<\/strong><\/p>\n<p>&#8220;Pensando en la tragedia humanitaria de la atormentada Ucrania, todav\u00eda bajo el bombardeo de esta sacr\u00edlega guerra, no nos cansemos de rezar y ayudar a los que sufren&#8221;, dijo en la homil\u00eda.<\/p>\n<p>Francisco conden\u00f3 el s\u00e1bado la invasi\u00f3n de Ucrania y habl\u00f3 de &#8220;alg\u00fan poderoso, tristemente encerrado en las anacr\u00f3nicas pretensiones de intereses nacionalistas, que provoca y fomenta conflictos&#8221;, en lo que pareci\u00f3 una alusi\u00f3n al presidente ruso Vladimir Putin.<\/p>\n<figure class=\"mb-3\"><img loading=\"lazy\" src=\"http:\/\/cordobadirecto.com\/wp-content\/uploads\/2022\/04\/francisco-pidio-el-fin-de-la-guerra-sacrilega-y-renovo-el-llamado-por-los-migrantes-3.jpg\" width=\"100%\" height=\"100%\" alt=\"Francisco celebr una misa para unas 20000 personas en la que volvi a pedir el fin de la guerra en Ucrania Foto AFP\"><figcaption> Francisco celebr\u00f3 una misa para unas 20.000 personas en la que volvi\u00f3 a pedir el fin de la guerra en Ucrania. Foto: AFP <\/figcaption><\/figure>\n<p>Preguntado por un periodista sobre un posible viaje a Kiev, <strong>dijo que una visita a la capital de Ucrania estaba &#8220;sobre la mesa&#8221;.<\/strong><\/p>\n<p>La guerra ha provocado la peor crisis de refugiados en Europa desde la Segunda Guerra Mundial.<\/p>\n<p>Una cuesti\u00f3n que Francisco ha tratado en numerosas ocasiones desde su llegada al papado hace nueve a\u00f1os, insistiendo en la necesidad de acoger a quienes huyen de la guerra, la pobreza o los efectos del cambio clim\u00e1tico. <\/p>\n","protected":false},"excerpt":{"rendered":"<p>La invasi\u00f3n rusa de Ucrania ha eclipsado el primer viaje del papa a Malta El papa Francisco rez\u00f3 este domingo por el fin de la &#8220;guerra sacr\u00edlega&#8221; en Ucrania y para que el mundo muestre compasi\u00f3n y solidaridad con los refugiados, al t\u00e9rmino de una visita de dos d\u00edas a Malta marcada por sus preocupaciones [&hellip;]<\/p>\n","protected":false},"author":1,"featured_media":52295,"comment_status":"closed","ping_status":"closed","sticky":false,"template":"","format":"standard","meta":[],"categories":[24],"tags":[],"_links":{"self":[{"href":"http:\/\/cordobadirecto.com\/index.php\/wp-json\/wp\/v2\/posts\/52294"}],"collection":[{"href":"http:\/\/cordobadirecto.com\/index.php\/wp-json\/wp\/v2\/posts"}],"about":[{"href":"http:\/\/cordobadirecto.com\/index.php\/wp-json\/wp\/v2\/types\/post"}],"author":[{"embeddable":true,"href":"http:\/\/cordobadirecto.com\/index.php\/wp-json\/wp\/v2\/users\/1"}],"replies":[{"embeddable":true,"href":"http:\/\/cordobadirecto.com\/index.php\/wp-json\/wp\/v2\/comments?post=52294"}],"version-history":[{"count":0,"href":"http:\/\/cordobadirecto.com\/index.php\/wp-json\/wp\/v2\/posts\/52294\/revisions"}],"wp:featuredmedia":[{"embeddable":true,"href":"http:\/\/cordobadirecto.com\/index.php\/wp-json\/wp\/v2\/media\/52295"}],"wp:attachment":[{"href":"http:\/\/cordobadirecto.com\/index.php\/wp-json\/wp\/v2\/media?parent=52294"}],"wp:term":[{"taxonomy":"category","embeddable":true,"href":"http:\/\/cordobadirecto.com\/index.php\/wp-json\/wp\/v2\/categories?post=52294"},{"taxonomy":"post_tag","embeddable":true,"href":"http:\/\/cordobadirecto.com\/index.php\/wp-json\/wp\/v2\/tags?post=52294"}],"curies":[{"name":"wp","href":"https:\/\/api.w.org\/{rel}","templated":true}]}}