{"id":52296,"date":"2022-04-03T14:10:23","date_gmt":"2022-04-03T14:10:23","guid":{"rendered":"https:\/\/www.checkinmag.com\/?p=2632"},"modified":"2022-04-03T14:10:23","modified_gmt":"2022-04-03T14:10:23","slug":"air-europa-recupera-su-vuelo-diario-a-buenos-aires","status":"publish","type":"post","link":"http:\/\/cordobadirecto.com\/index.php\/2022\/04\/03\/air-europa-recupera-su-vuelo-diario-a-buenos-aires\/","title":{"rendered":"Air Europa recupera su vuelo diario a Buenos Aires"},"content":{"rendered":"<div><img src=\"http:\/\/cordobadirecto.com\/wp-content\/uploads\/2022\/04\/air-europa-recupera-su-vuelo-diario-a-buenos-aires.png\" class=\"ff-og-image-inserted\"><\/div>\n<ul>\n<li>Vuelve al nivel de operativa que ten\u00eda antes de la pandemia y cubre la ruta con los&nbsp;&nbsp;Boeing 787-9 Dreamliner, su flota m\u00e1s moderna y eficiente con capacidad para 339 pasajeros&nbsp;<\/li>\n<\/ul>\n<p>Air Europa en su objetivo de recuperar rutas y frecuencias, desde el criterio de disciplina de capacidad que la aerol\u00ednea est\u00e1 aplicando en su plan de transformaci\u00f3n, ha recuperado su operativa prepandemia en su ruta a Buenos Aires al volver a operar un vuelo diario.&nbsp;<\/p>\n<p>A bordo de su flota m\u00e1s moderna y eficiente, los Boeing 787-9 Dreamliner, Air Europa suma desde esta \u00faltima semana de marzo una nueva frecuencia, en concreto los mi\u00e9rcoles, al Aeropuerto Adolfo Su\u00e1rez Madrid Barajas, enlazando as\u00ed las capitales argentina y espa\u00f1ola todos los d\u00edas de la semana. El horario de llegada a Madrid asegura a los pasajeros una perfecta y r\u00e1pida conexi\u00f3n con los m\u00e1s de 40 destinos nacionales y europeos donde opera la aerol\u00ednea.&nbsp;&nbsp;<\/p>\n<p>La recuperaci\u00f3n de los niveles de capacidad prepandemia obedece tanto al plan de crecimiento previsto por la compa\u00f1\u00eda, como al buen comportamiento que ha presentado la ruta y que ha permitido arrojar una media muy satisfactoria de ocupaci\u00f3n, alcanzando picos del 90%.<\/p>\n<p>La ruta a Buenos Aires es operada con los aviones Boeing 787-9 Dreamliner que, con capacidad para 339 pasajeros, presentan un excepcional rendimiento medioambiental al reducir en un 20% las emisiones y el consumo de combustible. Adem\u00e1s, la flota Dreamliner cuenta con la nueva clase Business, que responde a la configuraci\u00f3n 1-2-1, con la mayor privacidad y confort que ello supone, y con acceso directo de todos los pasajeros al pasillo.<\/p>\n<p>La decidida apuesta que la aerol\u00ednea mantiene por el mercado argentino se completa, desde el pasado mes de febrero, con el reinicio de su operativa a la ciudad de C\u00f3rdoba con cuatro frecuencias semanales y con la previsi\u00f3n de aumentar hasta seis vuelos a la semana a lo largo de 2022, recuperando tambi\u00e9n en ese momento la operativa que se ten\u00eda antes de la pandemia.&nbsp;<\/p>\n<p><a href=\"http:\/\/www.air-europa.com\" data-type=\"URL\" data-id=\"www.air-europa.com\">www.air-europa.com<\/a><\/p>\n","protected":false},"excerpt":{"rendered":"<p>Vuelve al nivel de operativa que ten\u00eda antes de la pandemia y cubre la ruta con los&nbsp;&nbsp;Boeing 787-9 Dreamliner, su flota m\u00e1s moderna y eficiente con capacidad para 339 pasajeros&nbsp; Air Europa en su objetivo de recuperar rutas y frecuencias, desde el criterio de disciplina de capacidad que la aerol\u00ednea est\u00e1 aplicando en su plan [&hellip;]<\/p>\n","protected":false},"author":1,"featured_media":52297,"comment_status":"closed","ping_status":"closed","sticky":false,"template":"","format":"standard","meta":[],"categories":[22],"tags":[],"_links":{"self":[{"href":"http:\/\/cordobadirecto.com\/index.php\/wp-json\/wp\/v2\/posts\/52296"}],"collection":[{"href":"http:\/\/cordobadirecto.com\/index.php\/wp-json\/wp\/v2\/posts"}],"about":[{"href":"http:\/\/cordobadirecto.com\/index.php\/wp-json\/wp\/v2\/types\/post"}],"author":[{"embeddable":true,"href":"http:\/\/cordobadirecto.com\/index.php\/wp-json\/wp\/v2\/users\/1"}],"replies":[{"embeddable":true,"href":"http:\/\/cordobadirecto.com\/index.php\/wp-json\/wp\/v2\/comments?post=52296"}],"version-history":[{"count":0,"href":"http:\/\/cordobadirecto.com\/index.php\/wp-json\/wp\/v2\/posts\/52296\/revisions"}],"wp:featuredmedia":[{"embeddable":true,"href":"http:\/\/cordobadirecto.com\/index.php\/wp-json\/wp\/v2\/media\/52297"}],"wp:attachment":[{"href":"http:\/\/cordobadirecto.com\/index.php\/wp-json\/wp\/v2\/media?parent=52296"}],"wp:term":[{"taxonomy":"category","embeddable":true,"href":"http:\/\/cordobadirecto.com\/index.php\/wp-json\/wp\/v2\/categories?post=52296"},{"taxonomy":"post_tag","embeddable":true,"href":"http:\/\/cordobadirecto.com\/index.php\/wp-json\/wp\/v2\/tags?post=52296"}],"curies":[{"name":"wp","href":"https:\/\/api.w.org\/{rel}","templated":true}]}}