{"id":5239,"date":"2021-04-24T00:07:46","date_gmt":"2021-04-24T00:07:46","guid":{"rendered":"https:\/\/puntoapunto.com.ar\/?p=276577"},"modified":"2021-04-24T00:07:46","modified_gmt":"2021-04-24T00:07:46","slug":"que-marca-el-indice-de-actividad-del-mercado-inmobiliario-rural","status":"publish","type":"post","link":"http:\/\/cordobadirecto.com\/index.php\/2021\/04\/24\/que-marca-el-indice-de-actividad-del-mercado-inmobiliario-rural\/","title":{"rendered":"Qu\u00e9 marca el \u00edndice de actividad del mercado inmobiliario rural"},"content":{"rendered":"<p><!-- image --><\/p>\n<div class=\"td-post-featured-image\"><a href=\"http:\/\/cordobadirecto.com\/wp-content\/uploads\/2021\/04\/que-marca-el-indice-de-actividad-del-mercado-inmobiliario-rural.jpg\" data-caption><img loading=\"lazy\" width=\"672\" height=\"372\" class=\"entry-thumb td-modal-image\" src=\"http:\/\/cordobadirecto.com\/wp-content\/uploads\/2021\/04\/que-marca-el-indice-de-actividad-del-mercado-inmobiliario-rural.jpg\" srcset=\"http:\/\/cordobadirecto.com\/wp-content\/uploads\/2021\/04\/que-marca-el-indice-de-actividad-del-mercado-inmobiliario-rural.jpg 672w, http:\/\/cordobadirecto.com\/wp-content\/uploads\/2021\/04\/que-marca-el-indice-de-actividad-del-mercado-inmobiliario-rural-1.jpg 300w\" sizes=\"(max-width: 672px) 100vw, 672px\" alt title=\"campo\"><\/a><\/div>\n<p> <!-- content --><\/p>\n<div class=\"td-a-rec td-a-rec-id-content_top tdi_66_711 td_block_template_10\">\n<div class=\"g g-34\">\n<div class=\"g-single a-299\"><a class=\"gofollow\" data-track=\"Mjk5LDM0LDEsNjA=\" href=\"http:\/\/www.grupocanter.com.ar\/landing\/blanqueo\/pap\/?utm_source=Punto%20a%20Punto&amp;utm_medium=Banners&amp;utm_campaign=Blanqueo&amp;utm_term=950x187\"><img src=\"http:\/\/cordobadirecto.com\/wp-content\/uploads\/2021\/04\/que-marca-el-indice-de-actividad-del-mercado-inmobiliario-rural.gif\"><\/a><\/div>\n<\/div>\n<\/div>\n<p align=\"center\"><b>La C\u00e1mara Argentina de Inmobiliarias Rurales (<a href=\"https:\/\/caircampos.org\/\">CAIR<\/a>)<\/b>&nbsp;public\u00f3 el \u00cdndice de Actividad del Mercado Inmobiliario Rural&nbsp;<b>(InCAIR<\/b>), que refleja la actividad del mercado inmobiliario del campo en todo el pa\u00eds.&nbsp;<b><span class=\"highlight\">En marzo, hubo un incremento del 11% respecto a febrero.<\/span><\/b><\/p>\n<p>As\u00ed, marzo marc\u00f3 38,15 puntos, representando una suba del 11,2% en relaci\u00f3n a febrero cuando el InCAIR registr\u00f3 3<a href=\"https:\/\/puntoapunto.com.ar\/tag\/4\/\" class=\"st_tag internal_tag\" rel=\"tag\" title=\"Posts tagged with 4\">4<\/a>,31 puntos.<b> La \u00faltima medici\u00f3n es similar a la de enero de este a\u00f1o.<\/b><\/p>\n<p>Seg\u00fan sostiene el <a href=\"https:\/\/caircampos.org\/wp-content\/uploads\/2021\/04\/INCAIR_MAR21.pdf\">informe<\/a>, que se realiza cada mes,&nbsp;<b>se mantuvo estable el <a href=\"https:\/\/puntoapunto.com.ar\/tag\/nivel\/\" class=\"st_tag internal_tag\" rel=\"tag\" title=\"Posts tagged with nivel\">nivel<\/a> de recorridas a campos y de consultas. <\/b>Una situaci\u00f3n que podr\u00eda desacelerarse en abril como consecuencia de la segunda ola de Covid.<\/p>\n<p>Tambi\u00e9n,&nbsp;<b>fue sostenida la oferta de <a href=\"https:\/\/puntoapunto.com.ar\/del-campo-a-las-gondolas-la-brecha-de-precios-se-redujo-por-segundo-mes-consecutivo\/\">campos<\/a> para la venta<\/b>, que sigue <b>acumulando&nbsp;stock<\/b>, aunque hay&nbsp;<b>mayor <a href=\"https:\/\/puntoapunto.com.ar\/tag\/movimiento\/\" class=\"st_tag internal_tag\" rel=\"tag\" title=\"Posts tagged with movimiento\">movimiento<\/a> en los alquileres<\/b>.<\/p>\n<p>\u201c<b>La firmeza en la cotizaci\u00f3n de granos y la carne continuaron sosteniendo el inter\u00e9s en la actividad agropecuaria,<\/b> traducida en una<b> alta demanda para arrendamientos,<\/b> que se negocian con alg\u00fan incremento respecto a la campa\u00f1a anterior\u201d, resalt\u00f3 el comunicado difundido hoy.<\/p>\n<p>Como contrapartida,<b><span class=\"highlight\">&nbsp;el escenario pol\u00edtico-econ\u00f3mico signado por la incertidumbre y escasa previsibilidad en <a href=\"https:\/\/puntoapunto.com.ar\/tag\/medio\/\" class=\"st_tag internal_tag\" rel=\"tag\" title=\"Posts tagged with medio\">medio<\/a> de la pandemia, contin\u00faa afectando el potencial de la recuperaci\u00f3n y equilibrio del mercado inmobiliario rural de compra-venta.<\/span><\/b><\/p>\n<p>En cu\u00e1ntos a los valores, la zona n\u00facleo registr\u00f3 una <b>baja de los precios&nbsp; de entre el 15% y el 20% en d\u00f3lares durante la cuarentena en 2020, <\/b>mientras que, en las regiones intermedias, ese valor ascendi\u00f3 a mermas de<strong> hasta el 30% en divisa estadounidense.<\/strong><\/p>\n<p>Al igual que el mercado de bienes ra\u00edces para vivienda,&nbsp;<b>hoy, el sector rural se ve con r\u00e9cord de&nbsp;stock.<\/b>&nbsp;Por una cuesti\u00f3n de estacionalidad, la situaci\u00f3n no se revirti\u00f3 en los meses de verano. Pero empez\u00f3 a mostrar ligeros signos de recuperaci\u00f3n.<\/p>\n<p>No tags for this post. <!-- A generated by theme --> <!-- end A --> <\/p>\n","protected":false},"excerpt":{"rendered":"<p>La C\u00e1mara Argentina de Inmobiliarias Rurales (CAIR)&nbsp;public\u00f3 el \u00cdndice de Actividad del Mercado Inmobiliario Rural&nbsp;(InCAIR), que refleja la actividad del mercado inmobiliario del campo en todo el pa\u00eds.&nbsp;En marzo, hubo un incremento del 11% respecto a febrero. As\u00ed, marzo marc\u00f3 38,15 puntos, representando una suba del 11,2% en relaci\u00f3n a febrero cuando el InCAIR registr\u00f3 [&hellip;]<\/p>\n","protected":false},"author":1,"featured_media":5240,"comment_status":"closed","ping_status":"closed","sticky":false,"template":"","format":"standard","meta":[],"categories":[25],"tags":[],"_links":{"self":[{"href":"http:\/\/cordobadirecto.com\/index.php\/wp-json\/wp\/v2\/posts\/5239"}],"collection":[{"href":"http:\/\/cordobadirecto.com\/index.php\/wp-json\/wp\/v2\/posts"}],"about":[{"href":"http:\/\/cordobadirecto.com\/index.php\/wp-json\/wp\/v2\/types\/post"}],"author":[{"embeddable":true,"href":"http:\/\/cordobadirecto.com\/index.php\/wp-json\/wp\/v2\/users\/1"}],"replies":[{"embeddable":true,"href":"http:\/\/cordobadirecto.com\/index.php\/wp-json\/wp\/v2\/comments?post=5239"}],"version-history":[{"count":0,"href":"http:\/\/cordobadirecto.com\/index.php\/wp-json\/wp\/v2\/posts\/5239\/revisions"}],"wp:featuredmedia":[{"embeddable":true,"href":"http:\/\/cordobadirecto.com\/index.php\/wp-json\/wp\/v2\/media\/5240"}],"wp:attachment":[{"href":"http:\/\/cordobadirecto.com\/index.php\/wp-json\/wp\/v2\/media?parent=5239"}],"wp:term":[{"taxonomy":"category","embeddable":true,"href":"http:\/\/cordobadirecto.com\/index.php\/wp-json\/wp\/v2\/categories?post=5239"},{"taxonomy":"post_tag","embeddable":true,"href":"http:\/\/cordobadirecto.com\/index.php\/wp-json\/wp\/v2\/tags?post=5239"}],"curies":[{"name":"wp","href":"https:\/\/api.w.org\/{rel}","templated":true}]}}