{"id":52402,"date":"2022-04-03T21:52:15","date_gmt":"2022-04-03T21:52:15","guid":{"rendered":"http:\/\/cordobadirecto.com\/index.php\/2022\/04\/03\/no-te-va-gustar-suma-mas-ciudades-argentinas-a-su-gira-mundial\/"},"modified":"2022-04-03T21:52:15","modified_gmt":"2022-04-03T21:52:15","slug":"no-te-va-gustar-suma-mas-ciudades-argentinas-a-su-gira-mundial","status":"publish","type":"post","link":"http:\/\/cordobadirecto.com\/index.php\/2022\/04\/03\/no-te-va-gustar-suma-mas-ciudades-argentinas-a-su-gira-mundial\/","title":{"rendered":"No Te Va Gustar suma m\u00e1s ciudades argentinas a su gira mundial"},"content":{"rendered":"<figure class=\"mb-3\"><img loading=\"lazy\" src=\"http:\/\/cordobadirecto.com\/wp-content\/uploads\/2022\/04\/no-te-va-gustar-suma-mas-ciudades-argentinas-a-su-gira-mundial.jpg\" width=\"100%\" height=\"100%\" alt=\"No te va a gustar nuevas propuestasque llegarn a Espaa y Alemania\"><figcaption> &#8220;No te va a gustar&#8221;, nuevas propuestas.que llegar\u00e1n a Espa\u00f1a y Alemania. <\/figcaption><\/figure>\n<p>La banda uruguaya <strong>No Te Va Gustar<\/strong> sum\u00f3 diez nuevas fechas en junio y julio al tramo argentino de su gira mundial por la presentaci\u00f3n de su \u00faltimo disco<strong> &#8220;Luz&#8221;<\/strong>, que abarcar\u00e1 otros once shows en nuestro pa\u00eds y un paso por Chile, M\u00e9xico, Espa\u00f1a y Alemania.<\/p>\n<p>El grupo liderado por <strong>Emiliano Brancciari<\/strong> mostrar\u00e1 su placa nominada a mejor \u00e1lbum de rock latino en los Latin Grammy <strong>el 23 de junio en Jun\u00edn, al d\u00eda siguiente har\u00e1 lo propio en R\u00edo Cuarto, el 25 ser\u00e1 el turno de la ciudad de C\u00f3rdoba y el 30 recalar\u00e1 en Jujuy.<\/strong><\/p>\n<p>El recorrido continuar\u00e1 el <strong>1 de julio en Salta, al d\u00eda siguiente llegar\u00e1 a Tucum\u00e1n, el 7 har\u00e1 escala en Posadas, el 8 pasar\u00e1 por Corrientes, el 9 seguir\u00e1 por Santa Fe y el 10 arribar\u00e1 a Marcos Ju\u00e1rez<\/strong>.<\/p>\n<p>El primer tramo del tour comprender\u00e1 dos shows en <strong>Rosario el 6 y 7 de abril, y continuar\u00e1 el 8 por San Luis, el 9 por Mendoza, el 10 por San Juan, el 12 por Santa Rosa, La Pampa; el 14 por Bah\u00eda Blanca; el 15 por la rionegrina Cipolletti; y el 20 y 21 por Chubut, en Trelew y Comodoro Rivadavia, respectivamente.<\/strong><\/p>\n<p>La primera parte en nuestro pa\u00eds concluir\u00e1 el <strong>23 de abril en Mar del Plata y el 24 en Tandi<\/strong>l.<\/p>\n<p>La gira internacional comenz\u00f3 anoche en la Plaza de Toros de Colonia, Uruguay; en mayo llegar\u00e1 a Chile y contar\u00e1 con fechas en M\u00e9xico, en las ciudades de Guadalajara, Monterrey, Quer\u00e9taro y el Distrito Federal; y en agosto cruzar\u00e1 el oc\u00e9ano para recalar en Alemania y Espa\u00f1a.<\/p>\n<p>No Te Va Gustar acaba de estrenar en su canal oficial de YouTube un video con varios pasajes del show ofrecido el pasado 18 de diciembre en el Estadio \u00danico de La Plata. <\/p>\n","protected":false},"excerpt":{"rendered":"<p>&#8220;No te va a gustar&#8221;, nuevas propuestas.que llegar\u00e1n a Espa\u00f1a y Alemania. La banda uruguaya No Te Va Gustar sum\u00f3 diez nuevas fechas en junio y julio al tramo argentino de su gira mundial por la presentaci\u00f3n de su \u00faltimo disco &#8220;Luz&#8221;, que abarcar\u00e1 otros once shows en nuestro pa\u00eds y un paso por Chile, [&hellip;]<\/p>\n","protected":false},"author":1,"featured_media":52403,"comment_status":"closed","ping_status":"closed","sticky":false,"template":"","format":"standard","meta":[],"categories":[20],"tags":[],"_links":{"self":[{"href":"http:\/\/cordobadirecto.com\/index.php\/wp-json\/wp\/v2\/posts\/52402"}],"collection":[{"href":"http:\/\/cordobadirecto.com\/index.php\/wp-json\/wp\/v2\/posts"}],"about":[{"href":"http:\/\/cordobadirecto.com\/index.php\/wp-json\/wp\/v2\/types\/post"}],"author":[{"embeddable":true,"href":"http:\/\/cordobadirecto.com\/index.php\/wp-json\/wp\/v2\/users\/1"}],"replies":[{"embeddable":true,"href":"http:\/\/cordobadirecto.com\/index.php\/wp-json\/wp\/v2\/comments?post=52402"}],"version-history":[{"count":0,"href":"http:\/\/cordobadirecto.com\/index.php\/wp-json\/wp\/v2\/posts\/52402\/revisions"}],"wp:featuredmedia":[{"embeddable":true,"href":"http:\/\/cordobadirecto.com\/index.php\/wp-json\/wp\/v2\/media\/52403"}],"wp:attachment":[{"href":"http:\/\/cordobadirecto.com\/index.php\/wp-json\/wp\/v2\/media?parent=52402"}],"wp:term":[{"taxonomy":"category","embeddable":true,"href":"http:\/\/cordobadirecto.com\/index.php\/wp-json\/wp\/v2\/categories?post=52402"},{"taxonomy":"post_tag","embeddable":true,"href":"http:\/\/cordobadirecto.com\/index.php\/wp-json\/wp\/v2\/tags?post=52402"}],"curies":[{"name":"wp","href":"https:\/\/api.w.org\/{rel}","templated":true}]}}