{"id":52408,"date":"2022-04-03T21:52:23","date_gmt":"2022-04-03T21:52:23","guid":{"rendered":"https:\/\/www.ole.com.ar\/futbol-ascenso\/chacarita-almagro_0_VwklvgDZgY.html"},"modified":"2022-04-03T21:52:23","modified_gmt":"2022-04-03T21:52:23","slug":"chacarita-no-detiene-su-levantada","status":"publish","type":"post","link":"http:\/\/cordobadirecto.com\/index.php\/2022\/04\/03\/chacarita-no-detiene-su-levantada\/","title":{"rendered":"Chacarita no detiene su levantada"},"content":{"rendered":"<div><img src=\"http:\/\/cordobadirecto.com\/wp-content\/uploads\/2022\/04\/chacarita-no-detiene-su-levantada.jpg\" class=\"ff-og-image-inserted\"><\/div>\n<p>\u00bfD\u00f3nde estabas, Chacarita? \u00bfD\u00f3nde estuviste todos estos a\u00f1os en los que navegaste por las aguas profundas? \u00bfD\u00f3nde estaba este equipo que sabe a lo que juega? \u00bfD\u00f3nde estaban estos jugadores a los que no les pesa tu camiseta? \u00bfD\u00f3nde estaba este Ricardo Blanco, el alma y el l\u00edder futbol\u00edstico de un plantel que invita a ilusionarse a sus hinchas si logra mantener este nivel? Habr\u00e1 que preguntarle a Pablo Centrone, el entrenador que a los 64 a\u00f1os dej\u00f3 la comodidad del Santa Luc\u00eda de Guatemala para meterse otra vez en el barro del Ascenso argentino. \u00c9l, despu\u00e9s de las primeras dos derrotas que cosech\u00f3 (0-2 ante Deportivo Madryn y Estudiantes RC), logr\u00f3 redimirse y le dio vida a un conjunto que la necesitaba: 3-1 a Almagro para alcanzar la segunda victoria al hilo y escalar en la tabla.<\/p>\n<h2><strong>El festejo de los jugadores de Chaca<\/strong><\/h2>\n<p>Este giro en la historia no pudo haber sido sin la ayuda del 10, el futbolista m\u00e1s determinante. \u00c9l con la pelota a sus pies hizo que el Funebrero se transformara en un equipo r\u00e1pido, punzante y decidido. Lo demostr\u00f3 en la goleada 5-0 a Alvarado, cuando dio dos asistencia y convirti\u00f3 un gol. Y lo repiti\u00f3 ayer en Jos\u00e9 Ingenieros. Porque, pese al buen comienzo del local, el volante ofensivo de 31 a\u00f1os nunca se puso nervioso, una virtud que logr\u00f3 llevarles a sus compa\u00f1eros.<\/p>\n<p>Almagro se puso r\u00e1pidamente en ventaja a partir de la pegada de Enzo Fern\u00e1ndez. Sin embargo, el 1-0 fue un espejismo en medio del encuentro. Poco despu\u00e9s, Blanco sac\u00f3 un remate esquinado para poner la igualdad. Y el momento del quiebre lleg\u00f3 a los 26\u2019, cuando Dante Cardozo baj\u00f3 a Hern\u00e1n Fredes, otro punto alto de la visita, y el \u00e1rbitro Sebasti\u00e1n Zunino le sac\u00f3 la segunda tarjeta amarilla al defensor para que Almagro se quedara con diez.<\/p>\n<p>A partir de ah\u00ed, Chaca exprimi\u00f3 cada error que tuvo la defensa rival: Santiago Godoy aprovech\u00f3 el choque entre Marcelo Guzm\u00e1n y Cristian Aracena (luego se ir\u00eda lesionado) para dar vuelta el resultado y, antes del entretiempo, Conechny tropez\u00f3 y cay\u00f3, Blanco habilit\u00f3 al 11 y \u00e9ste tuvo una gran definici\u00f3n para cerrar el triunfazo en Ingenieros.<\/p>\n<p>En el complemento, el Funebrero sac\u00f3 el pie del acelerador y el Tricolor, con nuevo por otra tarjeta roja, fue, aunque sin \u00e9xito.<\/p>\n<h2><strong>Un equipo sin alma&#8230;<\/strong><\/h2>\n<p>Empez\u00f3 siendo uno de los mejores equipos en el campeonato, pero la regularidad no le dur\u00f3 mucho tiempo. Luego de tres victorias en las primeras cinco fechas, Almagro no volvi\u00f3 a ganar y la situaci\u00f3n preocupa a todos en Jos\u00e9 Ingenieros. Como si fuera poco, ya hubo un cambio de entrenador y el panorama ni siquiera mejor\u00f3 un poquito.<\/p>\n<p>Las derrotas contra San Mart\u00edn de Tucum\u00e1n y Defensores de Belgrano hicieron que la dirigencia tomara la postura de pedirle la salida a Walter Perazzo, t\u00e9cnico que ven\u00eda trabajando con el plantel profesional desde la temporada pasada. Y los popes sorprendieron con su reemplazante: Norberto Paparatto, ex jugador que colg\u00f3 los botines a fines del a\u00f1o pasado.<\/p>\n<p>Pese a sus cortos 38 a\u00f1os y no tener experiencia al frente de un equipo profesional, el ex defensor del Tricolor acept\u00f3 el desaf\u00edo. Sin embargo, el triunfo contin\u00faa sin aparecer. Para peor, hubo otras dos ca\u00eddas: ante Brown de Adrogu\u00e9 y la de ayer&#8230;<\/p>\n<p><opta-widget sport=\"football\" widget=\"timeline\" competition=\"627\" season=\"2022\" match=\"2274345\" template=\"normal\" live=\"true\" orientation=\"horizontal\" vertical_timebar_height=\"260\" show_match_header=\"true\" show_score=\"true\" show_crests=\"true\" show_assists=\"all\" show_team_formation=\"true\" show_clock=\"true\" show_period_dividers=\"true\" show_halftime_score=\"false\" show_date=\"true\" date_format=\"dddd D MMMM YYYY\" show_attendance=\"true\" show_images=\"true\" show_referee=\"true\" show_venue=\"true\" show_cards=\"all\" show_goals=\"true\" show_penalties_missed=\"true\" show_subs=\"false\" show_goals_combined=\"false\" show_shootouts=\"false\" show_competition_name=\"true\" competition_naming=\"full\" team_naming=\"full\" player_naming=\"full\" show_live=\"true\" show_logo=\"false\" show_title=\"true\" breakpoints=\"400, 700\"><\/opta-widget><opta-widget sport=\"football\" widget=\"matchstats\" competition=\"627\" season=\"2022\" match=\"2274345\" template=\"lineups\" live=\"true\" side=\"both\" column_count=\"1\" side_by_side=\"true\" show_match_header=\"true\" show_score=\"true\" show_halftime_score=\"false\" show_crests=\"false\" show_team_formation=\"true\" show_competition_name=\"true\" show_date=\"false\" date_format=\"dddd D MMMM YYYY\" order_by=\"position\" group_by_position=\"false\" show_position=\"true\" show_images=\"false\" show_key=\"false\" show_starters=\"true\" show_goalkeepers=\"true\" show_defenders=\"true\" show_midfielders=\"true\" show_forwards=\"true\" show_subs=\"true\" show_unused_subs=\"false\" show_managers=\"true\" show_captain=\"false\" show_match_events=\"true\" competition_naming=\"full\" team_naming=\"full\" player_naming=\"full\" show_live=\"false\" show_logo=\"false\" show_title=\"true\" breakpoints=\"400, 700\"><\/opta-widget><opta-widget widget=\"commentary\" competition=\"627\" season=\"2022\" match=\"2274345\" template=\"normal\" live=\"true\" data_type=\"auto\" order_by=\"time_descending\" show_event_icons=\"true\" show_minor_events=\"true\" fixed_height_comments=\"300\" show_live=\"true\" show_logo=\"false\" show_title=\"true\" breakpoints=\"400\" sport=\"football\"><\/opta-widget><opta-widget sport=\"football\" widget=\"heatmap\" competition=\"627\" season=\"2022\" match=\"2274345\" preselected_player template=\"normal\" live=\"true\" show_maps=\"all\" orientation=\"horizontal\" side=\"both\" dimension=\"2D\" one_direction=\"false\" show_match_header=\"true\" show_score=\"true\" show_halftime_score=\"false\" show_crests=\"false\" show_team_formation=\"true\" show_competition_name=\"true\" show_date=\"true\" date_format=\"dddd D MMMM YYYY\" show_team_sheets=\"true\" show_subs=\"true\" show_position=\"true\" show_timecontrols=\"true\" show_timecontrols_buttons=\"true\" show_timecontrols_bar=\"true\" show_tooltips=\"false\" competition_naming=\"full\" team_naming=\"full\" player_naming=\"full\" show_logo=\"false\" show_title=\"true\" breakpoints=\"400, 700\"><\/opta-widget><opta-widget widget=\"standings\" competition=\"627\" season=\"2022\" template=\"normal\" live=\"true\" default_nav=\"1\" side=\"combined\" data_detail=\"default\" show_key=\"true\" show_crests=\"true\" points_in_first_column=\"true\" lose_before_draw=\"false\" competition_naming=\"full\" team_naming=\"full\" date_format=\"dddd D MMMM YYYY\" sorting=\"false\" show_live=\"false\" show_relegation_average=\"true\" show_logo=\"true\" show_title=\"true\" breakpoints=\"382\" sport=\"football\"><\/opta-widget> <\/p>\n<div class=\"entry-tags\">\n<h2>TEMAS QUE APARECEN EN ESTA NOTA<\/h2>\n<\/p><\/div>\n","protected":false},"excerpt":{"rendered":"<p>\u00bfD\u00f3nde estabas, Chacarita? \u00bfD\u00f3nde estuviste todos estos a\u00f1os en los que navegaste por las aguas profundas? \u00bfD\u00f3nde estaba este equipo que sabe a lo que juega? \u00bfD\u00f3nde estaban estos jugadores a los que no les pesa tu camiseta? \u00bfD\u00f3nde estaba este Ricardo Blanco, el alma y el l\u00edder futbol\u00edstico de un plantel que invita a [&hellip;]<\/p>\n","protected":false},"author":1,"featured_media":52409,"comment_status":"closed","ping_status":"closed","sticky":false,"template":"","format":"standard","meta":[],"categories":[21],"tags":[],"_links":{"self":[{"href":"http:\/\/cordobadirecto.com\/index.php\/wp-json\/wp\/v2\/posts\/52408"}],"collection":[{"href":"http:\/\/cordobadirecto.com\/index.php\/wp-json\/wp\/v2\/posts"}],"about":[{"href":"http:\/\/cordobadirecto.com\/index.php\/wp-json\/wp\/v2\/types\/post"}],"author":[{"embeddable":true,"href":"http:\/\/cordobadirecto.com\/index.php\/wp-json\/wp\/v2\/users\/1"}],"replies":[{"embeddable":true,"href":"http:\/\/cordobadirecto.com\/index.php\/wp-json\/wp\/v2\/comments?post=52408"}],"version-history":[{"count":0,"href":"http:\/\/cordobadirecto.com\/index.php\/wp-json\/wp\/v2\/posts\/52408\/revisions"}],"wp:featuredmedia":[{"embeddable":true,"href":"http:\/\/cordobadirecto.com\/index.php\/wp-json\/wp\/v2\/media\/52409"}],"wp:attachment":[{"href":"http:\/\/cordobadirecto.com\/index.php\/wp-json\/wp\/v2\/media?parent=52408"}],"wp:term":[{"taxonomy":"category","embeddable":true,"href":"http:\/\/cordobadirecto.com\/index.php\/wp-json\/wp\/v2\/categories?post=52408"},{"taxonomy":"post_tag","embeddable":true,"href":"http:\/\/cordobadirecto.com\/index.php\/wp-json\/wp\/v2\/tags?post=52408"}],"curies":[{"name":"wp","href":"https:\/\/api.w.org\/{rel}","templated":true}]}}