{"id":52430,"date":"2022-04-01T12:12:55","date_gmt":"2022-04-01T12:12:55","guid":{"rendered":"https:\/\/cordoba.gob.ar\/?p=21620"},"modified":"2022-04-01T12:12:55","modified_gmt":"2022-04-01T12:12:55","slug":"la-ciudad-invita-a-disfrutar-numerosas-propuestas-para-el-primer-finde-de-abril","status":"publish","type":"post","link":"http:\/\/cordobadirecto.com\/index.php\/2022\/04\/01\/la-ciudad-invita-a-disfrutar-numerosas-propuestas-para-el-primer-finde-de-abril\/","title":{"rendered":"La ciudad invita a disfrutar numerosas propuestas para el primer \u201cfinde\u201d de abril"},"content":{"rendered":"<div><img src=\"http:\/\/cordobadirecto.com\/wp-content\/uploads\/2022\/04\/la-ciudad-invita-a-disfrutar-numerosas-propuestas-para-el-primer-finde-de-abril.jpg\" class=\"ff-og-image-inserted\"><\/div>\n<ul>\n<li><strong>&nbsp;A partir de hoy y hasta el domingo 3, la Municipalidad llevar\u00e1 a cabo actividades culturales, recreativas y conmemorativas.<\/strong><\/li>\n<li><strong>Las propuestas son gratuitas y abiertas a toda la comunidad.<\/strong><\/li>\n<\/ul>\n<hr>\n<p>La Municipalidad de C\u00f3rdoba invita a numerosas propuestas para entretenerse este \u201cfinde\u201d en la ciudad.<\/p>\n<p>Hoy viernes y ma\u00f1ana 2 de abril se llevar\u00e1n a cabo muestras fotogr\u00e1ficas, video mapping sobre la fachada del Cabildo, la tradicional vigilia y otras actividades familiares vinculadas al 40\u00b0 aniversario de la Guerra de Malvinas.<\/p>\n<p>En ese contexto, hoy viernes ser\u00e1 la presentaci\u00f3n de la reconocida cantante Patricia Sosa que realizar\u00e1 un show&nbsp; abierto al p\u00fablico, en la Plaza de la Intendencia \u2013 H\u00e9roes de Malvinas.<\/p>\n<p>Adem\u00e1s el d\u00eda 2 de abril, habr\u00e1 conciertos de Los Cuatro de C\u00f3rdoba, Silvia Lallana, Los Guaran\u00edes y la banda de la Polic\u00eda de la provincia de C\u00f3rdoba y dem\u00e1s actividades en conmemoraci\u00f3n del D\u00eda del Veterano y de los Ca\u00eddos en la Guerra de las Malvinas.<\/p>\n<p>Por otra parte, durante la jornada del domingo, la Secretar\u00eda de Gobierno municipal organiz\u00f3 un espect\u00e1culo con lo mejor del mundo fierrero, \u201cC\u00f3rdoba Drift 2022 Berta Experience\u201d.<\/p>\n<p>El evento tendr\u00e1 como atractivo principal un show automovil\u00edstico con impresionantes \u201cderrapes\u201d, junto a la exhibici\u00f3n de autos cl\u00e1sicos y deportivos \u00faltimos modelos. Adem\u00e1s, habr\u00e1 puestos gastron\u00f3micas con propuestas son gratuitas.<\/p>\n<p>Dicha actividad se realizar\u00e1 sobre las avenidas Concepci\u00f3n Arenal y Valpara\u00edso, donde el parque Sarmiento se une con Ciudad Universitaria.<\/p>\n<p>Asimismo, contin\u00faan las muestras temporales abiertas al p\u00fablico en diversos espacios culturales municipales como el Genaro P\u00e9rez, Casa de Pepino, Casona Municipal, el Espa\u00f1a C\u00f3rdoba; y otras exposiciones permanentes como en el Museo de la Industria, Museo de Arte Religioso Juan de Tejeda, el Museo Cripta Jesu\u00edtica y dem\u00e1s espacios pertenecientes al Municipio.<\/p>\n<p>La Agenda Cultural y Recreativa municipal, detalla las propuestas anteriormente mencionadas y muchas m\u00e1s, en el archivo que se adjunta <a href=\"https:\/\/cordoba.gob.ar\/wp-content\/uploads\/2022\/04\/AGENDA-CULTURAL-Y-RECREATIVA-1-2-y-3-de-abril.pdf\" target=\"_blank\" rel=\"noopener noreferrer\">aqu\u00ed<\/a><\/p>\n","protected":false},"excerpt":{"rendered":"<p>&nbsp;A partir de hoy y hasta el domingo 3, la Municipalidad llevar\u00e1 a cabo actividades culturales, recreativas y conmemorativas. Las propuestas son gratuitas y abiertas a toda la comunidad. La Municipalidad de C\u00f3rdoba invita a numerosas propuestas para entretenerse este \u201cfinde\u201d en la ciudad. Hoy viernes y ma\u00f1ana 2 de abril se llevar\u00e1n a cabo [&hellip;]<\/p>\n","protected":false},"author":1,"featured_media":52431,"comment_status":"closed","ping_status":"closed","sticky":false,"template":"","format":"standard","meta":[],"categories":[44],"tags":[],"_links":{"self":[{"href":"http:\/\/cordobadirecto.com\/index.php\/wp-json\/wp\/v2\/posts\/52430"}],"collection":[{"href":"http:\/\/cordobadirecto.com\/index.php\/wp-json\/wp\/v2\/posts"}],"about":[{"href":"http:\/\/cordobadirecto.com\/index.php\/wp-json\/wp\/v2\/types\/post"}],"author":[{"embeddable":true,"href":"http:\/\/cordobadirecto.com\/index.php\/wp-json\/wp\/v2\/users\/1"}],"replies":[{"embeddable":true,"href":"http:\/\/cordobadirecto.com\/index.php\/wp-json\/wp\/v2\/comments?post=52430"}],"version-history":[{"count":0,"href":"http:\/\/cordobadirecto.com\/index.php\/wp-json\/wp\/v2\/posts\/52430\/revisions"}],"wp:featuredmedia":[{"embeddable":true,"href":"http:\/\/cordobadirecto.com\/index.php\/wp-json\/wp\/v2\/media\/52431"}],"wp:attachment":[{"href":"http:\/\/cordobadirecto.com\/index.php\/wp-json\/wp\/v2\/media?parent=52430"}],"wp:term":[{"taxonomy":"category","embeddable":true,"href":"http:\/\/cordobadirecto.com\/index.php\/wp-json\/wp\/v2\/categories?post=52430"},{"taxonomy":"post_tag","embeddable":true,"href":"http:\/\/cordobadirecto.com\/index.php\/wp-json\/wp\/v2\/tags?post=52430"}],"curies":[{"name":"wp","href":"https:\/\/api.w.org\/{rel}","templated":true}]}}