{"id":52439,"date":"2022-04-01T23:45:10","date_gmt":"2022-04-01T23:45:10","guid":{"rendered":"https:\/\/es.digitaltrends.com\/?p=936201"},"modified":"2022-04-01T23:45:10","modified_gmt":"2022-04-01T23:45:10","slug":"will-smith-renuncia-a-la-academia-tras-cachetazo-a-chris-rock","status":"publish","type":"post","link":"http:\/\/cordobadirecto.com\/index.php\/2022\/04\/01\/will-smith-renuncia-a-la-academia-tras-cachetazo-a-chris-rock\/","title":{"rendered":"Will Smith renuncia a la Academia tras cachetazo a Chris Rock"},"content":{"rendered":"<p>Por medio de un comunicado, el&nbsp;<a href=\"https:\/\/es.digitaltrends.com\/entretenimiento\/will-smith-disculpa-chris-rock-oscar-2022\/\"><strong>actor Will Smith<\/strong><\/a> decidi\u00f3 renunciar este viernes 1 de abril a la Academia de Artes Cinematogr\u00e1ficas, luego del bochornoso episodio de la cachetada en los Premios Oscar a Chris Rock.<\/p>\n<p>\u201cHe respondido directamente al aviso de audiencia disciplinaria de la Academia y<strong> aceptar\u00e9 todas y cada una de las consecuencias de mi conducta<\/strong>\u201d, comenz\u00f3 diciendo Smith.<\/p>\n<figure class=\"alignnone\"><img src=\"http:\/\/cordobadirecto.com\/wp-content\/uploads\/2022\/04\/will-smith-renuncia-a-la-academia-tras-cachetazo-a-chris-rock.gif\" data-dt-lazy-src=\"https:\/\/icdn.dtcn.com\/image\/digitaltrends_es\/rock-smith-s-720x720.jpg\" onerror=\"dti_load_error(this)\" class=\" size-large wp-image-933972 dt-lazy-load dt-lazy-pending\" alt><\/figure>\n<h2>El comunicado de renuncia de Will Smith<\/h2>\n<p>Esto fue lo que public\u00f3 sobre su salida de la Academia el ganador por el papel en <em>King Richard<\/em>.<\/p>\n<p>\u201cMis acciones en la presentaci\u00f3n de los 94\u00b0 Premios de la Academia fueron<strong> impactantes, dolorosas e inexcusables<\/strong>. La lista de personas a las que he lastimado es larga e incluye a Chris, su familia, muchos de mis queridos amigos y seres queridos, todos los asistentes y audiencias globales en casa\u201d, a\u00f1ade el escrito.<\/p>\n<p><strong>Traicion\u00e9 la confianza de la Academia<\/strong>. Priv\u00e9 a otros nominados y ganadores de la oportunidad de celebrar y ser celebrados por su extraordinario trabajo. Tengo el coraz\u00f3n partido. Quiero volver a centrarme en aquellos que merecen atenci\u00f3n por sus logros y<strong> permitir que la Academia vuelva al incre\u00edble trabajo que realiza para apoyar la creatividad y el arte en el cine<\/strong>.<\/p>\n<p>Por lo tanto, renuncio a mi membres\u00eda en la Academia de Artes y Ciencias Cinematogr\u00e1ficas y <strong>aceptar\u00e9 cualquier otra consecuencia que la Junta considere apropiada<\/strong>\u201d.<\/p>\n<h4 class=\"b-editors-recs-title h-editors-recs-title\"> Recomendaciones del editor\t<\/h4>\n<p> <span id=\"publisher-md\" itemprop=\"publisher\" itemscope itemtype=\"https:\/\/schema.org\/Organization\"> <span itemprop=\"url\" itemtype=\"https:\/\/schema.org\/Url\" content=\"https:\/\/es.digitaltrends.com\"> <span itemprop=\"logo\" itemscope itemtype=\"https:\/\/schema.org\/ImageObject\"> <meta itemprop=\"url\" content=\"https:\/\/cdn.dtcn.com\/dt\/dt-logo-small.png\"> <meta itemprop=\"width\" content=\"0\"> <meta itemprop=\"height\" content=\"0\"> <\/span> <meta itemprop=\"name\" content=\"Digital Trends Espa\u00f1ol\"> <\/span> <span itemprop=\"image\" itemscope itemtype=\"https:\/\/schema.org\/ImageObject\"> <meta itemprop=\"url\" content=\"https:\/\/icdn.dtcn.com\/image\/digitaltrends_es\/will-smith-llorando.jpg\"> <\/span> <\/span><\/p>\n","protected":false},"excerpt":{"rendered":"<p>Por medio de un comunicado, el&nbsp;actor Will Smith decidi\u00f3 renunciar este viernes 1 de abril a la Academia de Artes Cinematogr\u00e1ficas, luego del bochornoso episodio de la cachetada en los Premios Oscar a Chris Rock. \u201cHe respondido directamente al aviso de audiencia disciplinaria de la Academia y aceptar\u00e9 todas y cada una de las consecuencias [&hellip;]<\/p>\n","protected":false},"author":1,"featured_media":52440,"comment_status":"closed","ping_status":"closed","sticky":false,"template":"","format":"standard","meta":[],"categories":[18],"tags":[],"_links":{"self":[{"href":"http:\/\/cordobadirecto.com\/index.php\/wp-json\/wp\/v2\/posts\/52439"}],"collection":[{"href":"http:\/\/cordobadirecto.com\/index.php\/wp-json\/wp\/v2\/posts"}],"about":[{"href":"http:\/\/cordobadirecto.com\/index.php\/wp-json\/wp\/v2\/types\/post"}],"author":[{"embeddable":true,"href":"http:\/\/cordobadirecto.com\/index.php\/wp-json\/wp\/v2\/users\/1"}],"replies":[{"embeddable":true,"href":"http:\/\/cordobadirecto.com\/index.php\/wp-json\/wp\/v2\/comments?post=52439"}],"version-history":[{"count":0,"href":"http:\/\/cordobadirecto.com\/index.php\/wp-json\/wp\/v2\/posts\/52439\/revisions"}],"wp:featuredmedia":[{"embeddable":true,"href":"http:\/\/cordobadirecto.com\/index.php\/wp-json\/wp\/v2\/media\/52440"}],"wp:attachment":[{"href":"http:\/\/cordobadirecto.com\/index.php\/wp-json\/wp\/v2\/media?parent=52439"}],"wp:term":[{"taxonomy":"category","embeddable":true,"href":"http:\/\/cordobadirecto.com\/index.php\/wp-json\/wp\/v2\/categories?post=52439"},{"taxonomy":"post_tag","embeddable":true,"href":"http:\/\/cordobadirecto.com\/index.php\/wp-json\/wp\/v2\/tags?post=52439"}],"curies":[{"name":"wp","href":"https:\/\/api.w.org\/{rel}","templated":true}]}}