{"id":52443,"date":"2022-04-03T23:15:00","date_gmt":"2022-04-03T23:15:00","guid":{"rendered":"http:\/\/cordobadirecto.com\/index.php\/2022\/04\/03\/orban-consiguio-un-nuevo-mandato-al-frente-del-gobierno-hungaro\/"},"modified":"2022-04-03T23:15:00","modified_gmt":"2022-04-03T23:15:00","slug":"orban-consiguio-un-nuevo-mandato-al-frente-del-gobierno-hungaro","status":"publish","type":"post","link":"http:\/\/cordobadirecto.com\/index.php\/2022\/04\/03\/orban-consiguio-un-nuevo-mandato-al-frente-del-gobierno-hungaro\/","title":{"rendered":"Orban consigui\u00f3 un nuevo mandato al frente del gobierno h\u00fangaro"},"content":{"rendered":"<figure class=\"mb-3\"><img loading=\"lazy\" src=\"http:\/\/cordobadirecto.com\/wp-content\/uploads\/2022\/04\/orban-consiguio-un-nuevo-mandato-al-frente-del-gobierno-hungaro.jpg\" width=\"100%\" height=\"100%\" alt=\"Orban lleg a su quinto mandato cuarto consecutivo al frente del gobierno hngaro Foto AFP\"><figcaption> Orban lleg\u00f3 a su quinto mandato, cuarto consecutivo al frente del gobierno h\u00fangaro. Foto: AFP <\/figcaption><\/figure>\n<p>El primer ministro de Hungr\u00eda, el nacionalista Viktor <strong>Orban, gan\u00f3 este domingo en las urnas su cuarto mandato consecutivo, con mayor holgura de la esperada,<\/strong> informaron fuentes oficiales.<\/p>\n<p>Su partido, la Uni\u00f3n C\u00edvica H\u00fangara (<strong>Fidesz<\/strong>),<strong> reun\u00eda 54,24% de los votos cuando se hab\u00eda completado 77% del escrutinio oficial<\/strong>, seg\u00fan la agencia de noticias AFP.<\/p>\n<p>De ese modo, aventajaba claramente a <strong>la coalici\u00f3n opositora Unidos por Hungr\u00eda, que aglutina a seis partidos, llev\u00f3 como candidato principal a Peter Marki-Zay y solo obten\u00eda 33,92% de los sufragios.<\/strong><\/p>\n<blockquote class=\"twitter-tweet\" readability=\"13.252077562327\">\n<p lang=\"es\" dir=\"ltr\">\u203c\ufe0fHungr\u00eda \ud83c\udded\ud83c\uddfa: con el 86% escrutado, estos son los resultados.<\/p>\n<p>\ud83d\udfe0 Orb\u00e1n 53,7% (135)<br \/>\ud83e\udd1d UPH 34,4% (56)<br \/>\u26ab\ufe0f Nuestra Casa 6,3% (7)<br \/>\ud83d\udc15 Perro de Dos Colas 3,2% (0)<\/p>\n<p>* El partido de la minor\u00eda alemana MNO\u00d6 consigue un esca\u00f1o por representatividad.<br \/><a href=\"https:\/\/t.co\/EqNRLwPZK9\">https:\/\/t.co\/EqNRLwPZK9<\/a> <a href=\"https:\/\/t.co\/02HFXJHKOI\">pic.twitter.com\/02HFXJHKOI<\/a><\/p>\n<p>\u2014 EM &#8211; electomania.es (@electo_mania) <a href=\"https:\/\/twitter.com\/electo_mania\/status\/1510738452798660619?ref_src=twsrc%5Etfw\">April 3, 2022<\/a><\/p><\/blockquote>\n<p>Los comicios se desarrollaron con tranquilidad, con una participaci\u00f3n cercana al r\u00e9cord (de 67,8% media hora antes del cierre de las urnas), y desmintieron las previsiones de un resultado ajustado.<\/p>\n<p><strong>&#8220;Hemos obtenido una victoria excepcional, una victoria tan grande que probablemente pueda verse desde la luna, y desde luego desde Bruselas&#8221;, dijo Orban<\/strong>, de 58 a\u00f1os, en un breve discurso tras la publicaci\u00f3n de resultados oficiales parciales.<\/p>\n<p>Vestido de negro y con el rostro serio, Orban vot\u00f3 con su esposa Aniko Levai temprano en la ma\u00f1ana en una escuela de los suburbios de Budapest, y prometi\u00f3 una &#8220;gran victoria&#8221;.<\/p>\n<p>&#8220;Es una elecci\u00f3n justa y equitativa&#8221;, sostuvo.<\/p>\n<blockquote class=\"twitter-tweet\" readability=\"6.7317073170732\">\n<p lang=\"es\" dir=\"ltr\">\u203c\ufe0fHungr\u00eda \ud83c\udded\ud83c\uddfa: ganador por distritos.<\/p>\n<p>Orb\u00e1n \ud83d\udfe0 arrasa en el conjunto del pa\u00eds, la oposici\u00f3n \ud83e\udd1d se lleva el dominio en Budapest.<a href=\"https:\/\/t.co\/EqNRLwPZK9\">https:\/\/t.co\/EqNRLwPZK9<\/a> <a href=\"https:\/\/t.co\/6kMmOKVPhQ\">pic.twitter.com\/6kMmOKVPhQ<\/a><\/p>\n<p>\u2014 EM &#8211; electomania.es (@electo_mania) <a href=\"https:\/\/twitter.com\/electo_mania\/status\/1510740488743174154?ref_src=twsrc%5Etfw\">April 3, 2022<\/a><\/p><\/blockquote>\n<p>Hasta poco despu\u00e9s de las 19 en la Argentina, Marki-Zay no se hab\u00eda pronunciado.<\/p>\n<p><strong>Por primera vez, m\u00e1s de 200 observadores internacionales vigilaron los comicios.<\/strong> Cada bando despleg\u00f3 adem\u00e1s muchos voluntarios.<\/p>\n<p>El candidato opositor, de 49 a\u00f1os, vot\u00f3 junto a su familia en su ciudad natal, Hodmezovasarhely, donde se desempe\u00f1a como alcalde, y calific\u00f3 estas elecciones como una \u201cbatalla cuesta arriba\u201d debido a los recursos econ\u00f3micos superiores de Fidesz y su ventaja en los medios.<\/p>\n<p><strong>Encuestas recientes hab\u00edan sugerido una elecci\u00f3n re\u00f1ida, con ligera ventaja para Fidesz, <\/strong>y en las calles algunos ciudadanos confiaban en un cambio de era.<\/p>\n<p>&#8220;Doce a\u00f1os es demasiado tiempo sea quien sea el dirigente. \u00a1Es una locura!&#8221;, dijo Laszlo Takacs, un t\u00e9cnico de 62 a\u00f1os.<\/p>\n<figure class=\"mb-3\"><img loading=\"lazy\" src=\"http:\/\/cordobadirecto.com\/wp-content\/uploads\/2022\/04\/orban-consiguio-un-nuevo-mandato-al-frente-del-gobierno-hungaro-1.jpg\" width=\"100%\" height=\"100%\" alt=\"Por primera vez los comicios son vigilados por observadores internacionales Foto Twitter\"><figcaption> Por primera vez, los comicios son vigilados por observadores internacionales. (Foto Twitter) <\/figcaption><\/figure>\n<p><br open><strong>Orban, un cr\u00edtico feroz de la inmigraci\u00f3n -sobre todo musulmana-, los derechos LGBTQ y los &#8220;bur\u00f3cratas de la UE&#8221;, se gan\u00f3 la admiraci\u00f3n de los nacionalistas de derecha en todo el mundo.<\/strong><\/p>\n<p>Acusado por la Uni\u00f3n Europea (UE) de m\u00faltiples ataques al estado de derecho, Orban silenci\u00f3 durante tres mandatos consecutivos a la justicia y los medios, impulsando al mismo tiempo una visi\u00f3n ultraconservadora de la sociedad.<\/p>\n<p>Tras la intervenci\u00f3n rusa de la vecina Ucrania en febrero, Orban present\u00f3 las elecciones como una alternativa entre paz y estabilidad o guerra y caos.<\/p>\n<p>Mientras la oposici\u00f3n pidi\u00f3 a Hungr\u00eda que apoyara a su asediado vecino y actuara con sus socios de la UE y la OTAN, <strong>Orban, un antiguo aliado del presidente ruso Vladimir Putin, insisti\u00f3 en que Hungr\u00eda debe permanecer neutral y mantener sus estrechos lazos econ\u00f3micos con Mosc\u00fa, incluso seguir importando gas y petr\u00f3leo rusos.<\/strong><\/p>\n<p>Al cerrar su campa\u00f1a el viernes, Orban dijo a una multitud de simpatizantes que suministrar armas a Ucrania, algo que Hungr\u00eda, el \u00fanico vecino de la Uni\u00f3n Europea (UE) de Ucrania, se neg\u00f3 a hacer, convertir\u00eda al pa\u00eds en un objetivo militar, y que sancionar las importaciones de energ\u00eda rusas paralizar la econom\u00eda.<\/p>\n<p><strong>\u201cEsta no es nuestra guerra, tenemos que mantenernos al margen\u201d, dijo Orban<\/strong>. <\/p>\n","protected":false},"excerpt":{"rendered":"<p>Orban lleg\u00f3 a su quinto mandato, cuarto consecutivo al frente del gobierno h\u00fangaro. Foto: AFP El primer ministro de Hungr\u00eda, el nacionalista Viktor Orban, gan\u00f3 este domingo en las urnas su cuarto mandato consecutivo, con mayor holgura de la esperada, informaron fuentes oficiales. Su partido, la Uni\u00f3n C\u00edvica H\u00fangara (Fidesz), reun\u00eda 54,24% de los votos [&hellip;]<\/p>\n","protected":false},"author":1,"featured_media":52444,"comment_status":"closed","ping_status":"closed","sticky":false,"template":"","format":"standard","meta":[],"categories":[24],"tags":[],"_links":{"self":[{"href":"http:\/\/cordobadirecto.com\/index.php\/wp-json\/wp\/v2\/posts\/52443"}],"collection":[{"href":"http:\/\/cordobadirecto.com\/index.php\/wp-json\/wp\/v2\/posts"}],"about":[{"href":"http:\/\/cordobadirecto.com\/index.php\/wp-json\/wp\/v2\/types\/post"}],"author":[{"embeddable":true,"href":"http:\/\/cordobadirecto.com\/index.php\/wp-json\/wp\/v2\/users\/1"}],"replies":[{"embeddable":true,"href":"http:\/\/cordobadirecto.com\/index.php\/wp-json\/wp\/v2\/comments?post=52443"}],"version-history":[{"count":0,"href":"http:\/\/cordobadirecto.com\/index.php\/wp-json\/wp\/v2\/posts\/52443\/revisions"}],"wp:featuredmedia":[{"embeddable":true,"href":"http:\/\/cordobadirecto.com\/index.php\/wp-json\/wp\/v2\/media\/52444"}],"wp:attachment":[{"href":"http:\/\/cordobadirecto.com\/index.php\/wp-json\/wp\/v2\/media?parent=52443"}],"wp:term":[{"taxonomy":"category","embeddable":true,"href":"http:\/\/cordobadirecto.com\/index.php\/wp-json\/wp\/v2\/categories?post=52443"},{"taxonomy":"post_tag","embeddable":true,"href":"http:\/\/cordobadirecto.com\/index.php\/wp-json\/wp\/v2\/tags?post=52443"}],"curies":[{"name":"wp","href":"https:\/\/api.w.org\/{rel}","templated":true}]}}