{"id":5246,"date":"2021-04-23T23:33:12","date_gmt":"2021-04-23T23:33:12","guid":{"rendered":"https:\/\/cordoba.gob.ar\/?p=8318"},"modified":"2021-04-23T23:33:12","modified_gmt":"2021-04-23T23:33:12","slug":"llaryora-inauguro-las-obras-de-recuperacion-y-puesta-en-valor-del-puente-peatonal-suquia","status":"publish","type":"post","link":"http:\/\/cordobadirecto.com\/index.php\/2021\/04\/23\/llaryora-inauguro-las-obras-de-recuperacion-y-puesta-en-valor-del-puente-peatonal-suquia\/","title":{"rendered":"Llaryora inaugur\u00f3 las obras de recuperaci\u00f3n y puesta en valor del puente peatonal Suqu\u00eda"},"content":{"rendered":"<p>El intendente Mart\u00edn Llaryora inaugur\u00f3 este viernes las obras de recuperaci\u00f3n y puesta en valor realizadas por la Municipalidad de C\u00f3rdoba en el puente peatonal Suqu\u00eda, que conecta ambos m\u00e1rgenes del r\u00edo, entre los puentes Alvear y Centenario.<\/p>\n<p>El plan de recuperaci\u00f3n de este lugar ic\u00f3nico de la costanera comprendi\u00f3 diversos trabajos sobre la infraestructura existente, entre los que se destacan las obras para mejorar la accesibilidad a la pasarela.<\/p>\n<p>En este sentido, cabe destacar la readecuaci\u00f3n de las escaleras y rampas de ambos accesos al puente, las cuales no respetaban la normativa vigente. Para subsanar el problema se construy\u00f3 una escalera con rampa unificada que mejora sensiblemente el recorrido de ingreso y egreso.<\/p>\n<p><em>\u201cEstamos muy contentos de poner en valor el Puente Suqu\u00eda, desde la infraestructura, por la rampa accesible que hicimos para todos los vecinos, hasta el arte que le sumamos con la intervenci\u00f3n del gran artista cordob\u00e9s Dino Valentini, recreando un paseo hermoso\u201d<\/em>, manifest\u00f3 el intendente Llaryora.<\/p>\n<p>Adem\u00e1s, se realizaron tareas de recuperaci\u00f3n de toda la estructura del puente, que se encontraba sin mantenimiento y vandalizada con grafittis y pinturas. Por ese motivo se realizaron tareas de limpieza de superficies de hormig\u00f3n, hasta llegar al color gris original de los muros del puente.<\/p>\n<p>Luego se realiz\u00f3 la nivelaci\u00f3n del solado con hormig\u00f3n alisado y se mejor\u00f3 la iluminaci\u00f3n mediante la colocaci\u00f3n de nuevas luces LED en barandas y nuevos reflectores que se suman a los ya existentes.<\/p>\n<p><em>\u201cDesde C\u00f3rdoba Obras y Servicios llevamos adelante la puesta en valor y refuncionalizaci\u00f3n del puente, realizando todo el hormigonado nuevo, con rampas de accesibilidad que antes no ten\u00eda, y poniendo las columnas en su estado original\u201d<\/em>, explic\u00f3 la presidenta del COyS, Victoria Flores.<\/p>\n<p>Por su parte, el Subsecretario de Cultura, Federico Racca, expres\u00f3: <em>\u201cLa intervenci\u00f3n art\u00edstica sobre la pasarela forma parte del programa Arte de Nuestra Gente, est\u00e1 realizada con una t\u00e9cnica que se llama anamorfosis, com\u00fanmente llamada 3D. Estamos haciendo que C\u00f3rdoba se vea m\u00e1s linda, llen\u00e1ndola de arte\u201d.<\/em><\/p>\n<p>Finalmente, el artista pl\u00e1stico Dino Valentini realiz\u00f3 una intervenci\u00f3n art\u00edstica de estilo anamorfismo, que cubre toda la superficie del solado de la pasarela, de 65 metros de largo por tres de ancho, con la t\u00e9cnica denominada mural de piso.<\/p>\n<p><em>\u201cDesde que recib\u00ed la propuesta me interes\u00f3 mucho, la idea de atravesar la ciudad de un lado a otro sobre una obra de arte, que lo que traslade de un lado a otro, que sea una pintura, es muy atrayente\u201d<\/em>, dijo el muralista.<\/p>\n<p>Las tareas sobre el puente peatonal Suqu\u00eda fueron desarrolladas en conjunto por el Ente C\u00f3rdoba Obras y Servicios (COyS) y la Subsecretar\u00eda de Cultura, perteneciente a la Secretar\u00eda de Gobierno.<\/p>\n<p class=\"wpex-roembed wpex-clr\"><a data-flickr-embed=\"true\" href=\"https:\/\/www.flickr.com\/photos\/158498840@N03\/albums\/72157719014174586\" title=\"Recuperaci\u00f3n y puesta en valor del puente peatonal Suqu\u00eda by Municipalidad de C\u00f3rdoba, on Flickr\"><img loading=\"lazy\" src=\"http:\/\/cordobadirecto.com\/wp-content\/uploads\/2021\/04\/llaryora-inauguro-las-obras-de-recuperacion-y-puesta-en-valor-del-puente-peatonal-suquia.jpg\" width=\"800\" height=\"600\" alt=\"Recuperaci\u00f3n y puesta en valor del puente peatonal Suqu\u00eda\"><\/a><\/p>\n<hr>\n","protected":false},"excerpt":{"rendered":"<p>El intendente Mart\u00edn Llaryora inaugur\u00f3 este viernes las obras de recuperaci\u00f3n y puesta en valor realizadas por la Municipalidad de C\u00f3rdoba en el puente peatonal Suqu\u00eda, que conecta ambos m\u00e1rgenes del r\u00edo, entre los puentes Alvear y Centenario. El plan de recuperaci\u00f3n de este lugar ic\u00f3nico de la costanera comprendi\u00f3 diversos trabajos sobre la infraestructura [&hellip;]<\/p>\n","protected":false},"author":1,"featured_media":5247,"comment_status":"closed","ping_status":"closed","sticky":false,"template":"","format":"standard","meta":[],"categories":[44],"tags":[],"_links":{"self":[{"href":"http:\/\/cordobadirecto.com\/index.php\/wp-json\/wp\/v2\/posts\/5246"}],"collection":[{"href":"http:\/\/cordobadirecto.com\/index.php\/wp-json\/wp\/v2\/posts"}],"about":[{"href":"http:\/\/cordobadirecto.com\/index.php\/wp-json\/wp\/v2\/types\/post"}],"author":[{"embeddable":true,"href":"http:\/\/cordobadirecto.com\/index.php\/wp-json\/wp\/v2\/users\/1"}],"replies":[{"embeddable":true,"href":"http:\/\/cordobadirecto.com\/index.php\/wp-json\/wp\/v2\/comments?post=5246"}],"version-history":[{"count":0,"href":"http:\/\/cordobadirecto.com\/index.php\/wp-json\/wp\/v2\/posts\/5246\/revisions"}],"wp:featuredmedia":[{"embeddable":true,"href":"http:\/\/cordobadirecto.com\/index.php\/wp-json\/wp\/v2\/media\/5247"}],"wp:attachment":[{"href":"http:\/\/cordobadirecto.com\/index.php\/wp-json\/wp\/v2\/media?parent=5246"}],"wp:term":[{"taxonomy":"category","embeddable":true,"href":"http:\/\/cordobadirecto.com\/index.php\/wp-json\/wp\/v2\/categories?post=5246"},{"taxonomy":"post_tag","embeddable":true,"href":"http:\/\/cordobadirecto.com\/index.php\/wp-json\/wp\/v2\/tags?post=5246"}],"curies":[{"name":"wp","href":"https:\/\/api.w.org\/{rel}","templated":true}]}}