{"id":53079,"date":"2022-04-03T20:01:13","date_gmt":"2022-04-03T20:01:13","guid":{"rendered":"https:\/\/www.ole.com.ar\/autos\/video-viral-moto-gp-termas-cachetada_0_qZzS3vgepL.html"},"modified":"2022-04-03T20:01:13","modified_gmt":"2022-04-03T20:01:13","slug":"video-viral-lo-tocaron-con-la-moto-y-le-dio-una-cachetada-a-lo-will-smith-a-chris-rock","status":"publish","type":"post","link":"http:\/\/cordobadirecto.com\/index.php\/2022\/04\/03\/video-viral-lo-tocaron-con-la-moto-y-le-dio-una-cachetada-a-lo-will-smith-a-chris-rock\/","title":{"rendered":"Video viral: lo tocaron con la moto y le dio una cachetada a lo Will Smith a Chris Rock"},"content":{"rendered":"<p>Despu\u00e9s de dos a\u00f1os de ausencia por las restricciones causadas por la pandemia del Covid-19, <strong>el Moto GP regres\u00f3 a la<\/strong> <strong>Argentina<\/strong> (la \u00faltima edici\u00f3n fue en 2019) y, m\u00e1s precisamente, <strong>al circuito internacional de Termas de R\u00edo de Hondo<\/strong>. All\u00ed, los fan\u00e1ticos de la competencia llegaron desde toda Sudam\u00e9rica para poder disfrutar del certamen m\u00e1s competitivo de toda la categor\u00eda. Sin embargo, antes del inicio del acci\u00f3n principal de la tarde del domingo, hubo otras carreras para el disfrute de los espectadores.<\/p>\n<p>En ese sentido, en el <strong><a alt=\"moto3\" class=\"slug\" href=\"https:\/\/www.ole.com.ar\/tema\/moto3.html\" target=\"_blank\" title=\"moto3\" rel=\"noopener\">Moto 3<\/a><\/strong>, la divisi\u00f3n para los j\u00f3venes que buscan llegar a la \u00e9lite, sucedi\u00f3 una situaci\u00f3n pocas veces vistas: un piloto le dio una cachetada a otro por haber provocado un choque entre ambos. El espa\u00f1ol Jaume Masia (KTM) ven\u00eda segundo en la carrera, cuando el italiano Andrea Migno (Honda) le toc\u00f3 la parte trasera de la moto y, de ese modo, gener\u00f3 una colisi\u00f3n.<\/p>\n<div class=\"sp__SM\">\n<div class=\"content-new \">\n<span class=\"tit-mobile\">Mir\u00e1 tambi\u00e9n<\/span><\/p>\n<div class=\"mg\">\n<div class=\"wrap-figure\">\n<picture>\n<a href=\"https:\/\/www.ole.com.ar\/autos\/aleix-espargaro-gano-argentina_0_oHf3IIaNtX.html\" target=\"_self\" rel=\"noopener\"><br \/>\n<img class=\"img-responsive\" alt=\"\u00a1Domingo inolvidable para Aleix Espargar\u00f3 en Termas de R\u00edo Hondo!\" src=\"http:\/\/cordobadirecto.com\/wp-content\/uploads\/2022\/04\/video-viral-lo-tocaron-con-la-moto-y-le-dio-una-cachetada-a-lo-will-smith-a-chris-rock.jpg\" loading=\"lazy\"><br \/>\n<\/a>\n<\/picture>\n<\/div>\n<\/div><\/div>\n<\/div>\n<p>Si bien el choque no fue tan fuerte y los dos pilotos no salieron disparados, Macia reaccion\u00f3 de una forma poco habitual. En lugar de ir en b\u00fasqueda de su moto, decidi\u00f3 pegarle una bofetada a su rival. Justo, unos d\u00edas despu\u00e9s de que se hiciera viral <strong>el golpe de Will Smith a Chris Rock en los premios Oscar<\/strong>. Luego, s\u00ed, intent\u00f3 subirse a la moto y regresar a la competencia, aunque finalmente tuvo que desistir en el intento y abandonar la carrera.<\/p>\n<div class=\"sp__Normal\">\n<div class=\"image-embeb image-trigger\" readability=\"6\">\n<picture><source media=\"(min-width: 720px)\" srcset=\"http:\/\/cordobadirecto.com\/wp-content\/uploads\/2022\/04\/video-viral-lo-tocaron-con-la-moto-y-le-dio-una-cachetada-a-lo-will-smith-a-chris-rock-1.jpg\"><img itemprop=\"image\" src=\"http:\/\/cordobadirecto.com\/wp-content\/uploads\/2022\/04\/video-viral-lo-tocaron-con-la-moto-y-le-dio-una-cachetada-a-lo-will-smith-a-chris-rock-1.jpg\" loading=\"lazy\" alt=\"Uno de los choques de la jornada. (Reuters)\">\n<\/picture><figcaption readability=\"2\">\n<p>Uno de los choques de la jornada. (Reuters)\n<\/p>\n<\/figcaption><\/div>\n<\/div>\n<h2><strong>LOS RESULTADOS DE LA TERCERA FECHA<\/strong><\/h2>\n<p>El espa\u00f1ol Sergio Garcia (Gasgas Aspar Team), el italiano Dennis Foggia (Leopard Racing) y el espa\u00f1ol Izan Guevara (GasGas Aspar Team) conformaron el podio. Minutos m\u00e1s tarde, se llev\u00f3 a cabo la carrera del <strong><a alt=\"moto-2\" class=\"slug\" href=\"https:\/\/www.ole.com.ar\/tema\/moto-2.html\" target=\"_blank\" title=\"moto-2\" rel=\"noopener\">Moto 2<\/a><\/strong>, que gan\u00f3 el tano Celestino Vietti (Mooney VR46 Racing Team) y, por \u00faltimo, <a data-cke-saved-href=\"https:\/\/www.ole.com.ar\/autos\/aleix-espargaro-gano-argentina_0_oHf3IIaNtX.html\" target=\"_blank\" href=\"https:\/\/www.ole.com.ar\/autos\/aleix-espargaro-gano-argentina_0_oHf3IIaNtX.html\" rel=\"noopener\"><strong>Aleix Espargaro (Aprilla Racing), lider del campeonato, se qued\u00f3 con el triunfo en el Moto GP<\/strong><\/a>. Todo frente a un p\u00fablico argentino y latino que no par\u00f3 de gritar y alentar bajo el radiante sol de la ciudad santiague\u00f1a.<\/p>\n<div class=\"sp__SM\">\n<div class=\"content-new \">\n<span class=\"tit-mobile\">Mir\u00e1 tambi\u00e9n<\/span><\/p>\n<div class=\"mg\">\n<div class=\"wrap-figure\">\n<picture>\n<a href=\"https:\/\/www.ole.com.ar\/autos\/pezzini-gano-segunda-carrera_0_9r2CxQlegn.html\" target=\"_self\" rel=\"noopener\"><br \/>\n<img class=\"img-responsive\" alt=\"\u00a11-2 argentino en Velo Citt\u00e1!\" src=\"http:\/\/cordobadirecto.com\/wp-content\/uploads\/2022\/04\/video-viral-lo-tocaron-con-la-moto-y-le-dio-una-cachetada-a-lo-will-smith-a-chris-rock-2.jpg\" loading=\"lazy\"><br \/>\n<\/a>\n<\/picture>\n<\/div>\n<\/div><\/div>\n<\/div>\n<div class=\"entry-tags\">\n<h2>TEMAS QUE APARECEN EN ESTA NOTA<\/h2>\n<\/p><\/div>\n","protected":false},"excerpt":{"rendered":"<p>Despu\u00e9s de dos a\u00f1os de ausencia por las restricciones causadas por la pandemia del Covid-19, el Moto GP regres\u00f3 a la Argentina (la \u00faltima edici\u00f3n fue en 2019) y, m\u00e1s precisamente, al circuito internacional de Termas de R\u00edo de Hondo. All\u00ed, los fan\u00e1ticos de la competencia llegaron desde toda Sudam\u00e9rica para poder disfrutar del certamen [&hellip;]<\/p>\n","protected":false},"author":1,"featured_media":53080,"comment_status":"closed","ping_status":"closed","sticky":false,"template":"","format":"standard","meta":[],"categories":[21],"tags":[],"_links":{"self":[{"href":"http:\/\/cordobadirecto.com\/index.php\/wp-json\/wp\/v2\/posts\/53079"}],"collection":[{"href":"http:\/\/cordobadirecto.com\/index.php\/wp-json\/wp\/v2\/posts"}],"about":[{"href":"http:\/\/cordobadirecto.com\/index.php\/wp-json\/wp\/v2\/types\/post"}],"author":[{"embeddable":true,"href":"http:\/\/cordobadirecto.com\/index.php\/wp-json\/wp\/v2\/users\/1"}],"replies":[{"embeddable":true,"href":"http:\/\/cordobadirecto.com\/index.php\/wp-json\/wp\/v2\/comments?post=53079"}],"version-history":[{"count":0,"href":"http:\/\/cordobadirecto.com\/index.php\/wp-json\/wp\/v2\/posts\/53079\/revisions"}],"wp:featuredmedia":[{"embeddable":true,"href":"http:\/\/cordobadirecto.com\/index.php\/wp-json\/wp\/v2\/media\/53080"}],"wp:attachment":[{"href":"http:\/\/cordobadirecto.com\/index.php\/wp-json\/wp\/v2\/media?parent=53079"}],"wp:term":[{"taxonomy":"category","embeddable":true,"href":"http:\/\/cordobadirecto.com\/index.php\/wp-json\/wp\/v2\/categories?post=53079"},{"taxonomy":"post_tag","embeddable":true,"href":"http:\/\/cordobadirecto.com\/index.php\/wp-json\/wp\/v2\/tags?post=53079"}],"curies":[{"name":"wp","href":"https:\/\/api.w.org\/{rel}","templated":true}]}}