{"id":53081,"date":"2022-04-03T18:54:52","date_gmt":"2022-04-03T18:54:52","guid":{"rendered":"https:\/\/www.ole.com.ar\/autos\/aleix-espargaro-gano-argentina_0_oHf3IIaNtX.html"},"modified":"2022-04-03T18:54:52","modified_gmt":"2022-04-03T18:54:52","slug":"domingo-inolvidable-para-aleix-espargaro-en-termas-de-rio-hondo","status":"publish","type":"post","link":"http:\/\/cordobadirecto.com\/index.php\/2022\/04\/03\/domingo-inolvidable-para-aleix-espargaro-en-termas-de-rio-hondo\/","title":{"rendered":"\u00a1Domingo inolvidable para Aleix Espargar\u00f3 en Termas de R\u00edo Hondo!"},"content":{"rendered":"<p>Despu\u00e9s de presionar a Jorge Mart\u00edn durante toda la competencia, <mark>Aleix Espargar\u00f3 quebr\u00f3 la resistencia del piloto de Ducati a poco del final y logr\u00f3 su bautismo triunfal en MotoGP en lo que fue el Gran Premio de Argentina.<\/mark><\/p>\n<div class=\"sp__SM\">\n<div class=\"content-new \">\n<span class=\"tit-mobile\">Mir\u00e1 tambi\u00e9n<\/span><\/p>\n<div class=\"mg\">\n<div class=\"wrap-figure\">\n<picture>\n<a href=\"https:\/\/www.ole.com.ar\/autos\/pezzini-gano-segunda-carrera_0_9r2CxQlegn.html\" target=\"_self\" rel=\"noopener\"><br \/>\n<img class=\"img-responsive\" alt=\"\u00a11-2 argentino en Velo Citt\u00e1!\" src=\"http:\/\/cordobadirecto.com\/wp-content\/uploads\/2022\/04\/domingo-inolvidable-para-aleix-espargaro-en-termas-de-rio-hondo.jpg\" loading=\"lazy\"><br \/>\n<\/a>\n<\/picture>\n<\/div>\n<\/div><\/div>\n<\/div>\n<p><mark>Se puso en marcha el Gran Premio de Argentina con Martin al frente del pelot\u00f3n tras superar a Aleix Espargar\u00f3. <\/mark>Marini se meti\u00f3 tercero, Pol Espargar\u00f3 cuarto y quinto Alex Rins.<\/p>\n<p>En el segundo giro, Pol Espargar\u00f3 dobleg\u00f3 a Marini y se convirti\u00f3 en el nuevo tercero de la carrera. <mark>Mientras que Dovizioso fue a boxes con problemas en su Yamaha. Vueltas despu\u00e9s, Rins tambi\u00e9n super\u00f3 a Marini y era cuarto. A su vez, Zarco se cay\u00f3 y debi\u00f3 abandonar.<\/mark><\/p>\n<p>Luego, Mir tambi\u00e9n dio cuenta de Marini y avanz\u00f3 a la quinta colocaci\u00f3n. A 19 vueltas para el cierre, <mark>Pol Espargar\u00f3 dobl\u00f3 ancho y a esto lo aprovech\u00f3 Rins para pasarlo y ubicarse tercero.<\/mark><\/p>\n<p>En el 15\u00b0 giro, se produjo la ca\u00edda de Pol Espargar\u00f3, quien perdi\u00f3 todo lo bueno que hab\u00eda hecho hasta ese momento. Luego, <mark>Aleix Espargar\u00f3 dobleg\u00f3 a Mart\u00edn, pero se pas\u00f3 de largo y el hombre de la moto N\u00b089 recuper\u00f3 la punta.<\/mark><\/p>\n<p>A cinco vueltas para que se baje la bandera a cuadros, <mark>Aleix Espargar\u00f3 pudo pasar a Mart\u00edn y se transform\u00f3 en el nuevo l\u00edder de la competencia.<\/mark><\/p>\n<p><mark>Finalmente fue victoria para Aleix Espargar\u00f3 en el Gran Premio de Argentina. Lo escoltaron Mart\u00edn, Rins, Mir y complet\u00f3 los mejores cinco Francesco Bagnaia. <\/mark>M\u00e1s atr\u00e1s se ubicaron Binder, Vi\u00f1ales, Quartararo, Bezzecchi y Enea Bastianini.<\/p>\n<p><mark>Aleix Espargar\u00f3 logr\u00f3 su primera victoria en MotoGP<\/mark>. Adem\u00e1s, tambi\u00e9n fue el bautismo triunfal de Aprilia dentro de la categor\u00eda reina.<\/p>\n<div class=\"sp__SM\">\n<div class=\"content-new \">\n<span class=\"tit-mobile\">Mir\u00e1 tambi\u00e9n<\/span><\/p>\n<div class=\"mg\">\n<div class=\"wrap-figure\">\n<picture>\n<a href=\"https:\/\/www.ole.com.ar\/autos\/reis-gano-primera-final_0_DfEcLtj9N6.html\" target=\"_self\" rel=\"noopener\"><br \/>\n<img class=\"img-responsive\" alt=\"Los aplast\u00f3\" src=\"http:\/\/cordobadirecto.com\/wp-content\/uploads\/2022\/04\/domingo-inolvidable-para-aleix-espargaro-en-termas-de-rio-hondo-1.jpg\" loading=\"lazy\"><br \/>\n<\/a>\n<\/picture>\n<\/div>\n<\/div><\/div>\n<\/div>\n<p><mark>En el campeonato, Aleix Espargar\u00f3 es el l\u00edder con 45 puntos, escoltado por Brad Binder con 38 y por Enea Bastianini con 36. <\/mark>La pr\u00f3xima fecha del MotoGP ser\u00e1 el fin de semana que viene con el Gran Premio de Las Am\u00e9ricas en el circuito de Austin, Estados Unidos.<\/p>\n<div class=\"entry-tags\">\n<h2>TEMAS QUE APARECEN EN ESTA NOTA<\/h2>\n<\/p><\/div>\n","protected":false},"excerpt":{"rendered":"<p>Despu\u00e9s de presionar a Jorge Mart\u00edn durante toda la competencia, Aleix Espargar\u00f3 quebr\u00f3 la resistencia del piloto de Ducati a poco del final y logr\u00f3 su bautismo triunfal en MotoGP en lo que fue el Gran Premio de Argentina. Mir\u00e1 tambi\u00e9n Se puso en marcha el Gran Premio de Argentina con Martin al frente del [&hellip;]<\/p>\n","protected":false},"author":1,"featured_media":53082,"comment_status":"closed","ping_status":"closed","sticky":false,"template":"","format":"standard","meta":[],"categories":[21],"tags":[],"_links":{"self":[{"href":"http:\/\/cordobadirecto.com\/index.php\/wp-json\/wp\/v2\/posts\/53081"}],"collection":[{"href":"http:\/\/cordobadirecto.com\/index.php\/wp-json\/wp\/v2\/posts"}],"about":[{"href":"http:\/\/cordobadirecto.com\/index.php\/wp-json\/wp\/v2\/types\/post"}],"author":[{"embeddable":true,"href":"http:\/\/cordobadirecto.com\/index.php\/wp-json\/wp\/v2\/users\/1"}],"replies":[{"embeddable":true,"href":"http:\/\/cordobadirecto.com\/index.php\/wp-json\/wp\/v2\/comments?post=53081"}],"version-history":[{"count":0,"href":"http:\/\/cordobadirecto.com\/index.php\/wp-json\/wp\/v2\/posts\/53081\/revisions"}],"wp:featuredmedia":[{"embeddable":true,"href":"http:\/\/cordobadirecto.com\/index.php\/wp-json\/wp\/v2\/media\/53082"}],"wp:attachment":[{"href":"http:\/\/cordobadirecto.com\/index.php\/wp-json\/wp\/v2\/media?parent=53081"}],"wp:term":[{"taxonomy":"category","embeddable":true,"href":"http:\/\/cordobadirecto.com\/index.php\/wp-json\/wp\/v2\/categories?post=53081"},{"taxonomy":"post_tag","embeddable":true,"href":"http:\/\/cordobadirecto.com\/index.php\/wp-json\/wp\/v2\/tags?post=53081"}],"curies":[{"name":"wp","href":"https:\/\/api.w.org\/{rel}","templated":true}]}}