{"id":5309,"date":"2021-04-24T22:09:00","date_gmt":"2021-04-24T22:09:00","guid":{"rendered":"http:\/\/cordobadirecto.com\/index.php\/2021\/04\/24\/crece-el-temor-en-europa-a-la-variante-india-del-coronavirus-e-italia-reabre-este-domingo\/"},"modified":"2021-04-24T22:09:00","modified_gmt":"2021-04-24T22:09:00","slug":"crece-el-temor-en-europa-a-la-variante-india-del-coronavirus-e-italia-reabre-este-domingo","status":"publish","type":"post","link":"http:\/\/cordobadirecto.com\/index.php\/2021\/04\/24\/crece-el-temor-en-europa-a-la-variante-india-del-coronavirus-e-italia-reabre-este-domingo\/","title":{"rendered":"Crece el temor en Europa a la variante india del coronavirus e Italia reabre este domingo"},"content":{"rendered":"<div class=\"image\" id=\"image\" readability=\"7\"> <img src=\"http:\/\/cordobadirecto.com\/wp-content\/uploads\/2021\/04\/crece-el-temor-en-europa-a-la-variante-india-del-coronavirus-e-italia-reabre-este-domingo.jpg\" alt=\"Alemania suma restricciones.\" title=\"Alemania suma restricciones.\"><\/p>\n<p>Alemania suma restricciones.<\/p>\n<\/div>\n<p>Suiza y Rep\u00fablica Checa anunciaron que detectaron casos con esa cepa del coronavirus, en medio de renovadas preocupaciones por la circulaci\u00f3n de esa variante, considerada m\u00e1s contagiosa, y que llev\u00f3 a <strong><a href=\"https:\/\/www.telam.com.ar\/notas\/202104\/551892-alemania-coronavirus-merkel.html\" target=\"_blank\" rel=\"noopener\">Alemania<\/a><\/strong> a sumarse a la lista de los que proh\u00edben los vuelos con ese <strong><a href=\"https:\/\/www.telam.com.ar\/notas\/202104\/551890-india-coronavirus-pandemia-record.html\" target=\"_blank\" rel=\"noopener\">pa\u00eds asi\u00e1tico<\/a><\/strong>.<\/p>\n<p>Mientras tanto, <strong>Italia <\/strong>se prepara para reabrir este domingo restaurantes, bares y comercios despu\u00e9s de meses de cierres con fuertes controles para no permitir que esta salida de la cuarentena termine en grandes aglomeraciones en las calles y en nuevos focos importantes de contagios.<\/p>\n<p>Sin embargo, tras un largo encierro, desde Mil\u00e1n hasta Roma y N\u00e1poles, la jornada se vivi\u00f3 con una apertura temprana con miles de personas aprovechando el buen tiempo en las plazas, calles y los parques, inform\u00f3 la agencia de noticias ANSA.<\/p>\n<p>En cambio en otras partes del continente la preocupaci\u00f3n crece, ahora por la nueva cepa de India.<\/p>\n<p>&#8220;El primer caso de la cepa &#8216;india&#8217; de la Covid-19 fue detectado en <strong>Suiza<\/strong>, se trata de un pasajero que lleg\u00f3 a trav\u00e9s de un aeropuerto de tr\u00e1nsito&#8221;, comunic\u00f3 la Oficina Federal de Salud P\u00fablica en su cuenta de Twitter.<\/p>\n<p>El texto agreg\u00f3 que est\u00e1n en curso las consultas que se centran en la posibilidad de incluir a la India en una lista de pa\u00edses peligrosos en t\u00e9rminos de situaci\u00f3n epidemiol\u00f3gica, inform\u00f3 la agencia de noticias Sputnik.<\/p>\n<p>A su vez, el ministro de Salud de la <strong>Rep\u00fablica Checa<\/strong>, Petr Arenberger, afirm\u00f3 que esa misma cepa, detectada por primera vez en el estado indio de Bengala Occidental y considerada una doble mutaci\u00f3n del virus, ya ingres\u00f3 al pa\u00eds.<\/p>\n<p>&#8220;La cepa &#8216;india&#8217; de la Covid-19 fue confirmada en la ciudad de Hradec Kralove, adonde probablemente fuera tra\u00edda por una estudiante de la India&#8221;, inform\u00f3.<\/p>\n<p>La nueva cepa es una amenaza en varias naciones, por lo que pa\u00edses como <strong>Canad\u00e1, Francia y Emiratos \u00c1rabes Unidos<\/strong> endurecieron sus controles a los viajeros indios o incluso suspendieron sus conexiones a\u00e9reas con ese pa\u00eds.<\/p>\n<p>A esa lista se sum\u00f3 <strong><a href=\"https:\/\/www.telam.com.ar\/notas\/202104\/551892-alemania-coronavirus-merkel.html\" target=\"_blank\" rel=\"noopener\">Alemania<\/a><\/strong>, cuyo ministro de Salud, Jen Spahn, anunci\u00f3 que reducir\u00e1 el tr\u00e1fico de viajeros desde esa naci\u00f3n asi\u00e1tica, que a partir de este domingo estar\u00e1 en la lista de pa\u00edses de alto riesgo.<\/p>\n<p>&#8220;La nueva mutaci\u00f3n del virus descubierta en India nos preocupa mucho. Para no poner en peligro nuestra campa\u00f1a de vacunaci\u00f3n, debemos reducir claramente el tr\u00e1fico de viajeros con India&#8221;, explic\u00f3 el funcionario en una entrevista con el grupo de medios Funke.<\/p>\n<p>A partir del domingo, s\u00f3lo los ciudadanos de nacionalidad alemana podr\u00e1n viajar de India a Alemania, previa presentaci\u00f3n de una prueba negativa realizada poco antes del vuelo &#8220;y deber\u00e1n ponerse en cuarentena durante 14 d\u00edas inmediatamente despu\u00e9s de su llegada&#8221;, precis\u00f3 Spahn.<\/p>\n<p><strong><a href=\"https:\/\/www.telam.com.ar\/notas\/202104\/551890-india-coronavirus-pandemia-record.html\" target=\"_blank\" rel=\"noopener\">India bati\u00f3 un r\u00e9cord de casos diarios de coronavirus<\/a><\/strong>, con m\u00e1s de 346.000, mientras el Gobierno lucha por proporcionar ox\u00edgeno a los hospitales desbordados por cientos de miles de pacientes.<\/p>\n<p>Adem\u00e1s de la mutaci\u00f3n local, identificada como B.1.618, ya fueron registradas en el pa\u00eds las cepas detectadas por primera vez en Reino Unido, Sud\u00e1frica y Brasil.<\/p>\n<p>En <strong>Francia<\/strong>, en tanto, las autoridades anunciaron m\u00e1s de 32.000 nuevos contagios y 220 fallecidos por coronavirus en las \u00faltimas 24 horas, unas cifras que muestran una cierta estabilizaci\u00f3n con respecto a los d\u00edas anteriores.<\/p>\n<p>En medio de esta &#8220;meseta epidemiol\u00f3gica&#8221;, como la llaman los expertos, Francia tiene planeado comenzar su reapertura el pr\u00f3ximo lunes de los niveles educativos de primera infancia y primaria bajo &#8220;protocolos muy estrictos&#8221; y con una campa\u00f1a masiva de testeos en los mismos centros de ense\u00f1anza.<\/p>\n<p>En <strong>Reino Unido<\/strong>, se acerca una reapertura gradual similar, aprovechando un claro descenso de las cifras epidemiol\u00f3gicas: este s\u00e1bado se registraron poco m\u00e1s de 2.000 casos nuevos y 32 muertos.<\/p>\n<p>Pese a que el Gobierno ya anunci\u00f3 una hoja de ruta para comenzar la reapertura, miles de personas se manifestaron en el centro de Londres para protestar contra el confinamiento y la posible aplicaci\u00f3n de un pasaporte de vacunaci\u00f3n que facilitar\u00eda la circulaci\u00f3n y los accesos a los inmunizados. <\/p>\n","protected":false},"excerpt":{"rendered":"<p>Alemania suma restricciones. Suiza y Rep\u00fablica Checa anunciaron que detectaron casos con esa cepa del coronavirus, en medio de renovadas preocupaciones por la circulaci\u00f3n de esa variante, considerada m\u00e1s contagiosa, y que llev\u00f3 a Alemania a sumarse a la lista de los que proh\u00edben los vuelos con ese pa\u00eds asi\u00e1tico. Mientras tanto, Italia se prepara [&hellip;]<\/p>\n","protected":false},"author":1,"featured_media":5310,"comment_status":"closed","ping_status":"closed","sticky":false,"template":"","format":"standard","meta":[],"categories":[24],"tags":[],"_links":{"self":[{"href":"http:\/\/cordobadirecto.com\/index.php\/wp-json\/wp\/v2\/posts\/5309"}],"collection":[{"href":"http:\/\/cordobadirecto.com\/index.php\/wp-json\/wp\/v2\/posts"}],"about":[{"href":"http:\/\/cordobadirecto.com\/index.php\/wp-json\/wp\/v2\/types\/post"}],"author":[{"embeddable":true,"href":"http:\/\/cordobadirecto.com\/index.php\/wp-json\/wp\/v2\/users\/1"}],"replies":[{"embeddable":true,"href":"http:\/\/cordobadirecto.com\/index.php\/wp-json\/wp\/v2\/comments?post=5309"}],"version-history":[{"count":0,"href":"http:\/\/cordobadirecto.com\/index.php\/wp-json\/wp\/v2\/posts\/5309\/revisions"}],"wp:featuredmedia":[{"embeddable":true,"href":"http:\/\/cordobadirecto.com\/index.php\/wp-json\/wp\/v2\/media\/5310"}],"wp:attachment":[{"href":"http:\/\/cordobadirecto.com\/index.php\/wp-json\/wp\/v2\/media?parent=5309"}],"wp:term":[{"taxonomy":"category","embeddable":true,"href":"http:\/\/cordobadirecto.com\/index.php\/wp-json\/wp\/v2\/categories?post=5309"},{"taxonomy":"post_tag","embeddable":true,"href":"http:\/\/cordobadirecto.com\/index.php\/wp-json\/wp\/v2\/tags?post=5309"}],"curies":[{"name":"wp","href":"https:\/\/api.w.org\/{rel}","templated":true}]}}