{"id":53780,"date":"2022-04-12T17:20:00","date_gmt":"2022-04-12T17:20:00","guid":{"rendered":"http:\/\/cordobadirecto.com\/index.php\/2022\/04\/12\/rusia-y-ucrania-se-acusan-mutuamente-de-la-falta-de-dialogo\/"},"modified":"2022-04-12T17:20:00","modified_gmt":"2022-04-12T17:20:00","slug":"rusia-y-ucrania-se-acusan-mutuamente-de-la-falta-de-dialogo","status":"publish","type":"post","link":"http:\/\/cordobadirecto.com\/index.php\/2022\/04\/12\/rusia-y-ucrania-se-acusan-mutuamente-de-la-falta-de-dialogo\/","title":{"rendered":"Rusia y Ucrania se acusan mutuamente de la falta de di\u00e1logo"},"content":{"rendered":"<figure class=\"mb-3\"><img loading=\"lazy\" src=\"http:\/\/cordobadirecto.com\/wp-content\/uploads\/2022\/04\/rusia-y-ucrania-se-acusan-mutuamente-de-la-falta-de-dialogo.jpg\" width=\"100%\" height=\"100%\" alt=\"Rusia acusa falta de colaboracin para llegar a acuerdos Foto AFP \"><figcaption> Rusia acusa falta de colaboraci\u00f3n para llegar a acuerdos. Foto: AFP. <\/figcaption><\/figure>\n<p>Rusia y Ucrania coincidieron este martes en la dificultad de avanzar en las negociaciones de paz y mientras el mandatario ruso, Vladimir Putin, reafirm\u00f3 que su ej\u00e9rcito avanza &#8220;con calma&#8221; hacia el &#8220;objetivo fundamental&#8221; en el este, su par ucraniano, Volodimir Zelenski, denunci\u00f3 &#8220;violaciones&#8221; y &#8220;torturas&#8221; en las zonas ocupadas por las fuerzas invasoras.<\/p>\n<p>En el d\u00eda 48 desde el inicio de la invasi\u00f3n, Putin estim\u00f3 que la &#8220;falta de coherencia&#8221; de la contraparte imped\u00eda llegar a un acuerdo entre los dos pa\u00edses, pero el consejero del presidente de Ucrania, Mijailo Podoliak, habl\u00f3 que las &#8220;negociaciones son extremadamente dif\u00edciles&#8221; por culpa de Mosc\u00fa.<\/p>\n<p>&#8220;Nuestro cometido es cumplir los objetivos fijados minimizando las p\u00e9rdidas, vamos a actuar de forma armoniosa, con calma, conforme al plan propuesto desde el principio por el Estado Mayor&#8221;, dijo el l\u00edder del Kremlin en una rueda de prensa junto al presidente bielorruso, Alexander Lukashenko, en la que rechaz\u00f3 hablar de fechas, seg\u00fan consign\u00f3 la agencia de noticias AFP.<\/p>\n<figure class=\"mb-3\"><img loading=\"lazy\" src=\"http:\/\/cordobadirecto.com\/wp-content\/uploads\/2022\/04\/rusia-y-ucrania-se-acusan-mutuamente-de-la-falta-de-dialogo-1.jpg\" width=\"100%\" height=\"100%\" alt=\"El conflicto no deja de escalar Foto AFP \"><figcaption> El conflicto no deja de escalar. Foto: AFP. <\/figcaption><\/figure>\n<p>Putin rest\u00f3 importancia a los comentarios seg\u00fan los cuales el ej\u00e9rcito ruso ten\u00eda dificultades frente a la resistencia ucraniana y tuvo que renunciar a tomar el control de las grandes ciudades y de Kiev para centrarse en el Donbass, la regi\u00f3n que alberga dos provincias rusoparlantes que mantienen desde hace ocho a\u00f1os un conflicto armado contra el gobierno de Kiev.<\/p>\n<p>El presidente tambi\u00e9n dio a entender que si las fuerzas rusas no avanzaban m\u00e1s r\u00e1pido era para evitar grandes p\u00e9rdidas: &#8220;Oigo a menudo la pregunta, \u00bfse puede ir m\u00e1s r\u00e1pido? S\u00ed, es posible, pero esto implica intensificar las operaciones militares, lo que lamentablemente habr\u00eda tenido un efecto en las p\u00e9rdidas&#8221;.<\/p>\n<p>Por el contrario, Zelenski denunci\u00f3&nbsp; &#8220;cientos de casos de violaci\u00f3n&#8221; y &#8220;tortura&#8221; en las zonas que ocup\u00f3 el ej\u00e9rcito ruso, &#8220;incluyendo ni\u00f1as menores de edad y ni\u00f1os muy peque\u00f1os&#8221;.<\/p>\n<p>&#8220;En las zonas liberadas de los ocupantes contin\u00faa el registro y la investigaci\u00f3n de los cr\u00edmenes de guerra cometidos por Rusia. Casi a diario se encuentran nuevas fosas comunes&#8221;, afirm\u00f3 en un mensaje al Parlamento lituano por videoconferencia. &#8220;Cientos de ni\u00f1os han quedado hu\u00e9rfanos. No sabemos exactamente el n\u00famero de v\u00edctimas&#8221;, prosigui\u00f3.<\/p>\n<figure class=\"mb-3\"><img loading=\"lazy\" src=\"http:\/\/cordobadirecto.com\/wp-content\/uploads\/2022\/04\/rusia-y-ucrania-se-acusan-mutuamente-de-la-falta-de-dialogo-2.jpg\" width=\"100%\" height=\"100%\" alt=\"Las escenas que circulan del frente de batalla son de alta crudeza Foto AFP \"><figcaption> Las escenas que circulan del frente de batalla son de alta crudeza. Foto: AFP. <\/figcaption><\/figure>\n<p>En el territorio, las fuerzas rusas segu\u00edan estrechando el cerco en Mariupol, una estrat\u00e9gica ciudad portuaria que los \u00faltimos soldados ucranianos intentan defender, mientras Kiev se prepara para una gran ofensiva en el este. En esta ciudad del sureste de Ucrania, asediada desde hace m\u00e1s de 40 d\u00edas por el ej\u00e9rcito ruso y destruida en gran parte, la situaci\u00f3n humanitaria es dram\u00e1tica.<\/p>\n<p>La conquista de Mariupol permitir\u00eda a los rusos consolidar sus conquistas territoriales en la franja costera del mar de Azov, uniendo as\u00ed las regiones del Donbass con la pen\u00ednsula de Crimea, anexionada por Mosc\u00fa en 2014. Los civiles siguieron huyendo de las regiones de Lugansk y Donetsk, desde donde deb\u00edan partir este martes seis trenes de evacuaci\u00f3n, seg\u00fan la administraci\u00f3n regional de Lugansk.<\/p>\n<p>La Organizaci\u00f3n Mundial de la Salud (OMS) dijo este martes haber verificado 108 ataques a infraestructuras o personal m\u00e9dico en Ucrania desde el inicio de la invasi\u00f3n rusa, que dejaron 73 muertos y 51 heridos, y anunci\u00f3 planes para reforzar su ayuda a la atenci\u00f3n de la salud en el pa\u00eds.<\/p>\n<figure class=\"mb-3\"><img loading=\"lazy\" src=\"http:\/\/cordobadirecto.com\/wp-content\/uploads\/2022\/04\/rusia-y-ucrania-se-acusan-mutuamente-de-la-falta-de-dialogo-3.jpg\" width=\"100%\" height=\"100%\" alt=\"Zelensky acusa a su par ruso y reclama ayuda a Europa \"><figcaption> Zelensky acusa a su par ruso y reclama ayuda a Europa. <\/figcaption><\/figure>\n<p>El organismo de salud de la ONU dijo que pr\u00f3ximamente dar\u00e1 al Ministerio de Salud ucraniano 15 generadores el\u00e9ctricos para hospitales y 20 ambulancias, que trabaja con las autoridades locales para construir hospitales de campa\u00f1a y coordina con varios pa\u00edses la apertura de cl\u00ednicas m\u00f3viles.<\/p>\n<p>En tanto, el presidente del Banco Mundial, David Malpass, alert\u00f3 que la guerra entre Rusia y Ucrania &#8220;ha desatado una reacci\u00f3n en cadena en la econom\u00eda mundial haciendo subir los precios de la energ\u00eda y los alimentos, lo cual agravar\u00e1 la pobreza, el hambre y el endeudamiento&#8221;, por lo que exhort\u00f3 a los pa\u00edses m\u00e1s desarrollados a &#8220;mantener los mercados abiertos y revertir las pol\u00edticas que concentran la riqueza&#8221;.<\/p>\n<p>&#8220;La guerra estall\u00f3 justo cuando la econom\u00eda mundial intentaba recuperarse de la pandemia de Covid-19 y los nuevos confinamientos en China a\u00f1adieron incertidumbre a la situaci\u00f3n&#8221;, declar\u00f3 Malpass durante un discurso en la capital de Polonia.<\/p>\n<p>En ese pa\u00eds est\u00e1n viviendo temporalmente m\u00e1s de la mitad de los 4,5 millones de refugiados ucranianos que huyeron de su pa\u00eds desde el inicio de la guerra, de acuerdo a datos de la Acnur, la agencia de la ONU para los refugiados. <\/p>\n","protected":false},"excerpt":{"rendered":"<p>Rusia acusa falta de colaboraci\u00f3n para llegar a acuerdos. Foto: AFP. Rusia y Ucrania coincidieron este martes en la dificultad de avanzar en las negociaciones de paz y mientras el mandatario ruso, Vladimir Putin, reafirm\u00f3 que su ej\u00e9rcito avanza &#8220;con calma&#8221; hacia el &#8220;objetivo fundamental&#8221; en el este, su par ucraniano, Volodimir Zelenski, denunci\u00f3 &#8220;violaciones&#8221; [&hellip;]<\/p>\n","protected":false},"author":1,"featured_media":53781,"comment_status":"closed","ping_status":"closed","sticky":false,"template":"","format":"standard","meta":[],"categories":[24],"tags":[],"_links":{"self":[{"href":"http:\/\/cordobadirecto.com\/index.php\/wp-json\/wp\/v2\/posts\/53780"}],"collection":[{"href":"http:\/\/cordobadirecto.com\/index.php\/wp-json\/wp\/v2\/posts"}],"about":[{"href":"http:\/\/cordobadirecto.com\/index.php\/wp-json\/wp\/v2\/types\/post"}],"author":[{"embeddable":true,"href":"http:\/\/cordobadirecto.com\/index.php\/wp-json\/wp\/v2\/users\/1"}],"replies":[{"embeddable":true,"href":"http:\/\/cordobadirecto.com\/index.php\/wp-json\/wp\/v2\/comments?post=53780"}],"version-history":[{"count":0,"href":"http:\/\/cordobadirecto.com\/index.php\/wp-json\/wp\/v2\/posts\/53780\/revisions"}],"wp:featuredmedia":[{"embeddable":true,"href":"http:\/\/cordobadirecto.com\/index.php\/wp-json\/wp\/v2\/media\/53781"}],"wp:attachment":[{"href":"http:\/\/cordobadirecto.com\/index.php\/wp-json\/wp\/v2\/media?parent=53780"}],"wp:term":[{"taxonomy":"category","embeddable":true,"href":"http:\/\/cordobadirecto.com\/index.php\/wp-json\/wp\/v2\/categories?post=53780"},{"taxonomy":"post_tag","embeddable":true,"href":"http:\/\/cordobadirecto.com\/index.php\/wp-json\/wp\/v2\/tags?post=53780"}],"curies":[{"name":"wp","href":"https:\/\/api.w.org\/{rel}","templated":true}]}}