{"id":53782,"date":"2022-04-12T19:22:40","date_gmt":"2022-04-12T19:22:40","guid":{"rendered":"https:\/\/cordoba.gob.ar\/?p=22001"},"modified":"2022-04-12T19:22:40","modified_gmt":"2022-04-12T19:22:40","slug":"restauracion-y-modernizacion-los-ejes-de-las-obras-para-recuperar-la-historica-plaza-colon","status":"publish","type":"post","link":"http:\/\/cordobadirecto.com\/index.php\/2022\/04\/12\/restauracion-y-modernizacion-los-ejes-de-las-obras-para-recuperar-la-historica-plaza-colon\/","title":{"rendered":"Restauraci\u00f3n y modernizaci\u00f3n: los ejes de las obras para recuperar la hist\u00f3rica Plaza Col\u00f3n"},"content":{"rendered":"<div><img src=\"http:\/\/cordobadirecto.com\/wp-content\/uploads\/2022\/04\/restauracion-y-modernizacion-los-ejes-de-las-obras-para-recuperar-la-historica-plaza-colon.jpg\" class=\"ff-og-image-inserted\"><\/div>\n<ul>\n<li><strong>Desde 1955 la plaza no ten\u00eda una intervenci\u00f3n de alto impacto.<\/strong><\/li>\n<li><strong>Las nuevas veredas con losetas gran\u00edticas est\u00e1n casi terminadas.<\/strong><\/li>\n<li><strong>Adem\u00e1s, tendr\u00e1 un Patio de las Infancias, canil para perros, postas gimn\u00e1sticas, riego por aspersi\u00f3n e iluminaci\u00f3n LED.&nbsp;<\/strong><\/li>\n<li><strong>Se trata de una doble intervenci\u00f3n: la minuciosa restauraci\u00f3n que respeta el dise\u00f1o original y las remodelaciones realizadas hace 67 a\u00f1os que se ejecutan en forma simult\u00e1nea a las tareas de modernizaci\u00f3n con equipamiento de vanguardia.&nbsp;<\/strong><\/li>\n<\/ul>\n<hr>\n<p>A trav\u00e9s de minuciosas y profundas tareas de restauraci\u00f3n, la Municipalidad de C\u00f3rdoba avanza en la recuperaci\u00f3n y modernizaci\u00f3n de la hist\u00f3rica Plaza Col\u00f3n, sin mayores intervenciones desde hace casi 70 a\u00f1os.<\/p>\n<p>El intendente Mart\u00edn Llaryora recorri\u00f3 la obra donde actualmente est\u00e1n casi terminados el reemplazo total de las muy da\u00f1adas losetas calc\u00e1reas de veredas por otras gran\u00edticas, fabricadas para reconstituir el tama\u00f1o y el dise\u00f1o original realizado por el arquitecto Carlos David en la remodelaci\u00f3n del a\u00f1o 1955. Las zonas con lajas tambi\u00e9n ser\u00e1n intervenidas.<\/p>\n<p><em>\u201cCada intervenci\u00f3n lleva mucho tiempo, requiere de un trabajo serio, puntilloso y detallista para recuperar una de las plazas m\u00e1s bellas que tiene el interior de la Argentina, siempre respetando el valor patrimonial, arquitect\u00f3nico e hist\u00f3rico\u201d<\/em>, dijo el intendente.<\/p>\n<p>En efecto, este pulm\u00f3n de la ciudad tiene valor hist\u00f3rico y cultural con m\u00e1s de 140 a\u00f1os de existencia, que contiene esculturas expuestas en la Exposici\u00f3n Universal de Par\u00eds en 1889 y luego fueron donadas a la ciudad.<\/p>\n<p>La condici\u00f3n de Monumento Hist\u00f3rico de la plaza Col\u00f3n, creada por ordenanza en el a\u00f1o 1892, implica tareas de precisi\u00f3n en la obra, previa aprobaci\u00f3n de t\u00e9cnicos de la Comisi\u00f3n Nacional de Monumentos, Lugares y Bienes Hist\u00f3ricos.<\/p>\n<p><em>\u201cTuvimos que cambiar todos los ca\u00f1os de agua para hacer una cisterna y despu\u00e9s proveer a los bebederos, a la fuente y adem\u00e1s le vamos a anexar la posibilidad de riego artificial\u201d<\/em>, destac\u00f3 Llaryora respecto a la complejidad de las tareas sobre el solado, donde se colocaron triductos bajo vereda para permitir diversas instalaciones para la provisi\u00f3n de servicios actuales y futuros como la red de datos para suministro de internet.<\/p>\n<p>Los trabajos en la plaza no terminan en la restauraci\u00f3n de las condiciones originales sino tambi\u00e9n en la modernizaci\u00f3n del lugar con nuevos espacios dotados de equipamiento de calidad, similares a los realizados en otros tantos lugares a trav\u00e9s del programa La Plaza de tu Barrio.<\/p>\n<p><em>\u201cLas familias que viven en departamentos en todo este sector y tienen ni\u00f1os, tendr\u00e1n un espacio para jugar, tambi\u00e9n vamos a hacer un canil para perros y un espacio para ejercicio f\u00edsico\u201d<\/em>, resalt\u00f3 el intendente especto a los nuevos sectores que modernizar\u00e1n las instalaciones sobre la calle Rodr\u00edguez Pe\u00f1a de la plaza central de barrio Alberdi, entre los que sumar\u00e1 iluminaci\u00f3n LED.<\/p>\n<p>Al finalizar los trabajos de colocaci\u00f3n de losetas y nuevo mobiliario, la plaza se prev\u00e9 abrir nuevamente al p\u00fablico en aproximadamente 90 d\u00edas. La inversi\u00f3n en esta primera etapa supera los 109 millones de pesos.<\/p>\n<p><em>\u201cLas plazas, los parques, la recuperaci\u00f3n del r\u00edo es la posibilidad de hacer una ciudad vivible con espacios p\u00fablicos de alta calidad, que es donde los vecinos pueden disfrutar\u201d<\/em>, enfatiz\u00f3 Llaryora al mencionar las distintas tareas por las que el municipio recupera lugares para el encuentro en los barrios.<\/p>\n<p><strong>La Plaza de tu Barrio<\/strong><\/p>\n<p>Actualmente existen 11 plazas en recuperaci\u00f3n simult\u00e1nea concretadas a trav\u00e9s de la Direcci\u00f3n de Espacios Verdes de la Secretar\u00eda de Gesti\u00f3n Ambiental del municipio. Busca dotar de instalaciones de calidad para el disfrute de los vecinos, especialmente en los barrios alejados del centro.<\/p>\n<p>S\u00f3lo en el a\u00f1o 2021 la inversi\u00f3n del Municipio fue de 1.100 millones de pesos y se proyectan otros 2.000 millones de pesos para el corriente a\u00f1o.<\/p>\n<p>Las tareas se desarrollan en plaza Rivadavia (Alta C\u00f3rdoba); plaza Jer\u00f3nimo del Barco (Alto Alberdi); plaza Gregoria Matorras (Gral. Bustos); Hero\u00ednas de Ayohuma (Patricios); plaza Andr\u00e9s Chazarreta (Los Naranjos); plaza Terminal de \u00d3mnibus (Nueva C\u00f3rdoba); la plaza Col\u00f3n (Alberdi); plaza Alem (Pueyrred\u00f3n); parque \u201cPueblo La Toma\u201d (Alto Alberdi); plaza sin nombre (Inaudi Anexo); plaza sin nombre (Inaudi).<\/p>\n","protected":false},"excerpt":{"rendered":"<p>Desde 1955 la plaza no ten\u00eda una intervenci\u00f3n de alto impacto. Las nuevas veredas con losetas gran\u00edticas est\u00e1n casi terminadas. Adem\u00e1s, tendr\u00e1 un Patio de las Infancias, canil para perros, postas gimn\u00e1sticas, riego por aspersi\u00f3n e iluminaci\u00f3n LED.&nbsp; Se trata de una doble intervenci\u00f3n: la minuciosa restauraci\u00f3n que respeta el dise\u00f1o original y las remodelaciones [&hellip;]<\/p>\n","protected":false},"author":1,"featured_media":53783,"comment_status":"closed","ping_status":"closed","sticky":false,"template":"","format":"standard","meta":[],"categories":[44],"tags":[],"_links":{"self":[{"href":"http:\/\/cordobadirecto.com\/index.php\/wp-json\/wp\/v2\/posts\/53782"}],"collection":[{"href":"http:\/\/cordobadirecto.com\/index.php\/wp-json\/wp\/v2\/posts"}],"about":[{"href":"http:\/\/cordobadirecto.com\/index.php\/wp-json\/wp\/v2\/types\/post"}],"author":[{"embeddable":true,"href":"http:\/\/cordobadirecto.com\/index.php\/wp-json\/wp\/v2\/users\/1"}],"replies":[{"embeddable":true,"href":"http:\/\/cordobadirecto.com\/index.php\/wp-json\/wp\/v2\/comments?post=53782"}],"version-history":[{"count":0,"href":"http:\/\/cordobadirecto.com\/index.php\/wp-json\/wp\/v2\/posts\/53782\/revisions"}],"wp:featuredmedia":[{"embeddable":true,"href":"http:\/\/cordobadirecto.com\/index.php\/wp-json\/wp\/v2\/media\/53783"}],"wp:attachment":[{"href":"http:\/\/cordobadirecto.com\/index.php\/wp-json\/wp\/v2\/media?parent=53782"}],"wp:term":[{"taxonomy":"category","embeddable":true,"href":"http:\/\/cordobadirecto.com\/index.php\/wp-json\/wp\/v2\/categories?post=53782"},{"taxonomy":"post_tag","embeddable":true,"href":"http:\/\/cordobadirecto.com\/index.php\/wp-json\/wp\/v2\/tags?post=53782"}],"curies":[{"name":"wp","href":"https:\/\/api.w.org\/{rel}","templated":true}]}}