{"id":53893,"date":"2022-04-12T23:05:24","date_gmt":"2022-04-12T23:05:24","guid":{"rendered":"http:\/\/cordobadirecto.com\/index.php\/2022\/04\/12\/puertorriquena-kany-garcia-trae-una-mesa-para-dos-a-tres-recitales-locales\/"},"modified":"2022-04-12T23:05:24","modified_gmt":"2022-04-12T23:05:24","slug":"puertorriquena-kany-garcia-trae-una-mesa-para-dos-a-tres-recitales-locales","status":"publish","type":"post","link":"http:\/\/cordobadirecto.com\/index.php\/2022\/04\/12\/puertorriquena-kany-garcia-trae-una-mesa-para-dos-a-tres-recitales-locales\/","title":{"rendered":"Puertorrique\u00f1a Kany Garc\u00eda trae una &#8220;Mesa para Dos&#8221; a tres recitales locales"},"content":{"rendered":"<figure class=\"mb-3\"><img loading=\"lazy\" src=\"http:\/\/cordobadirecto.com\/wp-content\/uploads\/2022\/04\/puertorriquena-kany-garcia-trae-una-mesa-para-dos-a-tres-recitales-locales.jpg\" width=\"100%\" height=\"100%\" alt=\"Telam SE\"><figcaption><\/figcaption><\/figure>\n<p>La autora y cantante puertorrique\u00f1a <strong>Kany Garc\u00eda<\/strong> traer\u00e1 su m\u00e1s reciente repertorio reunido en el disco <strong>\u201cMesa para Dos&#8221;<\/strong> a escenarios de Rosario, C\u00f3rdoba y Buenos Aires en junio pr\u00f3ximo.<\/p>\n<p><strong>Con cinco premios Grammy<\/strong> en su haber, la artista radicada en Miami logr\u00f3 reunir en su s\u00e9ptimo t\u00edtulo de estudio a un elenco internacional donde se cuenta el argentino <strong>Nahuel Pennis<\/strong>i y, adem\u00e1s, <strong>Leiva, Mon Laferte, Gusttavo Lima, Carlos Vives, Reik, Pedro Cap\u00f3, Goyo, Catalina Garc\u00eda, Carlos Rivera <\/strong>y<strong> Camilo.<\/strong><\/p>\n<div class=\"video_repositive\"> <a class=\"video_sticky\" href=\"javascript:void();\" onclick=\"removeStuckVideo(true);\"><i class=\"far fa-window-close\"><\/i><\/a> <\/p>\n<div id=\"nUoo0rwpRqk\" class=\"video_telam\" readability=\"6\">\n<div class=\"feature_article_inner\" readability=\"32\">\n<p><h2 class=\"text-center\">Kany Garc\u00eda &#8220;Mesa para dos&#8221;<\/h2>\n<\/p><\/div>\n<p>VER VIDEO <i class=\"fas fa-play\"><\/i><\/p>\n<\/p><\/div><\/div>\n<p>Sobre la presencia de Pennisi en ese staff, Garc\u00eda dijo a T\u00e9lam en junio de 2020, que <strong>\u201chab\u00eda hecho una fiesta y en mi lista de invitados, ten\u00eda a un gran amigo al que quer\u00eda mucho y a medianoche se acerca alguien y me pregunta por qu\u00e9 no lo invit\u00e9&#8230; Eso me pas\u00f3\u201d.<\/strong><\/p>\n<p><strong>\u201cSoy muy fan de la m\u00fasica de Nahuel, lo quiero mucho y coincidimos muchas veces en momentos muy importantes de nuestras vidas. En la canci\u00f3n, grab\u00f3 las guitarras e hizo las voces, y fue maravilloso tenerlo de alguna manera conmigo, pero lo invit\u00e9 con gran dolor porque quiero que cantemos una canci\u00f3n a d\u00fao. Esto fue como un aperitivo\u201d<\/strong>, agreg\u00f3.<\/p>\n<p>Ahora, en su tercera serie de actuaciones en el pa\u00eds, Kany podr\u00e1 cumplir ese cometido con Pennisi ya que s<strong>e presentar\u00e1 el 2 de junio en el Teatro Broadway de Rosario; el s\u00e1bado 4 llegar\u00e1 al Espacio Quality de C\u00f3rdoba; y una noche despu\u00e9s cantar\u00e1 en el Gran Rex porte\u00f1o.<\/strong> <\/p>\n","protected":false},"excerpt":{"rendered":"<p>La autora y cantante puertorrique\u00f1a Kany Garc\u00eda traer\u00e1 su m\u00e1s reciente repertorio reunido en el disco \u201cMesa para Dos&#8221; a escenarios de Rosario, C\u00f3rdoba y Buenos Aires en junio pr\u00f3ximo. Con cinco premios Grammy en su haber, la artista radicada en Miami logr\u00f3 reunir en su s\u00e9ptimo t\u00edtulo de estudio a un elenco internacional donde [&hellip;]<\/p>\n","protected":false},"author":1,"featured_media":53894,"comment_status":"closed","ping_status":"closed","sticky":false,"template":"","format":"standard","meta":[],"categories":[20],"tags":[],"_links":{"self":[{"href":"http:\/\/cordobadirecto.com\/index.php\/wp-json\/wp\/v2\/posts\/53893"}],"collection":[{"href":"http:\/\/cordobadirecto.com\/index.php\/wp-json\/wp\/v2\/posts"}],"about":[{"href":"http:\/\/cordobadirecto.com\/index.php\/wp-json\/wp\/v2\/types\/post"}],"author":[{"embeddable":true,"href":"http:\/\/cordobadirecto.com\/index.php\/wp-json\/wp\/v2\/users\/1"}],"replies":[{"embeddable":true,"href":"http:\/\/cordobadirecto.com\/index.php\/wp-json\/wp\/v2\/comments?post=53893"}],"version-history":[{"count":0,"href":"http:\/\/cordobadirecto.com\/index.php\/wp-json\/wp\/v2\/posts\/53893\/revisions"}],"wp:featuredmedia":[{"embeddable":true,"href":"http:\/\/cordobadirecto.com\/index.php\/wp-json\/wp\/v2\/media\/53894"}],"wp:attachment":[{"href":"http:\/\/cordobadirecto.com\/index.php\/wp-json\/wp\/v2\/media?parent=53893"}],"wp:term":[{"taxonomy":"category","embeddable":true,"href":"http:\/\/cordobadirecto.com\/index.php\/wp-json\/wp\/v2\/categories?post=53893"},{"taxonomy":"post_tag","embeddable":true,"href":"http:\/\/cordobadirecto.com\/index.php\/wp-json\/wp\/v2\/tags?post=53893"}],"curies":[{"name":"wp","href":"https:\/\/api.w.org\/{rel}","templated":true}]}}