{"id":53895,"date":"2022-04-12T23:05:26","date_gmt":"2022-04-12T23:05:26","guid":{"rendered":"http:\/\/cordobadirecto.com\/index.php\/2022\/04\/12\/sebastian-wainraich-vuelve-a-ser-casi-feliz-esta-es-la-historia-que-quiero-contar\/"},"modified":"2022-04-12T23:05:26","modified_gmt":"2022-04-12T23:05:26","slug":"sebastian-wainraich-vuelve-a-ser-casi-feliz-esta-es-la-historia-que-quiero-contar","status":"publish","type":"post","link":"http:\/\/cordobadirecto.com\/index.php\/2022\/04\/12\/sebastian-wainraich-vuelve-a-ser-casi-feliz-esta-es-la-historia-que-quiero-contar\/","title":{"rendered":"Sebasti\u00e1n Wainraich vuelve a ser &#8220;Casi feliz&#8221;: &#8220;Esta es la historia que quiero contar&#8221;"},"content":{"rendered":"<figure class=\"mb-3\"><img loading=\"lazy\" src=\"http:\/\/cordobadirecto.com\/wp-content\/uploads\/2022\/04\/sebastian-wainraich-vuelve-a-ser-casi-feliz-esta-es-la-historia-que-quiero-contar.jpg\" width=\"100%\" height=\"100%\" alt=\"Natalie Prez y Sebastin Wainraich en Casi feliz\"><figcaption> Natalie P\u00e9rez y Sebasti\u00e1n Wainraich en &#8220;Casi feliz&#8221;. <\/figcaption><\/figure>\n<p>El comediante, actor y conductor <strong>Sebasti\u00e1n Wainraich<\/strong> regresa a la pantalla chica del streaming con la segunda temporada de <strong>&#8220;Casi feliz&#8221;<\/strong>, que desembarcar\u00e1 ma\u00f1ana en Netflix con una continuaci\u00f3n de este relato semiautobiogr\u00e1fico que, en esta oportunidad, lo llevar\u00e1 a lidiar con nuevas situaciones personales y profesionales que lo incomodan mientras<strong> &#8220;intenta cambiar, dar un vuelco, mostrar su personalidad y luchar contra \u00e9l mismo&#8221;.<\/strong><\/p>\n<p><strong>&#8220;Todo es bastante honesto y transparente, no es una cuesti\u00f3n de rebeld\u00eda, de decir &#8216;hago lo que quiero y no me importa nada&#8217;, sino porque esta es simplemente la historia que quiero contar&#8221;<\/strong>, asegur\u00f3 en di\u00e1logo exclusivo con T\u00e9lam quien estuvo hist\u00f3ricamente al frente del ciclo <strong>&#8220;Metro y Medio&#8221;<\/strong> y desde el a\u00f1o pasado encabeza el staff de <strong>&#8220;Vuelta y media&#8221;<\/strong>, por Urbana Play FM.<\/p>\n<p>Para esta segunda entrega de ocho episodios, la tira a cargo del realizador <strong>Hern\u00e1n Guerschuny<\/strong> y creada por Wainraich retoma los hechos vistos en la primera temporada, cuando el inseguro y neur\u00f3tico protagonista de la trama, descubre que su expareja, Pilar (<strong>Natalie P\u00e9rez<\/strong>), est\u00e1 embarazada del aclamado escritor e intelectual Jes\u00fas Rocha (<strong>Rafael Ferro<\/strong>), con quien mantuvo un fugaz affaire.<\/p>\n<p>Sin saber c\u00f3mo manejar su mezcla de sorpresa, nostalgia por el pasado y su permanente pero -no tan- sepultado enamoramiento por ella, Sebasti\u00e1n intentar\u00e1 sostener sus espacios familiares y su necesidad de seguir adelante con su vida personal sin desubicarse ni causar malestares.<\/p>\n<div class=\"video_repositive\"> <a class=\"video_sticky\" href=\"javascript:void();\" onclick=\"removeStuckVideo(true);\"><i class=\"far fa-window-close\"><\/i><\/a> <\/p>\n<div id=\"R81970g7EmQ\" class=\"video_telam\">\n<div class=\"feature_article_inner\">\n<p><h2 class=\"text-center\">Trailer &#8220;Casi feliz&#8221;<\/h2>\n<\/p><\/div>\n<p>VER VIDEO <i class=\"fas fa-play\"><\/i><\/p>\n<\/p><\/div><\/div>\n<p>Es que la realidad parece ir m\u00e1s r\u00e1pido que su propia cabeza, y la lucha entre lo &#8220;viejo&#8221; y lo &#8220;nuevo&#8221;, las presiones de las redes sociales, los cambios en su trabajo -con la llegada de una nueva directora, interpretada por <strong>Carla Peterson<\/strong>&#8211; y la manifestaci\u00f3n de lo existencial a trav\u00e9s de la relaci\u00f3n con sus padres y su hermano, le suelen ganar de mano y lo sobrepasan en un mundo que le exige seguir adelante a\u00fan cuando no todo est\u00e1 resuelto en su interior.<\/p>\n<p>Esta segunda entrega llega luego de que la primera irrumpiera casi a principios de la pandemia de coronavirus, levantando un gran \u00e9xito entre el p\u00fablico local, que recibi\u00f3 muy bien el humor inspirado en los cl\u00e1sicos del stand-up estadounidense y la mirada ir\u00f3nica y c\u00ednica que propone &#8220;Casi feliz&#8221;.<\/p>\n<p>Su buen pasar por Netflix fue el pie necesario para darle luz verde a esta nueva tanda de episodios, producidos en un marco todav\u00eda algo golpeado por las consecuencias que tuvo el parate del Covid-19 en la industria audiovisual, que encontr\u00f3 un motivo para reconstruirse en el inter\u00e9s de las plataformas de streaming en apostar por contenidos de firma nacional.<\/p>\n<p><strong>&#8220;Genera much\u00edsimo laburo y la posibilidad de que el trabajo local se vea en otros pa\u00edses. Creo que son situaciones que demuestran que en Argentina podemos hacer cosas buenas, y sobre todo aprender, porque las plataformas tienen sus requisitos y cosas a las que nosotros no estamos acostumbrados. Es una forma de crecer y aprender c\u00f3mo se trabaja afuera&#8221;<\/strong>, coment\u00f3 al respecto Natalie P\u00e9rez, que acompa\u00f1\u00f3 a su colega en la conversaci\u00f3n con esta agencia.<\/p>\n<blockquote class><p>&#8220;Creo que es una serie para toda la familia y que en la primera temporada tambi\u00e9n se tocaron temas de ese tipo, pero puede ser que en esta ocasi\u00f3n se ampl\u00ede un poco.&#8221;<cite class=\"author\">Natalie P\u00e9rez<\/cite><\/p><\/blockquote>\n<p>A un d\u00eda de su llegada al streaming, los int\u00e9rpretes de &#8220;Casi feliz&#8221; adelantaron qu\u00e9 se ver\u00e1 en esta entrega y c\u00f3mo esperan que la reciban las audiencias.<\/p>\n<p><strong>T\u00e9lam: \u00bfC\u00f3mo es la &#8220;casi&#8221; felicidad que se va a ver esta temporada?<\/strong><\/p>\n<p>Sebasti\u00e1n Wainraich: Mi personaje tiene un l\u00edo tremendo con los v\u00ednculos, le cuesta instalarse ante los conflictos, ante las dem\u00e1s personas, y m\u00e1s all\u00e1 de eso hay un entorno que lo acecha. Tambi\u00e9n hay algo azaroso, porque de repente en esta temporada algunas cosas le empiezan a salir un poquito mejor, y cuando aparece cierta armon\u00eda, cierta estabilidad, siempre hay algo que lo mancha, que le molesta.<\/p>\n<p><strong>T: Quiz\u00e1s el mensaje es que hay que aprender a vivir con las contradicciones&#8230;<\/strong><\/p>\n<p>SW: S\u00ed, es un poco eso, pero creo que \u00e9l ni lleg\u00f3 a eso, no profundiz\u00f3 para llegar hasta ah\u00ed todav\u00eda y no se dio cuenta.<\/p>\n<p><strong>T: Los personajes de Pilar y sus hijos tienen m\u00e1s protagonismo esta temporada y eso invita a reflexionar m\u00e1s sobre algunos temas actuales como el g\u00e9nero. \u00bfC\u00f3mo trabajaron esa mirada?<\/strong><\/p>\n<p>Natalie P\u00e9rez: Creo que es una serie para toda la familia y que en la primera temporada tambi\u00e9n se tocaron temas de ese tipo, pero puede ser que en esta ocasi\u00f3n se ampl\u00ede un poco. Quiz\u00e1s alguna mujer se pueda sentir m\u00e1s identificada, con la maternidad, con el reencuentro con su propia madre, con la adolescencia. Seba decidi\u00f3 incluirlo y est\u00e1 buen\u00edsimo porque, por lo menos en Argentina, es algo que est\u00e1 muy presente en la sociedad y sobre todo en la juventud. Es un acierto visualizar esa situaci\u00f3n.<\/p>\n<p>SW: Me parece que es un buen planteo para los varones de mi generaci\u00f3n que quedamos en la mitad de lo cultural de nuestros viejos y de todo lo que se viene de nuestras hijas e hijos. A veces nos hacemos los cancheros, los progres, los s\u00faper deconstruidos, y nos encontramos con algunos planteos de los que no sabemos c\u00f3mo zafar y no encontramos las respuestas.<\/p>\n<p><strong>T: \u00bfQu\u00e9 expectativas tienen con el estreno?<\/strong><\/p>\n<p>NP: Creo que va a ser llamativa, tocamos temas que est\u00e1n piolas y la verdad que siento que la gente est\u00e1 hace rato pidiendo la segunda temporada. Se demor\u00f3 en llegar, as\u00ed que hay una ansiedad importante y creo que va a ser un \u00e9xito como la primera. Seba tiene mucha gente que lo quiere, con la radio y tantos a\u00f1os en sus programas, y creo que tambi\u00e9n ver esta especie de trama casi autobiogr\u00e1fica es divertido, pensar en que quiz\u00e1s son cosas que le pasan en la vida real.<\/p>\n<p>SW: La primera explot\u00f3, fue tremenda, y ahora est\u00e1n todos a la expectativa. De hecho, volvi\u00f3 a ser tendencia la primera mientras esper\u00e1bamos esta segunda, as\u00ed que las expectativas que tenemos son las mejores. Y creo que esta es todav\u00eda mejor que la primera. <\/p>\n","protected":false},"excerpt":{"rendered":"<p>Natalie P\u00e9rez y Sebasti\u00e1n Wainraich en &#8220;Casi feliz&#8221;. El comediante, actor y conductor Sebasti\u00e1n Wainraich regresa a la pantalla chica del streaming con la segunda temporada de &#8220;Casi feliz&#8221;, que desembarcar\u00e1 ma\u00f1ana en Netflix con una continuaci\u00f3n de este relato semiautobiogr\u00e1fico que, en esta oportunidad, lo llevar\u00e1 a lidiar con nuevas situaciones personales y profesionales [&hellip;]<\/p>\n","protected":false},"author":1,"featured_media":53896,"comment_status":"closed","ping_status":"closed","sticky":false,"template":"","format":"standard","meta":[],"categories":[20],"tags":[],"_links":{"self":[{"href":"http:\/\/cordobadirecto.com\/index.php\/wp-json\/wp\/v2\/posts\/53895"}],"collection":[{"href":"http:\/\/cordobadirecto.com\/index.php\/wp-json\/wp\/v2\/posts"}],"about":[{"href":"http:\/\/cordobadirecto.com\/index.php\/wp-json\/wp\/v2\/types\/post"}],"author":[{"embeddable":true,"href":"http:\/\/cordobadirecto.com\/index.php\/wp-json\/wp\/v2\/users\/1"}],"replies":[{"embeddable":true,"href":"http:\/\/cordobadirecto.com\/index.php\/wp-json\/wp\/v2\/comments?post=53895"}],"version-history":[{"count":0,"href":"http:\/\/cordobadirecto.com\/index.php\/wp-json\/wp\/v2\/posts\/53895\/revisions"}],"wp:featuredmedia":[{"embeddable":true,"href":"http:\/\/cordobadirecto.com\/index.php\/wp-json\/wp\/v2\/media\/53896"}],"wp:attachment":[{"href":"http:\/\/cordobadirecto.com\/index.php\/wp-json\/wp\/v2\/media?parent=53895"}],"wp:term":[{"taxonomy":"category","embeddable":true,"href":"http:\/\/cordobadirecto.com\/index.php\/wp-json\/wp\/v2\/categories?post=53895"},{"taxonomy":"post_tag","embeddable":true,"href":"http:\/\/cordobadirecto.com\/index.php\/wp-json\/wp\/v2\/tags?post=53895"}],"curies":[{"name":"wp","href":"https:\/\/api.w.org\/{rel}","templated":true}]}}