{"id":53899,"date":"2022-04-12T22:26:05","date_gmt":"2022-04-12T22:26:05","guid":{"rendered":"https:\/\/www.ole.com.ar\/autos\/sensores-mercedes-hamilton-russell_0_JlfUJ8B9SR.html"},"modified":"2022-04-12T22:26:05","modified_gmt":"2022-04-12T22:26:05","slug":"el-cambio-de-mercedes-que-afecto-a-hamilton-y-no-a-russell","status":"publish","type":"post","link":"http:\/\/cordobadirecto.com\/index.php\/2022\/04\/12\/el-cambio-de-mercedes-que-afecto-a-hamilton-y-no-a-russell\/","title":{"rendered":"El cambio de Mercedes que afect\u00f3 a Hamilton y no a Russell"},"content":{"rendered":"<p>El comienzo del Mundial de <a alt=\"formula-1\" class=\"slug\" href=\"https:\/\/www.ole.com.ar\/tema\/formula-1.html\" target=\"_blank\" title=\"formula-1\" rel=\"noopener\">F\u00f3rmula 1<\/a> no fue el mejor para <a alt=\"mercedes-benz\" class=\"slug\" href=\"https:\/\/www.ole.com.ar\/tema\/mercedes-benz.html\" target=\"_blank\" title=\"mercedes-benz\" rel=\"noopener\">Mercedes <\/a>y <a alt=\"lewis-hamilton\" class=\"slug\" href=\"https:\/\/www.ole.com.ar\/tema\/lewis-hamilton.html\" target=\"_blank\" title=\"lewis-hamilton\" rel=\"noopener\">Lewis Hamilton<\/a>. Luego de tres fechas, el auto del heptacampe\u00f3n del mundo a\u00fan no termina de arrancar y <strong>sufre por dem\u00e1s el denominado porposing<\/strong>, <a data-cke-saved-href=\"https:\/\/www.ole.com.ar\/autos\/porpoising-f1-alonso-ocon_0_yN7k1SFwZp.html\" target=\"_blank\" href=\"https:\/\/www.ole.com.ar\/autos\/porpoising-f1-alonso-ocon_0_yN7k1SFwZp.html\" rel=\"noopener\">efecto que hace rebotar al coche contra el suelo<\/a> en el final de las rectas.<\/p>\n<div class=\"sp__SM\">\n<div class=\"content-new \">\n<span class=\"tit-mobile\">Mir\u00e1 tambi\u00e9n<\/span><\/p>\n<div class=\"mg\">\n<div class=\"wrap-figure\">\n<picture>\n<a href=\"https:\/\/www.ole.com.ar\/autos\/calendario-tc2000_0_zPKPODAOfO.html\" target=\"_self\" rel=\"noopener\"><br \/>\n<img class=\"img-responsive\" alt=\"\u00bfQu\u00e9 circuitos visitar\u00e1 en 2022?\" src=\"http:\/\/cordobadirecto.com\/wp-content\/uploads\/2022\/04\/el-cambio-de-mercedes-que-afecto-a-hamilton-y-no-a-russell.jpg\" loading=\"lazy\"><br \/>\n<\/a>\n<\/picture>\n<\/div>\n<\/div><\/div>\n<\/div>\n<p>Es por eso que durante el reciente Gran Premio de Australia, <strong>el equipo del brit\u00e1nico puso sensores en su monoplaza para obtener m\u00e1s respuestas en pos de solucionar este inconveniente<\/strong>. Sin embargo, la desventaja de estos es que a\u00f1aden casi dos kilos m\u00e1s de peso.&nbsp;<\/p>\n<div class=\"sp__Normal\">\n<div class=\"image-embeb image-trigger\" readability=\"6.5\">\n<picture><source media=\"(min-width: 720px)\" srcset=\"http:\/\/cordobadirecto.com\/wp-content\/uploads\/2022\/04\/el-cambio-de-mercedes-que-afecto-a-hamilton-y-no-a-russell-1.jpg\"><img itemprop=\"image\" src=\"http:\/\/cordobadirecto.com\/wp-content\/uploads\/2022\/04\/el-cambio-de-mercedes-que-afecto-a-hamilton-y-no-a-russell-1.jpg\" loading=\"lazy\" alt=\"Hamilton, preocupado (Reuters).\">\n<\/picture><figcaption readability=\"3\">\n<p>Hamilton, preocupado (Reuters).\n<\/p>\n<\/figcaption><\/div>\n<\/div>\n<p>\u201cTengo algo en mi coche que lo hace m\u00e1s pesado, pero no es un perjuicio muy grande. <strong>Esperemos que ayude al equipo a obtener m\u00e1s informaci\u00f3n de la carrera<\/strong>\u201d, le dijo Hamilton a Sky.<\/p>\n<div class=\"sp__SM\">\n<div class=\"content-new \">\n<span class=\"tit-mobile\">Mir\u00e1 tambi\u00e9n<\/span><\/p>\n<div class=\"mg\">\n<div class=\"wrap-figure\">\n<picture>\n<a href=\"https:\/\/www.ole.com.ar\/autos\/piloto-ruso-investigado_0_WzL4H3KdKD.html\" target=\"_self\" rel=\"noopener\"><br \/>\n<img class=\"img-responsive\" alt=\"El piloto ruso que es investigado por hacer un pol\u00e9mico gesto\" src=\"http:\/\/cordobadirecto.com\/wp-content\/uploads\/2022\/04\/el-cambio-de-mercedes-que-afecto-a-hamilton-y-no-a-russell-2.jpg\" loading=\"lazy\"><br \/>\n<\/a>\n<\/picture>\n<\/div>\n<\/div><\/div>\n<\/div>\n<p>El problema es que por ese exceso de kilaje, <strong>el auto de Lewis no rindi\u00f3 como se esperaba y ni siquiera lo hizo como el de su compa\u00f1ero<\/strong>, George Russell, quien no debi\u00f3 llevar aquella carga. Al cabo, el reci\u00e9n llegado al equipo termin\u00f3 3\u00b0 mientras que Hamilton figur\u00f3 4\u00b0 sin chances de subir a su segundo podio del a\u00f1o. El primero fue en el debut de Barein, cuando Lewis aprovech\u00f3 que se quedaron <a alt=\"max-verstappen\" class=\"slug\" href=\"https:\/\/www.ole.com.ar\/tema\/max-verstappen.html\" target=\"_blank\" title=\"max-verstappen\" rel=\"noopener\">Max Verstappen<\/a> y <a alt=\"sergio-perez\" class=\"slug\" href=\"https:\/\/www.ole.com.ar\/tema\/sergio-perez.html\" target=\"_blank\" title=\"sergio-perez\" rel=\"noopener\">Sergio P\u00e9rez<\/a>.<\/p>\n<div class=\"sp__Normal\">\n<div class=\"image-embeb image-trigger\" readability=\"6\">\n<picture><source media=\"(min-width: 720px)\" srcset=\"http:\/\/cordobadirecto.com\/wp-content\/uploads\/2022\/04\/el-cambio-de-mercedes-que-afecto-a-hamilton-y-no-a-russell-3.jpg\"><img itemprop=\"image\" src=\"http:\/\/cordobadirecto.com\/wp-content\/uploads\/2022\/04\/el-cambio-de-mercedes-que-afecto-a-hamilton-y-no-a-russell-3.jpg\" loading=\"lazy\" alt=\"Russell lleg\u00f3 al podio en Australia con Mercedes (Reuters).\">\n<\/picture><figcaption readability=\"2\">\n<p>Russell lleg\u00f3 al podio en Australia con Mercedes (Reuters).\n<\/p>\n<\/figcaption><\/div>\n<\/div>\n<p>El tema de los sensores sali\u00f3 a la luz porque, justamente, <strong>se not\u00f3 un brillo especial que irradiaba desde el piso del W13 que manejaba Hamilton<\/strong>. Ese resplandor no se generaba por el sol que por momentos les daba de frente a los pilotos, sino por los sensores.<\/p>\n<div class=\"sp__SM\">\n<div class=\"content-new \">\n<span class=\"tit-mobile\">Mir\u00e1 tambi\u00e9n<\/span><\/p>\n<div class=\"mg\">\n<div class=\"wrap-figure\">\n<picture>\n<a href=\"https:\/\/www.ole.com.ar\/autos\/verstappen-formula1-gpaustralia-leclerc_0_PLiY9gUgFW.html\" target=\"_self\" rel=\"noopener\"><br \/>\n<img class=\"img-responsive\" alt=\"Verstappen y su abandono: &quot;No pienso en luchar por el campeonato&quot;\" src=\"http:\/\/cordobadirecto.com\/wp-content\/uploads\/2022\/04\/el-cambio-de-mercedes-que-afecto-a-hamilton-y-no-a-russell-4.jpg\" loading=\"lazy\"><br \/>\n<\/a>\n<\/picture>\n<\/div>\n<\/div><\/div>\n<\/div>\n<p>Estos aparatos&nbsp;emiten una luz cuando se encienden, y miden la altura a la que se encuentra la carrocer\u00eda, as\u00ed como la trayectoria del coche en relaci\u00f3n con la pista, <strong>por lo que pueden utilizarse para obtener respuestas sobre qu\u00e9 es exactamente lo que ocurre <\/strong>mientras el auto marcha sobre el circuito.<\/p>\n<div class=\"sp__Normal\">\n<div class=\"image-embeb image-trigger\" readability=\"6.5\">\n<picture><source media=\"(min-width: 720px)\" srcset=\"http:\/\/cordobadirecto.com\/wp-content\/uploads\/2022\/04\/el-cambio-de-mercedes-que-afecto-a-hamilton-y-no-a-russell-5.jpg\"><img itemprop=\"image\" src=\"http:\/\/cordobadirecto.com\/wp-content\/uploads\/2022\/04\/el-cambio-de-mercedes-que-afecto-a-hamilton-y-no-a-russell-5.jpg\" loading=\"lazy\" alt=\"Charles Leclerc, l\u00edder del torneo (AP).\">\n<\/picture><figcaption readability=\"3\">\n<p>Charles Leclerc, l\u00edder del torneo (AP).\n<\/p>\n<\/figcaption><\/div>\n<\/div>\n<p>En Mercedes creen que esos detectores deber\u00edan terminar de ofrecer la informaci\u00f3n de por qu\u00e9 se da aquel efecto rebote por el cual tanto pena el auto y le hace perder rendimiento. En ese sentido, <strong>Toto Wolff, jefe de equipo, admiti\u00f3 la necesidad de encontrar &#8220;algunos gremlings ocultos que hay en el coche&#8221;.<\/strong><\/p>\n<div class=\"sp__SM\">\n<div class=\"content-new \">\n<span class=\"tit-mobile\">Mir\u00e1 tambi\u00e9n<\/span><\/p>\n<div class=\"mg\">\n<div class=\"wrap-figure\">\n<picture>\n<a href=\"https:\/\/www.ole.com.ar\/autos\/hamilton-normativa-fia-joyas-formula-1_0_80gdrFBonO.html\" target=\"_self\" rel=\"noopener\"><br \/>\n<img class=\"img-responsive\" alt=\"Hamilton contraataca a la FIA: no acatar\u00e1 una nueva normativa\" src=\"http:\/\/cordobadirecto.com\/wp-content\/uploads\/2022\/04\/el-cambio-de-mercedes-que-afecto-a-hamilton-y-no-a-russell-6.jpg\" loading=\"lazy\"><br \/>\n<\/a>\n<\/picture>\n<\/div>\n<\/div><\/div>\n<\/div>\n<p>Este tipo de dispositivos e<strong>s bastante com\u00fan en la F\u00f3rmula 1, pero normalmente solo se instalan en las sesiones de entrenamientos libres<\/strong>, ya que a\u00f1aden un peso extra al coche, lo cual se trata de evitar durante las carreras de los domingos.<\/p>\n<p>La b\u00fasqueda de respuestas al rebote significa que Mercedes <strong>ha dejado de lado las mejoras aerodin\u00e1micas<\/strong> y se centra en solucionar de a uno sus problemas.&nbsp;<\/p>\n<div class=\"sp__SM\">\n<div class=\"content-new \">\n<span class=\"tit-mobile\">Mir\u00e1 tambi\u00e9n<\/span><\/p>\n<div class=\"mg\">\n<div class=\"wrap-figure\">\n<picture>\n<a href=\"https:\/\/www.ole.com.ar\/autos\/santero-hablo-orden-equipo_0_4aAXxPETsu.html\" target=\"_self\" rel=\"noopener\"><br \/>\n<img class=\"img-responsive\" alt=\"&quot;Llaver me parece un piloto de primera, pero algunos lo subestiman&quot;\" src=\"http:\/\/cordobadirecto.com\/wp-content\/uploads\/2022\/04\/el-cambio-de-mercedes-que-afecto-a-hamilton-y-no-a-russell-7.jpg\" loading=\"lazy\"><br \/>\n<\/a>\n<\/picture>\n<\/div>\n<\/div><\/div>\n<\/div>\n<p>Por esto mismo, el equipo no ha introducido todav\u00eda un aler\u00f3n trasero de baja carga y <strong>sigue utilizando una versi\u00f3n modificada del aler\u00f3n de alta carga aerodin\u00e1mica<\/strong>, que es con el que empez\u00f3 la temporada.<\/p>\n<h2>Las posiciones<\/h2>\n<p>Tras <a data-cke-saved-href=\"https:\/\/www.ole.com.ar\/autos\/leclerc-gano-gp-australia-formula-1_0_9nNIzJZ8tV.html\" target=\"_blank\" href=\"https:\/\/www.ole.com.ar\/autos\/leclerc-gano-gp-australia-formula-1_0_9nNIzJZ8tV.html\" rel=\"noopener\">la carrera en Australia que gan\u00f3 Charles Leclerc con Ferrari<\/a>, <strong>el ingl\u00e9s se ubica 5\u00b0 en la tabla de posiciones con 28 puntos, a 43 del l\u00edder, que tiene 71; Russell va 2\u00b0 con 37 y despu\u00e9s la otra Ferrari, de Carlos Sainz (33), pegado est\u00e1 el Red Bull de P\u00e9rez (30)<\/strong>. Verstappen, el defensor del t\u00edtulo, va sexto con 25 La pr\u00f3xima cita ser\u00e1 el fin de semana del 24 de abril en el Gran Premio de Emilia-Roma\u00f1a.<\/p>\n<div class=\"entry-tags\">\n<h2>TEMAS QUE APARECEN EN ESTA NOTA<\/h2>\n<\/p><\/div>\n","protected":false},"excerpt":{"rendered":"<p>El comienzo del Mundial de F\u00f3rmula 1 no fue el mejor para Mercedes y Lewis Hamilton. Luego de tres fechas, el auto del heptacampe\u00f3n del mundo a\u00fan no termina de arrancar y sufre por dem\u00e1s el denominado porposing, efecto que hace rebotar al coche contra el suelo en el final de las rectas. Mir\u00e1 tambi\u00e9n [&hellip;]<\/p>\n","protected":false},"author":1,"featured_media":53900,"comment_status":"closed","ping_status":"closed","sticky":false,"template":"","format":"standard","meta":[],"categories":[21],"tags":[],"_links":{"self":[{"href":"http:\/\/cordobadirecto.com\/index.php\/wp-json\/wp\/v2\/posts\/53899"}],"collection":[{"href":"http:\/\/cordobadirecto.com\/index.php\/wp-json\/wp\/v2\/posts"}],"about":[{"href":"http:\/\/cordobadirecto.com\/index.php\/wp-json\/wp\/v2\/types\/post"}],"author":[{"embeddable":true,"href":"http:\/\/cordobadirecto.com\/index.php\/wp-json\/wp\/v2\/users\/1"}],"replies":[{"embeddable":true,"href":"http:\/\/cordobadirecto.com\/index.php\/wp-json\/wp\/v2\/comments?post=53899"}],"version-history":[{"count":0,"href":"http:\/\/cordobadirecto.com\/index.php\/wp-json\/wp\/v2\/posts\/53899\/revisions"}],"wp:featuredmedia":[{"embeddable":true,"href":"http:\/\/cordobadirecto.com\/index.php\/wp-json\/wp\/v2\/media\/53900"}],"wp:attachment":[{"href":"http:\/\/cordobadirecto.com\/index.php\/wp-json\/wp\/v2\/media?parent=53899"}],"wp:term":[{"taxonomy":"category","embeddable":true,"href":"http:\/\/cordobadirecto.com\/index.php\/wp-json\/wp\/v2\/categories?post=53899"},{"taxonomy":"post_tag","embeddable":true,"href":"http:\/\/cordobadirecto.com\/index.php\/wp-json\/wp\/v2\/tags?post=53899"}],"curies":[{"name":"wp","href":"https:\/\/api.w.org\/{rel}","templated":true}]}}