{"id":53901,"date":"2022-04-12T17:50:07","date_gmt":"2022-04-12T17:50:07","guid":{"rendered":"https:\/\/www.ole.com.ar\/autos\/calendario-tc2000_0_zPKPODAOfO.html"},"modified":"2022-04-12T17:50:07","modified_gmt":"2022-04-12T17:50:07","slug":"que-circuitos-visitara-en-2022","status":"publish","type":"post","link":"http:\/\/cordobadirecto.com\/index.php\/2022\/04\/12\/que-circuitos-visitara-en-2022\/","title":{"rendered":"\u00bfQu\u00e9 circuitos visitar\u00e1 en 2022?"},"content":{"rendered":"<p>En una conferencia de prensa que se llev\u00f3 a cabo Alejandro y Diego Levy, due\u00f1os del TC2000, se comunic\u00f3 los escenarios que visitar\u00e1 la categor\u00eda en las pr\u00f3ximas fechas. Aunque falta por definir los aut\u00f3dromos de las 3\u00b0 y 6\u00b0 fecha.<\/p>\n<div class=\"sp__SM\">\n<div class=\"content-new \">\n<span class=\"tit-mobile\">Mir\u00e1 tambi\u00e9n<\/span><\/p>\n<div class=\"mg\">\n<div class=\"wrap-figure\">\n<picture>\n<a href=\"https:\/\/www.ole.com.ar\/autos\/santero-hablo-orden-equipo_0_4aAXxPETsu.html\" target=\"_self\" rel=\"noopener\"><br \/>\n<img class=\"img-responsive\" alt=\"&quot;Llaver me parece un piloto de primera, pero algunos lo subestiman&quot;\" src=\"http:\/\/cordobadirecto.com\/wp-content\/uploads\/2022\/04\/que-circuitos-visitara-en-2022.jpg\" loading=\"lazy\"><br \/>\n<\/a>\n<\/picture>\n<\/div>\n<\/div><\/div>\n<\/div>\n<p> <mark>La pr\u00f3xima fecha se desarrollar\u00e1 el 1\u00b0 de mayo y todav\u00eda no est\u00e1 el escenario confirmado pero hay tres ciudades que tienen intenciones de recibir esa cita del TC2000. <\/mark>Por su parte, la presentaci\u00f3n en Rafaela del 24 de julio ser\u00e1 la \u201cSemana de la Velocidad\u201d con el Top Race en conjunto con el CARX.<\/p>\n<p>Adem\u00e1s, los cl\u00e1sicos 200 Kil\u00f3metros de Buenos Aires ser\u00e1n el 2 de octubre y el <mark>Gran Premio Coronaci\u00f3n ser\u00e1 el 12 de noviembre en el aut\u00f3dromo de Concepci\u00f3n del Uruguay.<\/mark><\/p>\n<div class=\"sp__SM\">\n<div class=\"content-new \">\n<span class=\"tit-mobile\">Mir\u00e1 tambi\u00e9n<\/span><\/p>\n<div class=\"mg\">\n<div class=\"wrap-figure\">\n<picture>\n<a href=\"https:\/\/www.ole.com.ar\/autos\/canapino-gano-bahia-blanca_0_uT7VdDopfE.html\" target=\"_self\" rel=\"noopener\"><br \/>\n<img class=\"img-responsive\" alt=\"\u00a1Gan\u00f3 el campe\u00f3n!\" src=\"http:\/\/cordobadirecto.com\/wp-content\/uploads\/2022\/04\/que-circuitos-visitara-en-2022-1.jpg\" loading=\"lazy\"><br \/>\n<\/a>\n<\/picture>\n<\/div>\n<\/div><\/div>\n<\/div>\n<p><mark>Calendario 2022 &#8211; TC2000:<\/mark><\/p>\n<p>3\u00b0 fecha \u2013 1\u00b0 de mayo: A confirmar<\/p>\n<p>4\u00b0 fecha- 22 de mayo: Neuqu\u00e9n<\/p>\n<p>5\u00b0 fecha \u2013 12 de junio: Termas de R\u00edo Hondo<\/p>\n<p>6\u00b0 fecha &#8211; 3 de julio: Alta Gracia (a confirmar)<\/p>\n<p>7\u00b0 fecha &#8211; 24 de julio: Rafaela<\/p>\n<p>8\u00b0 fecha \u2013 14 de agosto: La Pampa<\/p>\n<p>9\u00b0 fecha \u2013 11 de septiembre: Villicum<\/p>\n<p>10\u00b0 fecha &#8211; 2 de octubre: 200 Kil\u00f3metros de Buenos Aires<\/p>\n<p>11\u00b0 fecha \u2013 23 de octubre: La Pedrera<\/p>\n<p>12\u00b0 fecha \u2013 12 de noviembre: Concepci\u00f3n del Uruguay <\/p>\n<div class=\"entry-tags\">\n<h2>TEMAS QUE APARECEN EN ESTA NOTA<\/h2>\n<\/p><\/div>\n","protected":false},"excerpt":{"rendered":"<p>En una conferencia de prensa que se llev\u00f3 a cabo Alejandro y Diego Levy, due\u00f1os del TC2000, se comunic\u00f3 los escenarios que visitar\u00e1 la categor\u00eda en las pr\u00f3ximas fechas. Aunque falta por definir los aut\u00f3dromos de las 3\u00b0 y 6\u00b0 fecha. Mir\u00e1 tambi\u00e9n La pr\u00f3xima fecha se desarrollar\u00e1 el 1\u00b0 de mayo y todav\u00eda no [&hellip;]<\/p>\n","protected":false},"author":1,"featured_media":53902,"comment_status":"closed","ping_status":"closed","sticky":false,"template":"","format":"standard","meta":[],"categories":[21],"tags":[],"_links":{"self":[{"href":"http:\/\/cordobadirecto.com\/index.php\/wp-json\/wp\/v2\/posts\/53901"}],"collection":[{"href":"http:\/\/cordobadirecto.com\/index.php\/wp-json\/wp\/v2\/posts"}],"about":[{"href":"http:\/\/cordobadirecto.com\/index.php\/wp-json\/wp\/v2\/types\/post"}],"author":[{"embeddable":true,"href":"http:\/\/cordobadirecto.com\/index.php\/wp-json\/wp\/v2\/users\/1"}],"replies":[{"embeddable":true,"href":"http:\/\/cordobadirecto.com\/index.php\/wp-json\/wp\/v2\/comments?post=53901"}],"version-history":[{"count":0,"href":"http:\/\/cordobadirecto.com\/index.php\/wp-json\/wp\/v2\/posts\/53901\/revisions"}],"wp:featuredmedia":[{"embeddable":true,"href":"http:\/\/cordobadirecto.com\/index.php\/wp-json\/wp\/v2\/media\/53902"}],"wp:attachment":[{"href":"http:\/\/cordobadirecto.com\/index.php\/wp-json\/wp\/v2\/media?parent=53901"}],"wp:term":[{"taxonomy":"category","embeddable":true,"href":"http:\/\/cordobadirecto.com\/index.php\/wp-json\/wp\/v2\/categories?post=53901"},{"taxonomy":"post_tag","embeddable":true,"href":"http:\/\/cordobadirecto.com\/index.php\/wp-json\/wp\/v2\/tags?post=53901"}],"curies":[{"name":"wp","href":"https:\/\/api.w.org\/{rel}","templated":true}]}}