{"id":53917,"date":"2022-04-13T04:41:56","date_gmt":"2022-04-13T04:41:56","guid":{"rendered":"http:\/\/estaciontrip.com.ar\/?p=6792"},"modified":"2022-04-13T04:41:56","modified_gmt":"2022-04-13T04:41:56","slug":"cordoba-a-pleno-en-otono-y-semana-santa","status":"publish","type":"post","link":"http:\/\/cordobadirecto.com\/index.php\/2022\/04\/13\/cordoba-a-pleno-en-otono-y-semana-santa\/","title":{"rendered":"C\u00f3rdoba a pleno en oto\u00f1o y Semana Santa"},"content":{"rendered":"<p><em>La Provincia present\u00f3 su oferta tur\u00edstica y cultural para los d\u00edas de celebraci\u00f3n de las Pascuas y los meses oto\u00f1ales.<\/em><\/p>\n<p>\u00ab<em>C\u00f3rdoba es un destino ideal para visitar durante Semana Santa porque es tierra de fe y de bellos paisajes, brinda la posibilidad de tomar contacto directo con la naturaleza, con la tranquilidad y la espiritualidad, pero a su vez tambi\u00e9n ofrece opciones para la aventura, el deporte, el entretenimiento, la danza, el arte, la cultura y la deliciosa gastronom\u00eda. Todo enmarcado por una excelente infraestructura de alojamiento y servicios\u201d<\/em> -describi\u00f3 Esteban Avil\u00e9s, Presidente de la Agencia C\u00f3rdoba Turismo durante la presentaci\u00f3n de la oferta tur\u00edstica y cultural que se avecinan.<\/p>\n<p>La&nbsp;<strong>Campa\u00f1a de Oto\u00f1o<\/strong>&nbsp;y el calendario de propuestas, actividades y espect\u00e1culos que se llevar\u00e1n a cabo en el marco de<strong>&nbsp;Semana Santa 2022<\/strong>&nbsp;fueron presentados durante un evento encabezado por las agencias C\u00f3rdoba Turismo y Cultura, respectivamente. Asimismo, acompa\u00f1\u00f3 el presidente de FEHGRA,&nbsp;Fernando Desbots.<\/p>\n<div id=\"envira-gallery-wrap-6795\" class=\"envira-gallery-wrap envira-gallery-theme-base envira-lightbox-theme-base\" itemscope itemtype=\"https:\/\/schema.org\/ImageGallery\">\n<div data-row-height data-gallery-theme id=\"envira-gallery-6795\" class=\"envira-gallery-public envira-gallery-1-columns envira-clear enviratope envira-gallery-css-animations\" data-envira-columns=\"1\">\n<div id=\"envira-gallery-item-6796\" class=\"envira-gallery-item enviratope-item envira-gallery-item-1 envira-lazy-load\" itemscope itemtype=\"https:\/\/schema.org\/ImageObject\">\n<div class=\"envira-gallery-item-inner\"><a href=\"http:\/\/cordobadirecto.com\/wp-content\/uploads\/2022\/04\/cordoba-a-pleno-en-otono-y-semana-santa-1.jpg\" class=\"envira-gallery-6795 envira-gallery-link\" rel=\"enviragallery6795\" title=\"C\u00f3rdoba a pleno en oto\u00f1o\" data-envira-caption=\"C\u00f3rdoba a pleno en oto\u00f1o\" data-envira-retina data-thumbnail itemprop=\"contentUrl\"><\/p>\n<div class=\"envira-lazy\" data-test-width=\"640\" data-test-height=\"480\"><img id=\"envira-gallery-image-6796\" class=\"envira-gallery-image envira-gallery-image-1\" data-envira-index=\"1\" src=\"http:\/\/cordobadirecto.com\/wp-content\/uploads\/2022\/04\/cordoba-a-pleno-en-otono-y-semana-santa.jpg\" data-envira-src=\"http:\/\/cordobadirecto.com\/wp-content\/uploads\/2022\/04\/cordoba-a-pleno-en-otono-y-semana-santa.jpg\" data-envira-gallery-id=\"6795\" data-envira-item-id=\"6796\" data-envira-caption=\"C\u00f3rdoba a pleno en oto\u00f1o\" alt title=\"C\u00f3rdoba a pleno en oto\u00f1o\" itemprop=\"thumbnailUrl\" data-envira-srcset=\"http:\/\/cordobadirecto.com\/wp-content\/uploads\/2022\/04\/cordoba-a-pleno-en-otono-y-semana-santa.jpg 400w,http:\/\/cordobadirecto.com\/wp-content\/uploads\/2022\/04\/cordoba-a-pleno-en-otono-y-semana-santa.jpg 2x\" srcset=\"data:image\/gif;base64,R0lGODlhAQABAIAAAP\/\/\/\/\/\/\/yH5BAEKAAEALAAAAAABAAEAAAICTAEAOw==\"><\/div>\n<p><\/a><\/div>\n<\/div>\n<\/div>\n<\/div>\n<p><noscript><img src=\"http:\/\/cordobadirecto.com\/wp-content\/uploads\/2022\/04\/cordoba-a-pleno-en-otono-y-semana-santa-1.jpg\" alt><\/noscript> <\/p>\n<p>En el&nbsp;<strong>Centro de Convenciones C\u00f3rdoba<\/strong> participaron los representantes de las c\u00e1maras y asociaciones del sector privado de la provincia, empresarios, gestores y actores tur\u00edsticos y culturales, intendentes, jefes comunales, directores y secretarios de turismo de municipios tur\u00edsticos y medios de prensa de toda la provincia.<\/p>\n<p><em>\u201cLuego de un gran verano, C\u00f3rdoba nuevamente se prepara para recibir a miles de turistas durante la Semana Santa, porque la provincia vuelve a ser uno de los destinos tur\u00edsticos preferidos de los argentinos para esta fecha. Nuestro territorio se moviliza para proponer una excelente programaci\u00f3n de actividades y eventos. Hoy est\u00e1n aqu\u00ed presentes algunos de los intendentes y secretarios de turismo de muchas localidades, a quienes quiero agradecerles el permanente compromiso con sus destinos y el respeto y la calidad con la cual atienden a los turistas que los eligen<\/em>\u201c, se\u00f1al\u00f3&nbsp;<strong>Esteban Avil\u00e9s<\/strong>.<\/p>\n<p>Por su parte, la titular de C\u00f3rdoba Cultura, <strong>Nora Bedano<\/strong>&nbsp;expres\u00f3: \u201c<em>Me siento muy feliz de que podamos sumar el arte al turismo. Lo que se produce art\u00edsticamente en C\u00f3rdoba tiene nivel internacional y es una de nuestras principales marcas de identidad. Por lo que se nos conoce y reconoce en todo el mundo\u201d.<\/em><\/p>\n<p>Como un&nbsp;<strong>destino ideal para vivir la Semana Santa<\/strong>, C\u00f3rdoba ofrece cada a\u00f1o a miles de visitantes su historia, sus paisajes, naturaleza y su rico legado jesuita, adem\u00e1s de variadas actividades que se desarrollan con los protocolos sanitarios correspondientes, y que tienen lugar en distintos puntos tur\u00edsticos de la provincia.<\/p>\n<p>De esta forma C\u00f3rdoba se destaca como el<strong>&nbsp;principal destino del interior<\/strong>&nbsp;del pa\u00eds para estos d\u00edas y en ese sentido vale destacar que para Semana Santa las distintas secretar\u00edas de turismo informaron que las reservas para el fin de semana del 14 al 17 de abril&nbsp; son muy interesantes.<\/p>\n<p><strong>Una por una todas las propuestas, con d\u00eda, lugar y horarios en el siguiente enlace:<\/strong><\/p>\n<p><a href=\"https:\/\/www.cordobaturismo.gov.ar\/actividades-para-disfrutar-en-cordoba-esta-semana-santa-2022\/\" target=\"_blank\" rel=\"noreferrer noopener\"><strong>Actividades para disfrutar en C\u00f3rdoba esta Semana Santa 2022<\/strong><\/a><\/p>\n","protected":false},"excerpt":{"rendered":"<p>La Provincia present\u00f3 su oferta tur\u00edstica y cultural para los d\u00edas de celebraci\u00f3n de las Pascuas y los meses oto\u00f1ales. \u00abC\u00f3rdoba es un destino ideal para visitar durante Semana Santa porque es tierra de fe y de bellos paisajes, brinda la posibilidad de tomar contacto directo con la naturaleza, con la tranquilidad y la espiritualidad, [&hellip;]<\/p>\n","protected":false},"author":1,"featured_media":53918,"comment_status":"closed","ping_status":"closed","sticky":false,"template":"","format":"standard","meta":[],"categories":[22],"tags":[],"_links":{"self":[{"href":"http:\/\/cordobadirecto.com\/index.php\/wp-json\/wp\/v2\/posts\/53917"}],"collection":[{"href":"http:\/\/cordobadirecto.com\/index.php\/wp-json\/wp\/v2\/posts"}],"about":[{"href":"http:\/\/cordobadirecto.com\/index.php\/wp-json\/wp\/v2\/types\/post"}],"author":[{"embeddable":true,"href":"http:\/\/cordobadirecto.com\/index.php\/wp-json\/wp\/v2\/users\/1"}],"replies":[{"embeddable":true,"href":"http:\/\/cordobadirecto.com\/index.php\/wp-json\/wp\/v2\/comments?post=53917"}],"version-history":[{"count":0,"href":"http:\/\/cordobadirecto.com\/index.php\/wp-json\/wp\/v2\/posts\/53917\/revisions"}],"wp:featuredmedia":[{"embeddable":true,"href":"http:\/\/cordobadirecto.com\/index.php\/wp-json\/wp\/v2\/media\/53918"}],"wp:attachment":[{"href":"http:\/\/cordobadirecto.com\/index.php\/wp-json\/wp\/v2\/media?parent=53917"}],"wp:term":[{"taxonomy":"category","embeddable":true,"href":"http:\/\/cordobadirecto.com\/index.php\/wp-json\/wp\/v2\/categories?post=53917"},{"taxonomy":"post_tag","embeddable":true,"href":"http:\/\/cordobadirecto.com\/index.php\/wp-json\/wp\/v2\/tags?post=53917"}],"curies":[{"name":"wp","href":"https:\/\/api.w.org\/{rel}","templated":true}]}}