{"id":53949,"date":"2022-04-13T06:48:23","date_gmt":"2022-04-13T06:48:23","guid":{"rendered":"http:\/\/cordobadirecto.com\/index.php\/2022\/04\/13\/alex-kicillof-realizo-su-propio-plan-economico-un-dia-antes-de-que-se-conozca-la-inflacion\/"},"modified":"2022-04-13T06:48:23","modified_gmt":"2022-04-13T06:48:23","slug":"alex-kicillof-realizo-su-propio-plan-economico-un-dia-antes-de-que-se-conozca-la-inflacion","status":"publish","type":"post","link":"http:\/\/cordobadirecto.com\/index.php\/2022\/04\/13\/alex-kicillof-realizo-su-propio-plan-economico-un-dia-antes-de-que-se-conozca-la-inflacion\/","title":{"rendered":"Alex Kicillof realiz\u00f3 su propio plan econ\u00f3mico un d\u00eda antes de que se conozca la inflaci\u00f3n"},"content":{"rendered":"<p><b>Nuevo<\/b> plan <b>econ\u00f3mico<\/b>. Alex Kicillof realiz\u00f3 su propio plan <b>econ\u00f3mico<\/b> un d\u00eda antes de que se conozca la inflaci\u00f3n. El gobernador de la Provincia de&nbsp;&#8230; <\/p>\n","protected":false},"excerpt":{"rendered":"<p>Nuevo plan econ\u00f3mico. Alex Kicillof realiz\u00f3 su propio plan econ\u00f3mico un d\u00eda antes de que se conozca la inflaci\u00f3n. El gobernador de la Provincia de&nbsp;&#8230;<\/p>\n","protected":false},"author":1,"featured_media":0,"comment_status":"closed","ping_status":"closed","sticky":false,"template":"","format":"standard","meta":[],"categories":[40],"tags":[],"_links":{"self":[{"href":"http:\/\/cordobadirecto.com\/index.php\/wp-json\/wp\/v2\/posts\/53949"}],"collection":[{"href":"http:\/\/cordobadirecto.com\/index.php\/wp-json\/wp\/v2\/posts"}],"about":[{"href":"http:\/\/cordobadirecto.com\/index.php\/wp-json\/wp\/v2\/types\/post"}],"author":[{"embeddable":true,"href":"http:\/\/cordobadirecto.com\/index.php\/wp-json\/wp\/v2\/users\/1"}],"replies":[{"embeddable":true,"href":"http:\/\/cordobadirecto.com\/index.php\/wp-json\/wp\/v2\/comments?post=53949"}],"version-history":[{"count":0,"href":"http:\/\/cordobadirecto.com\/index.php\/wp-json\/wp\/v2\/posts\/53949\/revisions"}],"wp:attachment":[{"href":"http:\/\/cordobadirecto.com\/index.php\/wp-json\/wp\/v2\/media?parent=53949"}],"wp:term":[{"taxonomy":"category","embeddable":true,"href":"http:\/\/cordobadirecto.com\/index.php\/wp-json\/wp\/v2\/categories?post=53949"},{"taxonomy":"post_tag","embeddable":true,"href":"http:\/\/cordobadirecto.com\/index.php\/wp-json\/wp\/v2\/tags?post=53949"}],"curies":[{"name":"wp","href":"https:\/\/api.w.org\/{rel}","templated":true}]}}