{"id":53958,"date":"2022-04-13T14:34:00","date_gmt":"2022-04-13T14:34:00","guid":{"rendered":"http:\/\/cordobadirecto.com\/index.php\/2022\/04\/13\/fiscal-de-la-corte-penal-internacional-ucrania-es-una-escena-del-crimen\/"},"modified":"2022-04-13T14:34:00","modified_gmt":"2022-04-13T14:34:00","slug":"fiscal-de-la-corte-penal-internacional-ucrania-es-una-escena-del-crimen","status":"publish","type":"post","link":"http:\/\/cordobadirecto.com\/index.php\/2022\/04\/13\/fiscal-de-la-corte-penal-internacional-ucrania-es-una-escena-del-crimen\/","title":{"rendered":"Fiscal de la Corte Penal Internacional: &#8220;Ucrania es una escena del crimen&#8221;"},"content":{"rendered":"<figure class=\"mb-3\"><img loading=\"lazy\" src=\"http:\/\/cordobadirecto.com\/wp-content\/uploads\/2022\/04\/fiscal-de-la-corte-penal-internacional-ucrania-es-una-escena-del-crimen.jpg\" width=\"100%\" height=\"100%\" alt=\"Foto AFP\"><figcaption> Foto AFP <\/figcaption><\/figure>\n<p><strong>El fiscal de la Corte Penal Internacional (CPI) Karim Khan<\/strong> dijo este mi\u00e9rcoles, durante una visita a la ciudad ucraniana de Bucha, escenario de una matanza de la que Kiev culpa al Ej\u00e9rcito ruso, que Ucrania es una &#8220;escena del crimen&#8221;.<\/p>\n<p>&#8220;Ucrania es una escena del crimen. Estamos aqu\u00ed porque tenemos buenas razones para creer que se est\u00e1n cometiendo delitos de la competencia de la Corte. Tenemos que atravesar la niebla de la guerra para llegar a la verdad&#8221;, declar\u00f3 Khan a la prensa.<\/p>\n<p>En la ciudad se encontraron cientos de civiles muertos tras la ocupaci\u00f3n rusa y el presidente ucraniano, Volodimir Zelenski, culp\u00f3 al Kremlin de los cr\u00edmenes, que Rusia niega y considera un montaje de occidente.<\/p>\n<p>Khan tambi\u00e9n indic\u00f3 que <strong>un equipo forense de la CPI se puso a trabajar &#8220;para que realmente podamos asegurarnos de separar la verdad de la ficci\u00f3n&#8221;<\/strong>, seg\u00fan inform\u00f3 la agencia de noticias AFP.<\/p>\n<p>&#8220;Tenemos que mantener una mente abierta y tenemos que seguir la evidencia&#8221;, a\u00f1adi\u00f3.<\/p>\n<blockquote class><p>&#8220;Ucrania es una escena del crimen. Estamos aqu\u00ed porque tenemos buenas razones para creer que se est\u00e1n cometiendo delitos de la competencia de la Corte. Tenemos que atravesar la niebla de la guerra para llegar a la verdad&#8221;<cite class=\"author\">Karim Khan<\/cite><\/p><\/blockquote>\n<p>Rusia niega la responsabilidad de las muertes y su presidente Vladimir Putin afirma que los informes sobre soldados rusos que disparan contra civiles son &#8220;falsos&#8221;.<\/p>\n<p>En tanto, un documento de la Organizaci\u00f3n para la Seguridad y la Cooperaci\u00f3n en Europa (OSCE) indic\u00f3 que, &#8220;aunque no ha sido posible una detallada evaluaci\u00f3n, la misi\u00f3n hall\u00f3 casos de manifiestas violaciones por las fuerzas rusas en su forma de llevar a cabo las hostilidades&#8221;.<\/p>\n<p>La organizaci\u00f3n con sede en Viena alude a varios ataques &#8220;contra hospitales, casas y viviendas residenciales, propiedades culturales, escuelas, infraestructuras de agua y electricidad&#8221;, que podr\u00edan haber sido evitados y que investig\u00f3 una misi\u00f3n suya en el territorio ucraniano.<\/p>\n<figure class=\"mb-3\"><img loading=\"lazy\" src=\"http:\/\/cordobadirecto.com\/wp-content\/uploads\/2022\/04\/fiscal-de-la-corte-penal-internacional-ucrania-es-una-escena-del-crimen-1.jpg\" width=\"100%\" height=\"100%\" alt=\"Foto AFP\"><figcaption> Foto AFP <\/figcaption><\/figure>\n<p>Este mi\u00e9rcoles, la fiscal\u00eda general ucraniana asegur\u00f3 que militares rusos fusilaron a siete personas en una casa del pueblo de Pravdine de la regi\u00f3n sure\u00f1a de Jerson y luego hicieron explotar la vivienda.<\/p>\n<p>&#8220;Seg\u00fan la investigaci\u00f3n, los militares rusos fusilaron a seis hombres y una mujer en el pueblo de Pravdine. Con la intenci\u00f3n de disimular el crimen, los ocupantes hicieron explotar la casa donde se encontraban los cuerpos de esas personas fusiladas&#8221;, indic\u00f3 la fiscal\u00eda en un comunicado.<\/p>\n<p>La fiscal\u00eda dijo que se est\u00e1n tomando medidas para &#8220;identificar a las v\u00edctimas&#8221; y establecer las circunstancias de la tragedia, al tiempo que abri\u00f3 una investigaci\u00f3n por &#8220;violaciones de las leyes y usos de la guerra asociadas al asesinato premeditado&#8221;.<\/p>\n<p>Desde principios de marzo, las fuerzas rusas controlan la ciudad de Jerson y varias localidades de la regi\u00f3n.<\/p>\n<p>Por el momento, no hay disponible ning\u00fan balance reciente de la guerra pero probablemente supera los 10.000 muertos. <\/p>\n","protected":false},"excerpt":{"rendered":"<p>Foto AFP El fiscal de la Corte Penal Internacional (CPI) Karim Khan dijo este mi\u00e9rcoles, durante una visita a la ciudad ucraniana de Bucha, escenario de una matanza de la que Kiev culpa al Ej\u00e9rcito ruso, que Ucrania es una &#8220;escena del crimen&#8221;. &#8220;Ucrania es una escena del crimen. Estamos aqu\u00ed porque tenemos buenas razones [&hellip;]<\/p>\n","protected":false},"author":1,"featured_media":53959,"comment_status":"closed","ping_status":"closed","sticky":false,"template":"","format":"standard","meta":[],"categories":[24],"tags":[],"_links":{"self":[{"href":"http:\/\/cordobadirecto.com\/index.php\/wp-json\/wp\/v2\/posts\/53958"}],"collection":[{"href":"http:\/\/cordobadirecto.com\/index.php\/wp-json\/wp\/v2\/posts"}],"about":[{"href":"http:\/\/cordobadirecto.com\/index.php\/wp-json\/wp\/v2\/types\/post"}],"author":[{"embeddable":true,"href":"http:\/\/cordobadirecto.com\/index.php\/wp-json\/wp\/v2\/users\/1"}],"replies":[{"embeddable":true,"href":"http:\/\/cordobadirecto.com\/index.php\/wp-json\/wp\/v2\/comments?post=53958"}],"version-history":[{"count":0,"href":"http:\/\/cordobadirecto.com\/index.php\/wp-json\/wp\/v2\/posts\/53958\/revisions"}],"wp:featuredmedia":[{"embeddable":true,"href":"http:\/\/cordobadirecto.com\/index.php\/wp-json\/wp\/v2\/media\/53959"}],"wp:attachment":[{"href":"http:\/\/cordobadirecto.com\/index.php\/wp-json\/wp\/v2\/media?parent=53958"}],"wp:term":[{"taxonomy":"category","embeddable":true,"href":"http:\/\/cordobadirecto.com\/index.php\/wp-json\/wp\/v2\/categories?post=53958"},{"taxonomy":"post_tag","embeddable":true,"href":"http:\/\/cordobadirecto.com\/index.php\/wp-json\/wp\/v2\/tags?post=53958"}],"curies":[{"name":"wp","href":"https:\/\/api.w.org\/{rel}","templated":true}]}}