{"id":53970,"date":"2022-04-13T22:24:36","date_gmt":"2022-04-13T22:24:36","guid":{"rendered":"http:\/\/cordobadirecto.com\/index.php\/2022\/04\/13\/los-vecinos-de-pueyrredon-ya-disfrutan-de-la-historica-plaza-alem-que-luce-totalmente-renovada\/"},"modified":"2022-04-13T22:24:36","modified_gmt":"2022-04-13T22:24:36","slug":"los-vecinos-de-pueyrredon-ya-disfrutan-de-la-historica-plaza-alem-que-luce-totalmente-renovada","status":"publish","type":"post","link":"http:\/\/cordobadirecto.com\/index.php\/2022\/04\/13\/los-vecinos-de-pueyrredon-ya-disfrutan-de-la-historica-plaza-alem-que-luce-totalmente-renovada\/","title":{"rendered":"Los vecinos de Pueyrred\u00f3n ya disfrutan de la hist\u00f3rica Plaza Alem que luce totalmente renovada"},"content":{"rendered":"<p>Desde el a\u00f1o 2020 la Municipalidad de <b>C\u00f3rdoba<\/b> ejecuta diversos &#8230; en dotar a este espacio de 13.000 m\u00b2 de <b>nueva<\/b> y moderna infraestructura,&nbsp;&#8230; <\/p>\n","protected":false},"excerpt":{"rendered":"<p>Desde el a\u00f1o 2020 la Municipalidad de C\u00f3rdoba ejecuta diversos &#8230; en dotar a este espacio de 13.000 m\u00b2 de nueva y moderna infraestructura,&nbsp;&#8230;<\/p>\n","protected":false},"author":1,"featured_media":0,"comment_status":"closed","ping_status":"closed","sticky":false,"template":"","format":"standard","meta":[],"categories":[40],"tags":[],"_links":{"self":[{"href":"http:\/\/cordobadirecto.com\/index.php\/wp-json\/wp\/v2\/posts\/53970"}],"collection":[{"href":"http:\/\/cordobadirecto.com\/index.php\/wp-json\/wp\/v2\/posts"}],"about":[{"href":"http:\/\/cordobadirecto.com\/index.php\/wp-json\/wp\/v2\/types\/post"}],"author":[{"embeddable":true,"href":"http:\/\/cordobadirecto.com\/index.php\/wp-json\/wp\/v2\/users\/1"}],"replies":[{"embeddable":true,"href":"http:\/\/cordobadirecto.com\/index.php\/wp-json\/wp\/v2\/comments?post=53970"}],"version-history":[{"count":0,"href":"http:\/\/cordobadirecto.com\/index.php\/wp-json\/wp\/v2\/posts\/53970\/revisions"}],"wp:attachment":[{"href":"http:\/\/cordobadirecto.com\/index.php\/wp-json\/wp\/v2\/media?parent=53970"}],"wp:term":[{"taxonomy":"category","embeddable":true,"href":"http:\/\/cordobadirecto.com\/index.php\/wp-json\/wp\/v2\/categories?post=53970"},{"taxonomy":"post_tag","embeddable":true,"href":"http:\/\/cordobadirecto.com\/index.php\/wp-json\/wp\/v2\/tags?post=53970"}],"curies":[{"name":"wp","href":"https:\/\/api.w.org\/{rel}","templated":true}]}}