{"id":54091,"date":"2022-04-14T00:15:37","date_gmt":"2022-04-14T00:15:37","guid":{"rendered":"https:\/\/puntoapunto.com.ar\/?p=325844"},"modified":"2022-04-14T00:15:37","modified_gmt":"2022-04-14T00:15:37","slug":"el-dato-de-la-inflacion-en-cordoba-mas-negro-que-el-de-indec","status":"publish","type":"post","link":"http:\/\/cordobadirecto.com\/index.php\/2022\/04\/14\/el-dato-de-la-inflacion-en-cordoba-mas-negro-que-el-de-indec\/","title":{"rendered":"El dato de la inflaci\u00f3n en C\u00f3rdoba, m\u00e1s negro que el de Indec"},"content":{"rendered":"<p>Se confirm\u00f3 hoy el dato que m\u00e1s preocupaba al gobierno: que el \u00cdndice de Precios al Consumidor ser\u00eda muy elevado. Se hablaba de un valor cercano al 6%. Pero fue incluso peor. El nivel general del \u00cdndice de precios al consumidor registr\u00f3 un alza mensual de 6,7% en marzo de 2022 y un aumento de 55,1% comparado con igual mes del a\u00f1o anterior.<\/p>\n<div class=\"g g-146\">\n<div class=\"g-single a-410\"><a class=\"gofollow\" data-track=\"NDEwLDE0NiwxLDYw\" href=\"https:\/\/www.harmoniechateau.com.ar\/\"><img src=\"http:\/\/cordobadirecto.com\/wp-content\/uploads\/2022\/04\/el-dato-de-la-inflacion-en-cordoba-mas-negro-que-el-de-indec.gif\"><\/a><\/div>\n<\/div>\n<p>La inflaci\u00f3n del mes pasado fue la m\u00e1s alta en casi 20 a\u00f1os: desde abril de 2002 no se registraba un valor tan elevado.<\/p>\n<p><img loading=\"lazy\" class=\"alignnone wp-image-325846\" src=\"http:\/\/cordobadirecto.com\/wp-content\/uploads\/2022\/04\/el-dato-de-la-inflacion-en-cordoba-mas-negro-que-el-de-indec.jpg\" alt width=\"568\" height=\"415\" srcset=\"http:\/\/cordobadirecto.com\/wp-content\/uploads\/2022\/04\/el-dato-de-la-inflacion-en-cordoba-mas-negro-que-el-de-indec.jpg 300w, http:\/\/cordobadirecto.com\/wp-content\/uploads\/2022\/04\/el-dato-de-la-inflacion-en-cordoba-mas-negro-que-el-de-indec-2.jpg 736w\" sizes=\"(max-width: 568px) 100vw, 568px\"><\/p>\n<p>La divisi\u00f3n con mayor incremento en el mes fue Educaci\u00f3n (23,6%), a ra\u00edz de los aumentos observados en los servicios educativos de todos los niveles. Le siguieron Prendas de vestir y calzado (10,9%) \u2013producto de las subas por cambio de temporada\u2013 y Vivienda, agua, electricidad y otros combustibles (7,7%). En este \u00faltimo caso incidi\u00f3 el incremento de las tarifas de electricidad, gas y agua registrado en la mayor\u00eda de las regiones.<\/p>\n<p>A su vez, en la divisi\u00f3n Equipamiento y mantenimiento del hogar (4,4%) impact\u00f3 el incremento de servicios dom\u00e9sticos por el aumento fijado en paritaria.<\/p>\n<p>Entre los precios regulados se destac\u00f3 el aumento de cigarrillos, que impactaron en la divisi\u00f3n Bebidas alcoh\u00f3licas y tabaco (5,7%); la cuota de la medicina prepaga, dentro de Salud (5,0%); los combustibles, en Transporte (5,5%); y el servicio de telefon\u00eda m\u00f3vil, dentro de Comunicaciones (3,4%).<\/p>\n<p>La suba de Alimentos y bebidas no alcoh\u00f3licas (7,2%) fue la de mayor incidencia en todas las regiones. Dentro de la divisi\u00f3n se destac\u00f3 el aumento de Pan y cereales; Leche, productos l\u00e1cteos y huevos; Carnes y derivados; y Az\u00facar, dulces, chocolate, golosinas, etc.<\/p>\n<p>A nivel de las categor\u00edas, Regulados (8,4%) fue la de mayor incremento en marzo \u2013en promedio, aport\u00f3 1,5 puntos porcentuales entre las regiones\u2013. Le sigui\u00f3 en importancia el IPC N\u00facleo (6,4%), en tanto Estacionales registr\u00f3 un incremento de 6,2%, impulsada fundamentalmente por el alza de Prendas de vestir y calzado.<\/p>\n<p><strong>En C\u00f3rdoba, m\u00e1s alto <\/strong><br \/>Durante el mes de&nbsp;<strong>marzo de 2022<\/strong>, el&nbsp;<a href=\"https:\/\/estadistica.cba.gov.ar\/encuesta\/indice-del-precio-al-consumidos\/\">\u00cdndice de Precios al Consumidor C\u00f3rdoba<\/a>&nbsp;(IPC-Cba) registr\u00f3 un incremento en su Nivel General de&nbsp;<strong>6,91%&nbsp;<\/strong>respecto al mes anterior.<\/p>\n<p><img loading=\"lazy\" class=\"alignnone wp-image-325845\" src=\"http:\/\/cordobadirecto.com\/wp-content\/uploads\/2022\/04\/el-dato-de-la-inflacion-en-cordoba-mas-negro-que-el-de-indec-1.jpg\" alt width=\"598\" height=\"279\" srcset=\"http:\/\/cordobadirecto.com\/wp-content\/uploads\/2022\/04\/el-dato-de-la-inflacion-en-cordoba-mas-negro-que-el-de-indec-1.jpg 300w, http:\/\/cordobadirecto.com\/wp-content\/uploads\/2022\/04\/el-dato-de-la-inflacion-en-cordoba-mas-negro-que-el-de-indec-3.jpg 1024w, http:\/\/cordobadirecto.com\/wp-content\/uploads\/2022\/04\/el-dato-de-la-inflacion-en-cordoba-mas-negro-que-el-de-indec-4.jpg 768w, http:\/\/cordobadirecto.com\/wp-content\/uploads\/2022\/04\/el-dato-de-la-inflacion-en-cordoba-mas-negro-que-el-de-indec-5.jpg 750w, http:\/\/cordobadirecto.com\/wp-content\/uploads\/2022\/04\/el-dato-de-la-inflacion-en-cordoba-mas-negro-que-el-de-indec-6.jpg 1099w\" sizes=\"(max-width: 598px) 100vw, 598px\"><\/p>\n<p>En tanto, en los primeros tres meses la inflaci\u00f3n medida en C\u00f3rdoba por la Direcci\u00f3n General de Estad\u00edsticas y Censos marc\u00f3 un valor de 16,09. Y la acumulada en los \u00faltimos 12 meses del a\u00f1o es de terror: 52,24%.<\/p>\n<p>Entre los \u00edtems que m\u00e1s se encarecieron en marzo est\u00e1n Ense\u00f1anza (19,39%), Alimentos y bebidas (7,61%), Propiedades, Combustibles, Agua y Electricidad (7,60%) e Indumentaria y calzado (6,90%).<\/p>\n","protected":false},"excerpt":{"rendered":"<p>Se confirm\u00f3 hoy el dato que m\u00e1s preocupaba al gobierno: que el \u00cdndice de Precios al Consumidor ser\u00eda muy elevado. Se hablaba de un valor cercano al 6%. Pero fue incluso peor. El nivel general del \u00cdndice de precios al consumidor registr\u00f3 un alza mensual de 6,7% en marzo de 2022 y un aumento de [&hellip;]<\/p>\n","protected":false},"author":1,"featured_media":54092,"comment_status":"closed","ping_status":"closed","sticky":false,"template":"","format":"standard","meta":[],"categories":[25],"tags":[],"_links":{"self":[{"href":"http:\/\/cordobadirecto.com\/index.php\/wp-json\/wp\/v2\/posts\/54091"}],"collection":[{"href":"http:\/\/cordobadirecto.com\/index.php\/wp-json\/wp\/v2\/posts"}],"about":[{"href":"http:\/\/cordobadirecto.com\/index.php\/wp-json\/wp\/v2\/types\/post"}],"author":[{"embeddable":true,"href":"http:\/\/cordobadirecto.com\/index.php\/wp-json\/wp\/v2\/users\/1"}],"replies":[{"embeddable":true,"href":"http:\/\/cordobadirecto.com\/index.php\/wp-json\/wp\/v2\/comments?post=54091"}],"version-history":[{"count":0,"href":"http:\/\/cordobadirecto.com\/index.php\/wp-json\/wp\/v2\/posts\/54091\/revisions"}],"wp:featuredmedia":[{"embeddable":true,"href":"http:\/\/cordobadirecto.com\/index.php\/wp-json\/wp\/v2\/media\/54092"}],"wp:attachment":[{"href":"http:\/\/cordobadirecto.com\/index.php\/wp-json\/wp\/v2\/media?parent=54091"}],"wp:term":[{"taxonomy":"category","embeddable":true,"href":"http:\/\/cordobadirecto.com\/index.php\/wp-json\/wp\/v2\/categories?post=54091"},{"taxonomy":"post_tag","embeddable":true,"href":"http:\/\/cordobadirecto.com\/index.php\/wp-json\/wp\/v2\/tags?post=54091"}],"curies":[{"name":"wp","href":"https:\/\/api.w.org\/{rel}","templated":true}]}}