{"id":54098,"date":"2022-04-13T20:41:10","date_gmt":"2022-04-13T20:41:10","guid":{"rendered":"https:\/\/cordoba.gob.ar\/?p=22055"},"modified":"2022-04-13T20:41:10","modified_gmt":"2022-04-13T20:41:10","slug":"charlas-educativas-feria-de-productos-y-visitas-guiadas-durante-los-festejos-por-el-23-aniversario-del-jardin-botanico","status":"publish","type":"post","link":"http:\/\/cordobadirecto.com\/index.php\/2022\/04\/13\/charlas-educativas-feria-de-productos-y-visitas-guiadas-durante-los-festejos-por-el-23-aniversario-del-jardin-botanico\/","title":{"rendered":"Charlas educativas, feria de productos y visitas guiadas durante los festejos por el 23 aniversario del Jard\u00edn Bot\u00e1nico"},"content":{"rendered":"<div><img src=\"http:\/\/cordobadirecto.com\/wp-content\/uploads\/2022\/04\/charlas-educativas-feria-de-productos-y-visitas-guiadas-durante-los-festejos-por-el-23-aniversario-del-jardin-botanico.jpg\" class=\"ff-og-image-inserted\"><\/div>\n<ul>\n<li><strong>Tambi\u00e9n se impulsar\u00e1 un nuevo \u201cEco-trueque de colillas\u201d, con regalos para los vecinos que acerquen una botella de un litro y medio rellena con esos materiales.<\/strong><\/li>\n<\/ul>\n<hr>\n<p>La Municipalidad de C\u00f3rdoba celebrar\u00e1 el pr\u00f3ximo jueves 14 de abril el vig\u00e9simo tercer aniversario del Jard\u00edn Bot\u00e1nico, creado en el a\u00f1o 1997 por el ex intendente Rub\u00e9n Am\u00e9rico Mart\u00ed. El festejo propone una jornada para toda la familia entre las 10 y las 18 horas con charlas, talleres, visitas guiadas, feria de productos, sorteos y mucho m\u00e1s.<\/p>\n<p>Durante todo el d\u00eda se desarrollar\u00e1 en paralelo una feria con stands de diversos productos saludables y plantas de vivero. Se podr\u00e1n comprar productos con harina de algarroba, miel, arrope de cha\u00f1ar, tuna y otras exquisiteces, sumado a un espacio para adquirir plantas carn\u00edvoras.<\/p>\n<p>Por otro lado, la Universidad Libre del Ambiente presentar\u00e1 una nueva edici\u00f3n del \u201cEco-trueque de colillas\u201d: una botella de un litro y medio con colillas de cigarrillo, a cambio de una suculenta o un \u00e1rbol nativo para el jard\u00edn, vereda y patio.<\/p>\n<p>Durante a\u00f1os el Jard\u00edn fue descuidado y perdi\u00f3 su encanto, tarea de recuperaci\u00f3n y puesta en valor que encar\u00f3 el intendente Mart\u00edn Llaryora desde el comienzo de su gesti\u00f3n. Hoy el Jard\u00edn Bot\u00e1nico de C\u00f3rdoba es uno de los pulmones verdes m\u00e1s importantes de la ciudad, dotado de seis hect\u00e1reas con una enorme cantidad y variedad de flora disponible para el conocimiento y disfrute de todos los vecinos.<\/p>\n<p>Con paseos como la Selva Subtropical, el Invernadero de Cactus y Crasas, el Paseo de la Flora Nativa, la Laguna, la Huerta y m\u00e1s, el Jard\u00edn se erige como un centro de divulgaci\u00f3n cient\u00edfica por donde pasan investigadores, vecinos, ni\u00f1os de jardines de infantes, escuelas y adultos mayores de centros de jubilados que llegan al encuentro con la naturaleza.<\/p>\n<p><strong>Grilla de actividades<\/strong><\/p>\n<p>11 hs \u2013 Charla: \u201cQu\u00e9 plantas y qu\u00e9 par\u00e1metros elegir para armar un jard\u00edn vertical exitoso y perdurable\u201d. A cargo de Guillermo Grimoldi, esta charla apunta a brindar todas las herramientas necesarias a la hora de construir jardines verticales. Qu\u00e9 plantas son m\u00e1s aptas, qu\u00e9 opciones de modelos se puede elegir, t\u00e9cnicas de construcci\u00f3n y m\u00e1s.<\/p>\n<p>12.30 y 18 hs \u2013 Visitas Guiadas. A cargo de Santiago Latorre, en estos dos horarios se brindar\u00e1n visitas guiadas por el Jard\u00edn para conocer todos sus paseos y rincones, con informaci\u00f3n sobre la fauna y flora que poseemos en nuestro paseo. Para las visitas contaremos con la presencia estelar del Grupo Strobosc\u00f3pico, con sus ocurrentes intervenciones art\u00edsticas y teatrales.<\/p>\n<p>15 hs \u2013 Charla\/Taller: \u201cTan bella como una rosa\u201d. A cargo de Rosita Lucero, miembro de la Asociaci\u00f3n Argentina de Rosicultura, el taller aportar\u00e1 informaci\u00f3n sobre esta bella flor y explorar\u00e1 aspectos como diversidad de formas, colores y fragancia de las rosas, c\u00f3mo elegir una rosa para tu jard\u00edn, patio o terraza, entre otras interesantes caracter\u00edsticas y t\u00e9cnicas de cuidado.<\/p>\n<p>15 hs: Taller de reproducci\u00f3n de plantas nativas.<\/p>\n<p>16 hs \u2013 Charla: \u201cCact\u00e1ceas: un desaf\u00edo para el est\u00edmulo de nuestros sentidos\u201d. A cargo del ingeniero agr\u00f3nomo Sergio Garc\u00eda, la charla abordar\u00e1 todas las maravillas de esta particular familia de plantas. Compartir\u00e1 experiencias sobre c\u00f3mo armar un cactario, paisajismo con cact\u00e1ceas, la relaci\u00f3n de las plantas suculentas con el hombre y mucho m\u00e1s.<\/p>\n<p>16 hs \u2013 Taller: \u201cArte y juego en la naturaleza\u201d. A cargo del Grupo Plastilina, en este taller los protagonistas son las y los m\u00e1s peque\u00f1os que aprender\u00e1n a inspirarse con la flora y la fauna y crear arte con mucho juego y diversi\u00f3n.<\/p>\n<p>17 hs: Show musical de viejos cl\u00e1sicos del rock nacional.<\/p>\n<p>17 hs \u2013 Charla: \u201cLa vuelta al mundo en 10 especias\u201d. A cargo de Lily Di Tella, miembro del Ceibo Garden Club. \u00bfLas alcaparras, semillas, frutos o flores?; otras culturas, otros condimentos: el clavo de olor; wasabi: cultivo artesanal y milenario del picante complemento del sushi de Jap\u00f3n. Estas son algunas de las aristas de esta charla, que nos llevar\u00e1 a un viaje sensorial por el mundo, a trav\u00e9s de las especias.<\/p>\n<p>18.30 hs: Corte de torta de cumplea\u00f1os<\/p>\n","protected":false},"excerpt":{"rendered":"<p>Tambi\u00e9n se impulsar\u00e1 un nuevo \u201cEco-trueque de colillas\u201d, con regalos para los vecinos que acerquen una botella de un litro y medio rellena con esos materiales. La Municipalidad de C\u00f3rdoba celebrar\u00e1 el pr\u00f3ximo jueves 14 de abril el vig\u00e9simo tercer aniversario del Jard\u00edn Bot\u00e1nico, creado en el a\u00f1o 1997 por el ex intendente Rub\u00e9n Am\u00e9rico [&hellip;]<\/p>\n","protected":false},"author":1,"featured_media":54099,"comment_status":"closed","ping_status":"closed","sticky":false,"template":"","format":"standard","meta":[],"categories":[44],"tags":[],"_links":{"self":[{"href":"http:\/\/cordobadirecto.com\/index.php\/wp-json\/wp\/v2\/posts\/54098"}],"collection":[{"href":"http:\/\/cordobadirecto.com\/index.php\/wp-json\/wp\/v2\/posts"}],"about":[{"href":"http:\/\/cordobadirecto.com\/index.php\/wp-json\/wp\/v2\/types\/post"}],"author":[{"embeddable":true,"href":"http:\/\/cordobadirecto.com\/index.php\/wp-json\/wp\/v2\/users\/1"}],"replies":[{"embeddable":true,"href":"http:\/\/cordobadirecto.com\/index.php\/wp-json\/wp\/v2\/comments?post=54098"}],"version-history":[{"count":0,"href":"http:\/\/cordobadirecto.com\/index.php\/wp-json\/wp\/v2\/posts\/54098\/revisions"}],"wp:featuredmedia":[{"embeddable":true,"href":"http:\/\/cordobadirecto.com\/index.php\/wp-json\/wp\/v2\/media\/54099"}],"wp:attachment":[{"href":"http:\/\/cordobadirecto.com\/index.php\/wp-json\/wp\/v2\/media?parent=54098"}],"wp:term":[{"taxonomy":"category","embeddable":true,"href":"http:\/\/cordobadirecto.com\/index.php\/wp-json\/wp\/v2\/categories?post=54098"},{"taxonomy":"post_tag","embeddable":true,"href":"http:\/\/cordobadirecto.com\/index.php\/wp-json\/wp\/v2\/tags?post=54098"}],"curies":[{"name":"wp","href":"https:\/\/api.w.org\/{rel}","templated":true}]}}