{"id":54107,"date":"2022-04-14T10:43:00","date_gmt":"2022-04-14T10:43:00","guid":{"rendered":"http:\/\/cordobadirecto.com\/index.php\/2022\/04\/14\/el-papa-rechazo-el-pragmatismo-de-los-numeros-y-la-cultura-de-la-apariencia\/"},"modified":"2022-04-14T10:43:00","modified_gmt":"2022-04-14T10:43:00","slug":"el-papa-rechazo-el-pragmatismo-de-los-numeros-y-la-cultura-de-la-apariencia","status":"publish","type":"post","link":"http:\/\/cordobadirecto.com\/index.php\/2022\/04\/14\/el-papa-rechazo-el-pragmatismo-de-los-numeros-y-la-cultura-de-la-apariencia\/","title":{"rendered":"El Papa rechaz\u00f3 el &#8220;pragmatismo de los n\u00fameros&#8221; y la &#8220;cultura de la apariencia&#8221;"},"content":{"rendered":"<figure class=\"mb-3\"><img loading=\"lazy\" src=\"http:\/\/cordobadirecto.com\/wp-content\/uploads\/2022\/04\/el-papa-rechazo-el-pragmatismo-de-los-numeros-y-la-cultura-de-la-apariencia.jpg\" width=\"100%\" height=\"100%\" alt=\"Francisco inici las celebraciones de Pascua\"><figcaption> Francisco inici\u00f3 las celebraciones de Pascua. <\/figcaption><\/figure>\n<p>El papa Francisco rechaz\u00f3 el &#8220;amor por las estad\u00edsticas&#8221; y pidi\u00f3 a los sacerdotes que se centren en las personas, al presidir en el Vaticano la Misa Crismal, con la que dio inicio a cuatro d\u00edas de celebraciones en ocasi\u00f3n de la Pascua.<\/p>\n<p>En su homil\u00eda en la <strong>Bas\u00edlica de San Pedro<\/strong>, el pont\u00edfice se centr\u00f3 en lo que consider\u00f3 tres conductas riesgosas o &#8220;espacios de idolatr\u00eda escondida&#8221; en los que &#8220;se nos mete el diablo&#8221;.<\/p>\n<p>&#8220;Un espacio de idolatr\u00eda escondida se abre donde hay <strong>mundanidad espiritual<\/strong>, que es una propuesta de vida, es una cultura, una cultura de lo ef\u00edmero, una cultura de la apariencia, del maquillaje&#8221;, plante\u00f3 el Papa en primer lugar.<\/p>\n<p>&#8220;Otro espacio de idolatr\u00eda escondida echa sus ra\u00edces all\u00ed donde se da la primac\u00eda al pragmatismo de los n\u00fameros&#8221;, agreg\u00f3 luego Jorge Bergoglio <strong>ante casi 2.000 sacerdotes<\/strong>.<\/p>\n<blockquote class><p>&#8220;Un espacio de idolatr\u00eda escondida se abre donde hay mundanidad espiritual, que es una propuesta de vida, es una cultura, una cultura de lo ef\u00edmero, una cultura de la apariencia, del maquillaje&#8221;<\/p><\/blockquote>\n<p>Para el Papa, &#8220;los que tienen este \u00eddolo escondido se reconocen por su <strong>amor a las estad\u00edsticas<\/strong>, esas que pueden borrar todo rasgo personal en la discusi\u00f3n y dar la preeminencia a las mayor\u00edas que, en definitiva, pasan a ser el criterio de discernimiento&#8221;.<\/p>\n<p>&#8220;\u00c9ste no puede ser el \u00fanico modo de proceder ni el \u00fanico criterio en la Iglesia de Cristo. Las personas no se pueden numerar, y Dios no da el Esp\u00edritu con medida&#8221;, asever\u00f3 frente a sacerdotes, obispos y cardenales de todo el mundo.<\/p>\n<p>Seg\u00fan Francisco, &#8220;en esta fascinaci\u00f3n por los n\u00fameros, en realidad, nos buscamos a nosotros mismos y nos complacemos en el control que nos da esta l\u00f3gica, que no tiene rostros y que no es la del amor&#8221;.<\/p>\n<p>Por \u00faltimo, el Papa consider\u00f3 que &#8220;un tercer espacio de idolatr\u00eda escondida, hermanado con el anterior, es el que se abre con el <strong>funcionalismo<\/strong>, un \u00e1mbito seductor en el que muchos, m\u00e1s que con la ruta se entusiasman con la hoja de ruta&#8221;.<\/p>\n<p>&#8220;Un sacerdote mundano no es otra cosa que un pagano clericalizado&#8221;, advirti\u00f3 el Papa.<\/p>\n<p>La Misa de este jueves a la ma\u00f1ana marca <strong>el inicio de las celebraciones de lo que la tradici\u00f3n cat\u00f3lica considera el Triduo Pascual<\/strong>.<\/p>\n<p>Por la tarde, Francisco <strong>lavar\u00e1 los pies de 12 detenidos de una c\u00e1rcel de las afueras de Roma<\/strong>, en su sexta visita a un centro de detenci\u00f3n para el Jueves Santo desde su entronizaci\u00f3n en 2013.<\/p>\n<p>El viernes, el Papa celebrar\u00e1 la denominada Pasi\u00f3n en la Bas\u00edlica de San Pedro y, luego, encabezar\u00e1 el tradicional Via Crucis en el Coliseo Romano, luego de dos a\u00f1os de celebraciones sin p\u00fablico en la Plaza San Pedro a causa de la pandemia.<\/p>\n<p>El s\u00e1bado, en tanto, Bergoglio tendr\u00e1 a su cargo la Vigilia de Pascua y el domingo, tras la Misa del denominado D\u00eda de Resurrecci\u00f3n, dar\u00e1 su mensaje Urbi et Orbi desde la Bas\u00edlica vaticana, en el que, como de costumbre, recorrer\u00e1 distintas problem\u00e1ticas mundiales. <\/p>\n","protected":false},"excerpt":{"rendered":"<p>Francisco inici\u00f3 las celebraciones de Pascua. El papa Francisco rechaz\u00f3 el &#8220;amor por las estad\u00edsticas&#8221; y pidi\u00f3 a los sacerdotes que se centren en las personas, al presidir en el Vaticano la Misa Crismal, con la que dio inicio a cuatro d\u00edas de celebraciones en ocasi\u00f3n de la Pascua. En su homil\u00eda en la Bas\u00edlica [&hellip;]<\/p>\n","protected":false},"author":1,"featured_media":54108,"comment_status":"closed","ping_status":"closed","sticky":false,"template":"","format":"standard","meta":[],"categories":[24],"tags":[],"_links":{"self":[{"href":"http:\/\/cordobadirecto.com\/index.php\/wp-json\/wp\/v2\/posts\/54107"}],"collection":[{"href":"http:\/\/cordobadirecto.com\/index.php\/wp-json\/wp\/v2\/posts"}],"about":[{"href":"http:\/\/cordobadirecto.com\/index.php\/wp-json\/wp\/v2\/types\/post"}],"author":[{"embeddable":true,"href":"http:\/\/cordobadirecto.com\/index.php\/wp-json\/wp\/v2\/users\/1"}],"replies":[{"embeddable":true,"href":"http:\/\/cordobadirecto.com\/index.php\/wp-json\/wp\/v2\/comments?post=54107"}],"version-history":[{"count":0,"href":"http:\/\/cordobadirecto.com\/index.php\/wp-json\/wp\/v2\/posts\/54107\/revisions"}],"wp:featuredmedia":[{"embeddable":true,"href":"http:\/\/cordobadirecto.com\/index.php\/wp-json\/wp\/v2\/media\/54108"}],"wp:attachment":[{"href":"http:\/\/cordobadirecto.com\/index.php\/wp-json\/wp\/v2\/media?parent=54107"}],"wp:term":[{"taxonomy":"category","embeddable":true,"href":"http:\/\/cordobadirecto.com\/index.php\/wp-json\/wp\/v2\/categories?post=54107"},{"taxonomy":"post_tag","embeddable":true,"href":"http:\/\/cordobadirecto.com\/index.php\/wp-json\/wp\/v2\/tags?post=54107"}],"curies":[{"name":"wp","href":"https:\/\/api.w.org\/{rel}","templated":true}]}}