{"id":54864,"date":"2022-04-19T00:02:07","date_gmt":"2022-04-19T00:02:07","guid":{"rendered":"https:\/\/www.ole.com.ar\/futbol-ascenso\/p-nacional-sacachispas-agropecuario_0_j2QXAGABOJ.html"},"modified":"2022-04-19T00:02:07","modified_gmt":"2022-04-19T00:02:07","slug":"el-lila-y-el-sojero-no-se-sacaron-diferencias","status":"publish","type":"post","link":"http:\/\/cordobadirecto.com\/index.php\/2022\/04\/19\/el-lila-y-el-sojero-no-se-sacaron-diferencias\/","title":{"rendered":"El Lila y el Sojero no se sacaron diferencias"},"content":{"rendered":"<p>Habia una vez en Villa Soldati un partido flojo, en el que ninguno de los dos tuvo la sabidur\u00eda necesaria para romper el cero y en&nbsp;el que ambos se terminaron conformando con un puntito&#8230; Sacachispas, que ven\u00eda de una dura derrota frente a Instituto de C\u00f3rdoba, no pudo hacerse fuerte en su propia casa e igual\u00f3 ante Agropecuario, otro que tampoco levanta en el campeonato de la Primera Nacional.&nbsp;<\/p>\n<div class=\"sp__SM\">\n<div class=\"content-new \">\n<span class=\"tit-mobile\">Mir\u00e1 tambi\u00e9n<\/span><\/p>\n<div class=\"mg\">\n<div class=\"wrap-figure\">\n<picture>\n<a href=\"https:\/\/www.ole.com.ar\/futbol-internacional\/espana\/karanka-espana-liga-messi_0_tIIsUZTG1S.html\" target=\"_self\" rel=\"noopener\"><br \/>\n<img class=\"img-responsive\" alt=\"Dirigir\u00e1 en la Liga el que Leo llam\u00f3 &quot;mu\u00f1eco de Mourinho&quot;\" src=\"http:\/\/cordobadirecto.com\/wp-content\/uploads\/2022\/04\/el-lila-y-el-sojero-no-se-sacaron-diferencias.jpg\" loading=\"lazy\"><br \/>\n<\/a>\n<\/picture>\n<\/div>\n<\/div><\/div>\n<\/div>\n<p>Fue un encuentro en el que las oportunidades no sobraron y el mediocampo pareciera no haber existido. \u00bfEl motivo? Ninguno tuvo un gran partido y siguen luchando por salir de la mitad de la tabla para ilusionarse con llegar a puestos de Reducido, la gran meta para la temporada.&nbsp;La m\u00e1s clarita fue una jugada preparada del Sojero en la que exigi\u00f3 con un cabezazo a C\u00e9sar Atama\u00f1uk,&nbsp; el arquero de Saca.<\/p>\n<div class=\"sp__SM\">\n<div class=\"content-new \">\n<span class=\"tit-mobile\">Mir\u00e1 tambi\u00e9n<\/span><\/p>\n<div class=\"mg\">\n<div class=\"wrap-figure\">\n<picture>\n<a href=\"https:\/\/www.ole.com.ar\/futbol-ascenso\/primera-b\/var-tele-sacachispas_0_Y5Lflw4WcQ.html\" target=\"_self\" rel=\"noopener\"><br \/>\n<img class=\"img-responsive\" alt=\"Sacachispas present\u00f3 su propio VAR para el partido ante Agropecuario\" src=\"http:\/\/cordobadirecto.com\/wp-content\/uploads\/2022\/04\/el-lila-y-el-sojero-no-se-sacaron-diferencias-1.jpg\" loading=\"lazy\"><br \/>\n<\/a>\n<\/picture>\n<\/div>\n<\/div><\/div>\n<\/div>\n<p>El Lila contin\u00faa sin ganar, ya que no logra la victoria desde hace cuatro partidos (la \u00faltima: 3-1 a Independiente de Mendoza, por la sexta fecha). Se encuentra en la posici\u00f3n 28 con un partido ganado, siete empatados y dos perdidos. As\u00ed, no logra levantar la cabeza y se hunde de a poco en las zonas bajas de la tabla.<\/p>\n<div class=\"sp__SM\">\n<div class=\"content-new \">\n<span class=\"tit-mobile\">Mir\u00e1 tambi\u00e9n<\/span><\/p>\n<div class=\"mg\">\n<div class=\"wrap-figure\">\n<picture>\n<a href=\"https:\/\/www.ole.com.ar\/futbol-internacional\/espana\/video-alaba-silla-festejo-real-madrid_0_Nx0q4Yc93K.html\" target=\"_self\" rel=\"noopener\"><br \/>\n<img class=\"img-responsive\" alt=\"Video: Real Madrid volvi\u00f3 a festejar con la silla loca de Alaba\" src=\"http:\/\/cordobadirecto.com\/wp-content\/uploads\/2022\/04\/el-lila-y-el-sojero-no-se-sacaron-diferencias-2.jpg\" loading=\"lazy\"><br \/>\n<\/a>\n<\/picture>\n<\/div>\n<\/div><\/div>\n<\/div>\n<p>Del lado de enfrente, con un panorama similar, el Sojero ven\u00eda de un m\u00ednimo empuj\u00f3n cuando logr\u00f3 una victoria 2-0 ante Mitre de Santiago del Estero. Est\u00e1n en la posici\u00f3n n\u00famero 18 con tres victorias, cinco empates y tres derrotas. Ninguno de los dos supone poner condiciones en el partido y se fueron con las manos vac\u00edas.<\/p>\n<div class=\"sp__SM\">\n<div class=\"content-new \">\n<span class=\"tit-mobile\">Mir\u00e1 tambi\u00e9n<\/span><\/p>\n<div class=\"mg\">\n<div class=\"wrap-figure\">\n<picture>\n<a href=\"https:\/\/www.ole.com.ar\/futbol-ascenso\/tristan-suarez_0_Ql1D7ALCxQ.html\" target=\"_self\" rel=\"noopener\"><br \/>\n<img class=\"img-responsive\" alt=\"Trist\u00e1n Su\u00e1rez perdi\u00f3 y se sigue hundiendo\" src=\"http:\/\/cordobadirecto.com\/wp-content\/uploads\/2022\/04\/el-lila-y-el-sojero-no-se-sacaron-diferencias-3.jpg\" loading=\"lazy\"><br \/>\n<\/a>\n<\/picture>\n<\/div>\n<\/div><\/div>\n<\/div>\n<p><opta-widget sport=\"football\" widget=\"timeline\" competition=\"627\" season=\"2022\" match=\"2274375\" template=\"normal\" live=\"true\" orientation=\"horizontal\" vertical_timebar_height=\"260\" show_match_header=\"true\" show_score=\"true\" show_crests=\"true\" show_assists=\"all\" show_team_formation=\"true\" show_clock=\"true\" show_period_dividers=\"true\" show_halftime_score=\"false\" show_date=\"true\" date_format=\"dddd D MMMM YYYY\" show_attendance=\"true\" show_images=\"true\" show_referee=\"true\" show_venue=\"true\" show_cards=\"all\" show_goals=\"true\" show_penalties_missed=\"true\" show_subs=\"false\" show_goals_combined=\"false\" show_shootouts=\"false\" show_competition_name=\"true\" competition_naming=\"full\" team_naming=\"full\" player_naming=\"full\" show_live=\"true\" show_logo=\"false\" show_title=\"true\" breakpoints=\"400, 700\"><\/opta-widget><opta-widget sport=\"football\" widget=\"matchstats\" competition=\"627\" season=\"2022\" match=\"2274375\" template=\"lineups\" live=\"true\" side=\"both\" column_count=\"1\" side_by_side=\"true\" show_match_header=\"true\" show_score=\"true\" show_halftime_score=\"false\" show_crests=\"false\" show_team_formation=\"true\" show_competition_name=\"true\" show_date=\"false\" date_format=\"dddd D MMMM YYYY\" order_by=\"position\" group_by_position=\"false\" show_position=\"true\" show_images=\"false\" show_key=\"false\" show_starters=\"true\" show_goalkeepers=\"true\" show_defenders=\"true\" show_midfielders=\"true\" show_forwards=\"true\" show_subs=\"true\" show_unused_subs=\"false\" show_managers=\"true\" show_captain=\"false\" show_match_events=\"true\" competition_naming=\"full\" team_naming=\"full\" player_naming=\"full\" show_live=\"false\" show_logo=\"false\" show_title=\"true\" breakpoints=\"400, 700\"><\/opta-widget><opta-widget widget=\"commentary\" competition=\"627\" season=\"2022\" match=\"2274375\" template=\"normal\" live=\"true\" data_type=\"auto\" order_by=\"time_descending\" show_event_icons=\"true\" show_minor_events=\"true\" fixed_height_comments=\"300\" show_live=\"true\" show_logo=\"false\" show_title=\"true\" breakpoints=\"400\" sport=\"football\"><\/opta-widget><opta-widget sport=\"football\" widget=\"heatmap\" competition=\"627\" season=\"2022\" match=\"2274375\" preselected_player template=\"normal\" live=\"true\" show_maps=\"all\" orientation=\"horizontal\" side=\"both\" dimension=\"2D\" one_direction=\"false\" show_match_header=\"true\" show_score=\"true\" show_halftime_score=\"false\" show_crests=\"false\" show_team_formation=\"true\" show_competition_name=\"true\" show_date=\"true\" date_format=\"dddd D MMMM YYYY\" show_team_sheets=\"true\" show_subs=\"true\" show_position=\"true\" show_timecontrols=\"true\" show_timecontrols_buttons=\"true\" show_timecontrols_bar=\"true\" show_tooltips=\"false\" competition_naming=\"full\" team_naming=\"full\" player_naming=\"full\" show_logo=\"false\" show_title=\"true\" breakpoints=\"400, 700\"><\/opta-widget><opta-widget widget=\"standings\" competition=\"627\" season=\"2022\" template=\"normal\" live=\"true\" default_nav=\"1\" side=\"combined\" data_detail=\"default\" show_key=\"true\" show_crests=\"true\" points_in_first_column=\"true\" lose_before_draw=\"false\" competition_naming=\"full\" team_naming=\"full\" date_format=\"dddd D MMMM YYYY\" sorting=\"false\" show_live=\"false\" show_relegation_average=\"true\" show_logo=\"true\" show_title=\"true\" breakpoints=\"382\" sport=\"football\"><\/opta-widget> <\/p>\n<div class=\"entry-tags\">\n<h2>TEMAS QUE APARECEN EN ESTA NOTA<\/h2>\n<\/p><\/div>\n","protected":false},"excerpt":{"rendered":"<p>Habia una vez en Villa Soldati un partido flojo, en el que ninguno de los dos tuvo la sabidur\u00eda necesaria para romper el cero y en&nbsp;el que ambos se terminaron conformando con un puntito&#8230; Sacachispas, que ven\u00eda de una dura derrota frente a Instituto de C\u00f3rdoba, no pudo hacerse fuerte en su propia casa e [&hellip;]<\/p>\n","protected":false},"author":1,"featured_media":54865,"comment_status":"closed","ping_status":"closed","sticky":false,"template":"","format":"standard","meta":[],"categories":[21],"tags":[],"_links":{"self":[{"href":"http:\/\/cordobadirecto.com\/index.php\/wp-json\/wp\/v2\/posts\/54864"}],"collection":[{"href":"http:\/\/cordobadirecto.com\/index.php\/wp-json\/wp\/v2\/posts"}],"about":[{"href":"http:\/\/cordobadirecto.com\/index.php\/wp-json\/wp\/v2\/types\/post"}],"author":[{"embeddable":true,"href":"http:\/\/cordobadirecto.com\/index.php\/wp-json\/wp\/v2\/users\/1"}],"replies":[{"embeddable":true,"href":"http:\/\/cordobadirecto.com\/index.php\/wp-json\/wp\/v2\/comments?post=54864"}],"version-history":[{"count":0,"href":"http:\/\/cordobadirecto.com\/index.php\/wp-json\/wp\/v2\/posts\/54864\/revisions"}],"wp:featuredmedia":[{"embeddable":true,"href":"http:\/\/cordobadirecto.com\/index.php\/wp-json\/wp\/v2\/media\/54865"}],"wp:attachment":[{"href":"http:\/\/cordobadirecto.com\/index.php\/wp-json\/wp\/v2\/media?parent=54864"}],"wp:term":[{"taxonomy":"category","embeddable":true,"href":"http:\/\/cordobadirecto.com\/index.php\/wp-json\/wp\/v2\/categories?post=54864"},{"taxonomy":"post_tag","embeddable":true,"href":"http:\/\/cordobadirecto.com\/index.php\/wp-json\/wp\/v2\/tags?post=54864"}],"curies":[{"name":"wp","href":"https:\/\/api.w.org\/{rel}","templated":true}]}}