{"id":54885,"date":"2022-04-19T04:00:48","date_gmt":"2022-04-19T04:00:48","guid":{"rendered":"https:\/\/www.checkinmag.com\/?p=2676"},"modified":"2022-04-19T04:00:48","modified_gmt":"2022-04-19T04:00:48","slug":"ya-llega-el-congreso-de-agentes-de-viajes-de-faevyt-en-el-calafate","status":"publish","type":"post","link":"http:\/\/cordobadirecto.com\/index.php\/2022\/04\/19\/ya-llega-el-congreso-de-agentes-de-viajes-de-faevyt-en-el-calafate\/","title":{"rendered":"Ya llega el Congreso de Agentes de Viajes de FAEVYT en El Calafate"},"content":{"rendered":"<div><img src=\"http:\/\/cordobadirecto.com\/wp-content\/uploads\/2022\/04\/ya-llega-el-congreso-de-agentes-de-viajes-de-faevyt-en-el-calafate.jpg\" class=\"ff-og-image-inserted\"><\/div>\n<p>El 5 y 6 de mayo, en El Calafate, Santa Cruz, se llevar\u00e1 a cabo el Congreso de Agentes de Viajes que organiza la Federaci\u00f3n Argentina de Asociaciones de Empresas de Viajes y Turismo (FAEVYT).&nbsp;<\/p>\n<p>En su edici\u00f3n n\u00famero 47, el encuentro de profesionales del turismo m\u00e1s esperado contar\u00e1 con la participaci\u00f3n de agentes de viajes, empresas y referentes de la industria tur\u00edstica de todos los puntos del pa\u00eds.<\/p>\n<p>Durante 2 d\u00edas intensos el Congreso ofrecer\u00e1 novedades y herramientas que hacen a la actividad con el apoyo y acompa\u00f1amiento de los principales actores y autoridades del turismo a nivel nacional y provincial. Como parte de las actividades habr\u00e1: Talleres tem\u00e1ticos sobre las distintas ramas del turismo; novedades en transporte terrestre, a\u00e9reo y parques nacionales; talleres de informaci\u00f3n sectorial que pondr\u00e1n a disposici\u00f3n herramientas tecnol\u00f3gicas para comercializaci\u00f3n.<\/p>\n<p>El Congreso contar\u00e1, adem\u00e1s, con las conferencias de Sofia Contreras, experta en tecnolog\u00eda, emprendedorismo y educaci\u00f3n, co-fundadora de Chicas en Tecnolog\u00eda; Julio Lamas, consagrado entrenador de B\u00e1squet con t\u00edtulos nacionales e internacionales; el Dr. Daniel L\u00f3pez Rosetti, especialista en Cl\u00ednica M\u00e9dica y Cardiolog\u00eda, Docente Universitario y comunicador en el \u00e1rea de salud; Claudio Fantini Polit\u00f3logo, periodista, profesor y mentor de la carrera Ciencias Pol\u00edticas de la Universidad Siglo 21; Joan Cwaik, emprendedor, conferencista, comunicador tecnol\u00f3gico y docente e investigador en tecnolog\u00edas emergentes y Manuel Sbdar investigador, docente y escritor, especialista en econom\u00eda, finanzas y negocios.<\/p>\n<p>Una vez m\u00e1s, el Congreso de Agentes de Viajes se prepara para innovar y marcar tendencia brindando toda la informaci\u00f3n y las herramientas que las agencias necesitan para actualizarse, capacitarse y analizar nuevas posibilidades y oportunidades de negocios.<\/p>\n<p><a href=\"http:\/\/www.faevyt.org.ar\/congreso\/index.php\" data-type=\"URL\" data-id=\"http:\/\/www.faevyt.org.ar\/congreso\/index.php\">http:\/\/www.faevyt.org.ar\/congreso\/index.php<\/a><em>\u201cHay mucha expectativa de cara al Congreso, sin duda, vamos a volver a marcar el pulso del turismo en el encuentro m\u00e1s esperado del a\u00f1o por los profesionales del sector. El Calafate va a ser el escenario ideal para que las agencias de viajes de todo el pa\u00eds se capaciten, sumen herramientas y participen de una agenda intensa durante dos d\u00edas. La innovaci\u00f3n y la mirada en el futuro van a ocupar el centro de la escena, las agencias de viajes son la columna vertebral del turismo y la edici\u00f3n n\u00famero 47\u00b0 del Congreso de Agentes de Viajes reafirmar\u00e1 ese camino\u201d&nbsp;<\/em>afirm\u00f3 Gustavo Hani, presidente de FAEVYT.<\/p>\n<p><a href=\"http:\/\/www.faevyt.org.ar\/congreso\/index.php\" data-type=\"URL\" data-id=\"http:\/\/www.faevyt.org.ar\/congreso\/index.php\">http:\/\/www.faevyt.org.ar\/congreso\/index.php<\/a><\/p>\n","protected":false},"excerpt":{"rendered":"<p>El 5 y 6 de mayo, en El Calafate, Santa Cruz, se llevar\u00e1 a cabo el Congreso de Agentes de Viajes que organiza la Federaci\u00f3n Argentina de Asociaciones de Empresas de Viajes y Turismo (FAEVYT).&nbsp; En su edici\u00f3n n\u00famero 47, el encuentro de profesionales del turismo m\u00e1s esperado contar\u00e1 con la participaci\u00f3n de agentes de [&hellip;]<\/p>\n","protected":false},"author":1,"featured_media":54886,"comment_status":"closed","ping_status":"closed","sticky":false,"template":"","format":"standard","meta":[],"categories":[22],"tags":[],"_links":{"self":[{"href":"http:\/\/cordobadirecto.com\/index.php\/wp-json\/wp\/v2\/posts\/54885"}],"collection":[{"href":"http:\/\/cordobadirecto.com\/index.php\/wp-json\/wp\/v2\/posts"}],"about":[{"href":"http:\/\/cordobadirecto.com\/index.php\/wp-json\/wp\/v2\/types\/post"}],"author":[{"embeddable":true,"href":"http:\/\/cordobadirecto.com\/index.php\/wp-json\/wp\/v2\/users\/1"}],"replies":[{"embeddable":true,"href":"http:\/\/cordobadirecto.com\/index.php\/wp-json\/wp\/v2\/comments?post=54885"}],"version-history":[{"count":0,"href":"http:\/\/cordobadirecto.com\/index.php\/wp-json\/wp\/v2\/posts\/54885\/revisions"}],"wp:featuredmedia":[{"embeddable":true,"href":"http:\/\/cordobadirecto.com\/index.php\/wp-json\/wp\/v2\/media\/54886"}],"wp:attachment":[{"href":"http:\/\/cordobadirecto.com\/index.php\/wp-json\/wp\/v2\/media?parent=54885"}],"wp:term":[{"taxonomy":"category","embeddable":true,"href":"http:\/\/cordobadirecto.com\/index.php\/wp-json\/wp\/v2\/categories?post=54885"},{"taxonomy":"post_tag","embeddable":true,"href":"http:\/\/cordobadirecto.com\/index.php\/wp-json\/wp\/v2\/tags?post=54885"}],"curies":[{"name":"wp","href":"https:\/\/api.w.org\/{rel}","templated":true}]}}