{"id":55015,"date":"2022-04-19T23:30:54","date_gmt":"2022-04-19T23:30:54","guid":{"rendered":"http:\/\/cordobadirecto.com\/index.php\/2022\/04\/19\/la-ciudad-adhirio-a-la-red-iberoamericana-de-gobiernos-y-ciudades-circulares\/"},"modified":"2022-04-19T23:30:54","modified_gmt":"2022-04-19T23:30:54","slug":"la-ciudad-adhirio-a-la-red-iberoamericana-de-gobiernos-y-ciudades-circulares","status":"publish","type":"post","link":"http:\/\/cordobadirecto.com\/index.php\/2022\/04\/19\/la-ciudad-adhirio-a-la-red-iberoamericana-de-gobiernos-y-ciudades-circulares\/","title":{"rendered":"La Ciudad adhiri\u00f3 a la Red Iberoamericana de Gobiernos y Ciudades Circulares"},"content":{"rendered":"<p>&#8230; y el jefe comunal de la ciudad de <b>C\u00f3rdoba<\/b>. Se busca la potenciaci\u00f3n de la <b>Econom\u00eda<\/b> Circular y establecer acciones contra el cambio clim\u00e1tico. <\/p>\n","protected":false},"excerpt":{"rendered":"<p>&#8230; y el jefe comunal de la ciudad de C\u00f3rdoba. Se busca la potenciaci\u00f3n de la Econom\u00eda Circular y establecer acciones contra el cambio clim\u00e1tico.<\/p>\n","protected":false},"author":1,"featured_media":0,"comment_status":"closed","ping_status":"closed","sticky":false,"template":"","format":"standard","meta":[],"categories":[40],"tags":[],"_links":{"self":[{"href":"http:\/\/cordobadirecto.com\/index.php\/wp-json\/wp\/v2\/posts\/55015"}],"collection":[{"href":"http:\/\/cordobadirecto.com\/index.php\/wp-json\/wp\/v2\/posts"}],"about":[{"href":"http:\/\/cordobadirecto.com\/index.php\/wp-json\/wp\/v2\/types\/post"}],"author":[{"embeddable":true,"href":"http:\/\/cordobadirecto.com\/index.php\/wp-json\/wp\/v2\/users\/1"}],"replies":[{"embeddable":true,"href":"http:\/\/cordobadirecto.com\/index.php\/wp-json\/wp\/v2\/comments?post=55015"}],"version-history":[{"count":0,"href":"http:\/\/cordobadirecto.com\/index.php\/wp-json\/wp\/v2\/posts\/55015\/revisions"}],"wp:attachment":[{"href":"http:\/\/cordobadirecto.com\/index.php\/wp-json\/wp\/v2\/media?parent=55015"}],"wp:term":[{"taxonomy":"category","embeddable":true,"href":"http:\/\/cordobadirecto.com\/index.php\/wp-json\/wp\/v2\/categories?post=55015"},{"taxonomy":"post_tag","embeddable":true,"href":"http:\/\/cordobadirecto.com\/index.php\/wp-json\/wp\/v2\/tags?post=55015"}],"curies":[{"name":"wp","href":"https:\/\/api.w.org\/{rel}","templated":true}]}}