{"id":55018,"date":"2022-04-19T17:40:38","date_gmt":"2022-04-19T17:40:38","guid":{"rendered":"https:\/\/www.ole.com.ar\/autos\/barrio-llega-top-race_0_pBGrb2fQry.html"},"modified":"2022-04-19T17:40:38","modified_gmt":"2022-04-19T17:40:38","slug":"uno-que-se-suma","status":"publish","type":"post","link":"http:\/\/cordobadirecto.com\/index.php\/2022\/04\/19\/uno-que-se-suma\/","title":{"rendered":"Uno que se suma"},"content":{"rendered":"<p>El Top Race regresar\u00e1 a Viedma el pr\u00f3ximo fin de semana tras nueve a\u00f1os de ausencia y una de las novedades es la llegada de Jorge Barrio, quien manejar\u00e1 un Chevrolet Cruze del SDE Competici\u00f3n.<\/p>\n<div class=\"sp__SM\">\n<div class=\"content-new \">\n<span class=\"tit-mobile\">Mir\u00e1 tambi\u00e9n<\/span><\/p>\n<div class=\"mg\">\n<div class=\"wrap-figure\">\n<picture>\n<a href=\"https:\/\/www.ole.com.ar\/autos\/formula-1-imola-hamilton-leclerc_0_hTTESkNK0n.html\" target=\"_self\" rel=\"noopener\"><br \/>\n<img class=\"img-responsive\" alt=\"F\u00f3rmula 1: d\u00eda, hora, TV y primera carrera sprint en Imola\" src=\"http:\/\/cordobadirecto.com\/wp-content\/uploads\/2022\/04\/uno-que-se-suma.jpg\" loading=\"lazy\"><br \/>\n<\/a>\n<\/picture>\n<\/div>\n<\/div><\/div>\n<\/div>\n<p><mark>\u201cEstoy muy contento de poder sumar una categor\u00eda m\u00e1s a mi proyecto deportivo para este a\u00f1o, considero que estar participando solamente una vez al mes,<\/mark> comparado con la actividad que estaba desarrollando hasta el a\u00f1o pasado, ten\u00eda sabor a poco\u201d, le expres\u00f3 Barrio al sitio web de Carburando.<\/p>\n<p>Y agreg\u00f3:<mark> \u201cMe pone muy feliz incrementar el n\u00famero de categor\u00edas, afrontarlo con un enorme grupo humano que me acompa\u00f1\u00f3 en este proceso de crecimiento y que tantas alegr\u00edas compartimos, as\u00ed que el inicio del proyecto me entusiasma.<\/mark> Haber participado como piloto invitado me permiti\u00f3 conocer el Top Race, y en ese sentido es lo poco que dispongo como experiencia en estos autos que me gustaron mucho\u201d.<\/p>\n<p>Por \u00faltimo, el joven piloto de Pinamar cont\u00f3 que ser\u00e1 todo el nuevo el fin de semana, ya que no conoce el circuito y al Chevrolet no lo prob\u00f3: <mark>\u201cLa pista no la conozco, estoy visualizado c\u00e1maras, la he memorizado pero nunca corr\u00ed. Adem\u00e1s, con relaci\u00f3n al auto nunca lo prob\u00e9, ser\u00e1 todo nuevo. <\/mark>S\u00e9 que cuento con un gran respaldo de toda la estructura y en mi caso, por supuesto, a poner lo mejor y a disposici\u00f3n del equipo para hacer lo m\u00e1s corto posible el proceso de lograr un auto competitivo\u201d.<\/p>\n<div class=\"sp__SM\">\n<div class=\"content-new \">\n<span class=\"tit-mobile\">Mir\u00e1 tambi\u00e9n<\/span><\/p>\n<div class=\"mg\">\n<div class=\"wrap-figure\">\n<picture>\n<a href=\"https:\/\/www.ole.com.ar\/autos\/formula-1-lando-norris-leclerc-hamilton_0_9xZWmvUnxE.html\" target=\"_self\" rel=\"noopener\"><br \/>\n<img class=\"img-responsive\" alt=\"Norris arm\u00f3 su piloto perfecto de F\u00f3rmula 1 y dej\u00f3 afuera a una figura\" src=\"http:\/\/cordobadirecto.com\/wp-content\/uploads\/2022\/04\/uno-que-se-suma-1.jpg\" loading=\"lazy\"><br \/>\n<\/a>\n<\/picture>\n<\/div>\n<\/div><\/div>\n<\/div>\n<div class=\"entry-tags\">\n<h2>TEMAS QUE APARECEN EN ESTA NOTA<\/h2>\n<\/p><\/div>\n","protected":false},"excerpt":{"rendered":"<p>El Top Race regresar\u00e1 a Viedma el pr\u00f3ximo fin de semana tras nueve a\u00f1os de ausencia y una de las novedades es la llegada de Jorge Barrio, quien manejar\u00e1 un Chevrolet Cruze del SDE Competici\u00f3n. Mir\u00e1 tambi\u00e9n \u201cEstoy muy contento de poder sumar una categor\u00eda m\u00e1s a mi proyecto deportivo para este a\u00f1o, considero que [&hellip;]<\/p>\n","protected":false},"author":1,"featured_media":55019,"comment_status":"closed","ping_status":"closed","sticky":false,"template":"","format":"standard","meta":[],"categories":[21],"tags":[],"_links":{"self":[{"href":"http:\/\/cordobadirecto.com\/index.php\/wp-json\/wp\/v2\/posts\/55018"}],"collection":[{"href":"http:\/\/cordobadirecto.com\/index.php\/wp-json\/wp\/v2\/posts"}],"about":[{"href":"http:\/\/cordobadirecto.com\/index.php\/wp-json\/wp\/v2\/types\/post"}],"author":[{"embeddable":true,"href":"http:\/\/cordobadirecto.com\/index.php\/wp-json\/wp\/v2\/users\/1"}],"replies":[{"embeddable":true,"href":"http:\/\/cordobadirecto.com\/index.php\/wp-json\/wp\/v2\/comments?post=55018"}],"version-history":[{"count":0,"href":"http:\/\/cordobadirecto.com\/index.php\/wp-json\/wp\/v2\/posts\/55018\/revisions"}],"wp:featuredmedia":[{"embeddable":true,"href":"http:\/\/cordobadirecto.com\/index.php\/wp-json\/wp\/v2\/media\/55019"}],"wp:attachment":[{"href":"http:\/\/cordobadirecto.com\/index.php\/wp-json\/wp\/v2\/media?parent=55018"}],"wp:term":[{"taxonomy":"category","embeddable":true,"href":"http:\/\/cordobadirecto.com\/index.php\/wp-json\/wp\/v2\/categories?post=55018"},{"taxonomy":"post_tag","embeddable":true,"href":"http:\/\/cordobadirecto.com\/index.php\/wp-json\/wp\/v2\/tags?post=55018"}],"curies":[{"name":"wp","href":"https:\/\/api.w.org\/{rel}","templated":true}]}}