{"id":55209,"date":"2022-04-19T16:03:58","date_gmt":"2022-04-19T16:03:58","guid":{"rendered":"https:\/\/es.digitaltrends.com\/?p=941162"},"modified":"2022-04-19T16:03:58","modified_gmt":"2022-04-19T16:03:58","slug":"uber-ya-te-deja-sacarte-la-mascarilla-en-sus-viajes","status":"publish","type":"post","link":"http:\/\/cordobadirecto.com\/index.php\/2022\/04\/19\/uber-ya-te-deja-sacarte-la-mascarilla-en-sus-viajes\/","title":{"rendered":"Uber ya te deja sacarte la mascarilla en sus viajes"},"content":{"rendered":"<p>En un nuevo avance relativo a la pandemia de <a href=\"https:\/\/es.digitaltrends.com\/salud\/covid-19-endemico\/\"><strong>COVID-19<\/strong><\/a>, este 19 de abril <a href=\"https:\/\/es.digitaltrends.com\/autos\/uber-taxis-nueva-york-app\/\"><strong>Uber<\/strong> <\/a>anunci\u00f3 en Estados Unidos que ya no exigir\u00e1 que los pasajeros lleven mascarilla al interior de los viajes en sus autos.<\/p>\n<p>Tambi\u00e9n, la compa\u00f1\u00eda de movilidad ha hecho hincapi\u00e9 en que siempre esto depende de la comodidad de los usuarios, y quienes quieran seguir usando el barbijo, lo podr\u00e1n hacer sin problemas o \u201cpueden cancelar el viaje\u201d.<\/p>\n<figure id=\"attachment_937272\" aria-describedby=\"caption-attachment-937272\" class=\"wp-caption alignnone\"><img src=\"http:\/\/cordobadirecto.com\/wp-content\/uploads\/2022\/04\/uber-ya-te-deja-sacarte-la-mascarilla-en-sus-viajes.gif\" data-dt-lazy-src=\"https:\/\/icdn.dtcn.com\/image\/digitaltrends_es\/uber-13-720x720.jpg\" onerror=\"dti_load_error(this)\" class=\"size-large wp-image-937272 dt-lazy-load dt-lazy-pending\" alt=\"Uber proyecta \u201csuper app\u201d que integre hasta vuelos en avi\u00f3n\"><figcaption id=\"caption-attachment-937272\" class=\"wp-caption-text\"><span class=\"text\">Cr\u00e9dito de imagen: Uber Technologies Inc.<\/span><\/figcaption><\/figure>\n<p>Uber se\u00f1ala, sin embargo, que&nbsp;<a href=\"https:\/\/www.cdc.gov\/coronavirus\/2019-ncov\/prevent-getting-sick\/about-face-coverings.html?uclick_id=6a4308b6-2b7b-45a8-8ad5-325768190577\" target=\"_blank\" rel=\"noopener\">los CDC a\u00fan recomiendan usar una m\u00e1scara<\/a>&nbsp;\u00absi tiene ciertos factores de riesgo personales y \/ o altos niveles de transmisi\u00f3n en su \u00e1rea\u00bb.<\/p>\n<p>Por otro lado, la aplicaci\u00f3n de movilidad en su actualizaci\u00f3n de condiciones, coment\u00f3 lo siguiente sobre la mascarilla.<\/p>\n<p>\u201cMuchas personas todav\u00eda se sienten m\u00e1s seguras usando una m\u00e1scara debido a situaciones de salud personal o familiar, as\u00ed que por favor sea respetuoso de sus preferencias\u201d, dice la pol\u00edtica actualizada de Uber. \u201cY si alguna vez te sientes inc\u00f3modo, siempre puedes cancelar el viaje\u201d.<\/p>\n<h4 class=\"b-editors-recs-title h-editors-recs-title\"> Recomendaciones del editor\t<\/h4>\n<p> <span id=\"publisher-md\" itemprop=\"publisher\" itemscope itemtype=\"https:\/\/schema.org\/Organization\"> <span itemprop=\"url\" itemtype=\"https:\/\/schema.org\/Url\" content=\"https:\/\/es.digitaltrends.com\"> <span itemprop=\"logo\" itemscope itemtype=\"https:\/\/schema.org\/ImageObject\"> <meta itemprop=\"url\" content=\"https:\/\/cdn.dtcn.com\/dt\/dt-logo-small.png\"> <meta itemprop=\"width\" content=\"0\"> <meta itemprop=\"height\" content=\"0\"> <\/span> <meta itemprop=\"name\" content=\"Digital Trends Espa\u00f1ol\"> <\/span> <span itemprop=\"image\" itemscope itemtype=\"https:\/\/schema.org\/ImageObject\"> <meta itemprop=\"url\" content=\"https:\/\/icdn.dtcn.com\/image\/digitaltrends_es\/uber-13.jpg\"> <\/span> <\/span><\/p>\n","protected":false},"excerpt":{"rendered":"<p>En un nuevo avance relativo a la pandemia de COVID-19, este 19 de abril Uber anunci\u00f3 en Estados Unidos que ya no exigir\u00e1 que los pasajeros lleven mascarilla al interior de los viajes en sus autos. Tambi\u00e9n, la compa\u00f1\u00eda de movilidad ha hecho hincapi\u00e9 en que siempre esto depende de la comodidad de los usuarios, [&hellip;]<\/p>\n","protected":false},"author":1,"featured_media":55210,"comment_status":"closed","ping_status":"closed","sticky":false,"template":"","format":"standard","meta":[],"categories":[26],"tags":[],"_links":{"self":[{"href":"http:\/\/cordobadirecto.com\/index.php\/wp-json\/wp\/v2\/posts\/55209"}],"collection":[{"href":"http:\/\/cordobadirecto.com\/index.php\/wp-json\/wp\/v2\/posts"}],"about":[{"href":"http:\/\/cordobadirecto.com\/index.php\/wp-json\/wp\/v2\/types\/post"}],"author":[{"embeddable":true,"href":"http:\/\/cordobadirecto.com\/index.php\/wp-json\/wp\/v2\/users\/1"}],"replies":[{"embeddable":true,"href":"http:\/\/cordobadirecto.com\/index.php\/wp-json\/wp\/v2\/comments?post=55209"}],"version-history":[{"count":0,"href":"http:\/\/cordobadirecto.com\/index.php\/wp-json\/wp\/v2\/posts\/55209\/revisions"}],"wp:featuredmedia":[{"embeddable":true,"href":"http:\/\/cordobadirecto.com\/index.php\/wp-json\/wp\/v2\/media\/55210"}],"wp:attachment":[{"href":"http:\/\/cordobadirecto.com\/index.php\/wp-json\/wp\/v2\/media?parent=55209"}],"wp:term":[{"taxonomy":"category","embeddable":true,"href":"http:\/\/cordobadirecto.com\/index.php\/wp-json\/wp\/v2\/categories?post=55209"},{"taxonomy":"post_tag","embeddable":true,"href":"http:\/\/cordobadirecto.com\/index.php\/wp-json\/wp\/v2\/tags?post=55209"}],"curies":[{"name":"wp","href":"https:\/\/api.w.org\/{rel}","templated":true}]}}