{"id":55394,"date":"2022-04-22T19:51:00","date_gmt":"2022-04-22T19:51:00","guid":{"rendered":"http:\/\/cordobadirecto.com\/index.php\/2022\/04\/22\/marine-le-pen-y-el-exito-de-la-desdemonizacion-de-la-ultraderecha-en-francia\/"},"modified":"2022-04-22T19:51:00","modified_gmt":"2022-04-22T19:51:00","slug":"marine-le-pen-y-el-exito-de-la-desdemonizacion-de-la-ultraderecha-en-francia","status":"publish","type":"post","link":"http:\/\/cordobadirecto.com\/index.php\/2022\/04\/22\/marine-le-pen-y-el-exito-de-la-desdemonizacion-de-la-ultraderecha-en-francia\/","title":{"rendered":"Marine Le Pen y el \u00e9xito de la &#8220;desdemonizaci\u00f3n&#8221; de la ultraderecha en Francia"},"content":{"rendered":"<figure class=\"mb-3\"><img loading=\"lazy\" src=\"http:\/\/cordobadirecto.com\/wp-content\/uploads\/2022\/04\/marine-le-pen-y-el-exito-de-la-desdemonizacion-de-la-ultraderecha-en-francia.jpg\" width=\"100%\" height=\"100%\" alt=\"Con el paso al balotaje y el foco meditico en su programa Le Pen termin distancindose de algunas de sus propuestas ms polmicas Foto AFP \"><figcaption> Con el paso al balotaje y el foco medi\u00e1tico en su programa, Le Pen termin\u00f3 distanci\u00e1ndose de algunas de sus propuestas m\u00e1s pol\u00e9micas. Foto: AFP. <\/figcaption><\/figure>\n<p>Por segunda vez consecutiva, la candidata de extrema derecha Marine Le Pen enfrentar\u00e1 a Emmanuel Macron en el balotaje en Francia, aunque cinco a\u00f1os m\u00e1s tarde la l\u00edder de Agrupaci\u00f3n Nacional (AN) recort\u00f3 dr\u00e1sticamente la distancia en los sondeos con el ahora presidente y su victoria ya no parece imposible en un pa\u00eds donde gran parte del electorado dej\u00f3 de percibirla como un &#8220;peligro&#8221;.<\/p>\n<p>Veinte a\u00f1os despu\u00e9s de que su padre Jean-Marie Le Pen accediera sorpresivamente a la segunda vuelta y todos los partidos llamaran en bloque a votar por Jacques Chirac, el conocido como &#8220;frente republicano&#8221; no se reprodujo tras la primera vuelta electoral del pasado 10 de abril, en la que las tradicionales fuerzas de gobierno -el Partido Socialista del expresidente Francois Hollande y el conservador Los Republicanos del exmandatario Nicolas Sarkozy- sufrieron sus peores derrotas.<\/p>\n<p>S\u00f3lo tres candidatos -ecologista, socialista y comunista- instaron a sus bases votar de forma expl\u00edcita por Macron el pr\u00f3ximo domingo, mientras que el aspirante de izquierda y tercero en la contienda Jean-Luc M\u00e9lenchon (21,95%) pidi\u00f3 &#8220;no dar ni un solo voto a Le Pen&#8221;, pero sin descartar el voto en blanco o la abstenci\u00f3n como alternativas.<\/p>\n<p>De hecho, a diferencia de las multitudinarias manifestaciones de 2002, solo unos 22.000 franceses participaron de la movilizaci\u00f3n convocada el pasado s\u00e1bado contra la extrema derecha, que termin\u00f3 haci\u00e9ndose eco de mensajes a favor de la abstenci\u00f3n y en repudio a ambos candidatos.<\/p>\n<blockquote class><p>El poder adquisitivo es la principal preocupaci\u00f3n de los franceses, quienes sufrieron por el encarecimiento de los productos de la vida cotidiana y de la energ\u00eda ante una inflaci\u00f3n disparada primero por la pandemia y ahora por la guerra en Ucrania<\/p><\/blockquote>\n<p>&#8220;No tenemos realmente elecci\u00f3n, es un gran problema&#8221;, dijo a T\u00e9lam Anne, una jubilada francesa, que duda en votar por primera vez a Le Pen pese a estar &#8220;impactada&#8221; por parte de sus propuestas. &#8220;Incluso si voto en blanco, espero que ella gane&#8221;, sentenci\u00f3 la mujer, disgustada con Macron y sus cinco a\u00f1os de gobierno en los que, a su juicio, &#8220;no hizo mucho bien&#8221;.<\/p>\n<p>Este rechazo hacia Macron est\u00e1 particularmente presente en el electorado de izquierda, disconforme con una gesti\u00f3n muchas veces tachada de liberal, que llevar\u00eda incluso a entre 15% y 30% -seg\u00fan las encuestas- de los votantes de M\u00e9lenchon a ignorar la consigna de su l\u00edder e inclinarse por Le Pen, pese a situarse en el otro extremo del arco pol\u00edtico.<\/p>\n<p>&#8220;Es el fruto de que ambos atraen a las clases populares y comparten ciertos aspectos de la sociolog\u00eda de sus electores&#8221;, explic\u00f3 a T\u00e9lam Anne Jadot, profesora de Ciencia Pol\u00edtica en la Universidad de Lorena.<\/p>\n<p>&#8220;Como desde hace meses Le Pen se centra en el poder adquisitivo, hay gente que piensa que le ir\u00e1 mejor con ella presidenta que con Macron, que es percibido como el presidente de los ricos&#8221;, agreg\u00f3.<\/p>\n<figure class=\"mb-3\"><img loading=\"lazy\" src=\"http:\/\/cordobadirecto.com\/wp-content\/uploads\/2022\/04\/marine-le-pen-y-el-exito-de-la-desdemonizacion-de-la-ultraderecha-en-francia-1.jpg\" width=\"100%\" height=\"100%\" alt=\"Macron y Le Pen enfrentados por segunda vez \"><figcaption> Macron y Le Pen enfrentados por segunda vez. <\/figcaption><\/figure>\n<p>El poder adquisitivo es la principal preocupaci\u00f3n de los franceses, quienes sufrieron por el encarecimiento de los productos de la vida cotidiana y de la energ\u00eda ante una inflaci\u00f3n disparada primero por la pandemia y ahora por la guerra en Ucrania.<\/p>\n<p>Pero si Le Pen es cada vez m\u00e1s votada por los franceses es tambi\u00e9n gracias a la culminaci\u00f3n de un proceso de cambio de imagen, conocido como la &#8220;desdemonizaci\u00f3n&#8221;, que inici\u00f3 en 2011 al tomar las riendas del Frente Nacional (FN), el partido de su padre rebautizado hoy como AN.<\/p>\n<p>Desde entonces, la l\u00edder de ultraderecha lo transform\u00f3 en una fuerza capaz de competir en los comicios presidenciales, que le permiti\u00f3 pasar del 17,9% de votos en 2012 al 33,9% en el balotaje de 2017 y acceder una vez m\u00e1s a la segunda vuelta en 2022.<\/p>\n<p>&#8220;Fue quit\u00e1ndose el lastre del FN de la \u00e9poca de su pap\u00e1 e incluy\u00f3 una visi\u00f3n LGBTIQ+ m\u00e1s amigable, no hizo del rechazo al matrimonio igualitario una bandera y trat\u00f3 de conectar con sectores de la Francia profunda, precarizada econ\u00f3micamente y despreciada simb\u00f3licamente, que fue lo que expres\u00f3 el movimiento de los chalecos amarillos&#8221;, dijo a T\u00e9lam Pablo Stefanoni, autor del libro \u00bfLa rebeld\u00eda se volvi\u00f3 de derecha?.<\/p>\n<blockquote class><p>La percepci\u00f3n menos radical de Le Pen se vio adem\u00e1s favorecida por la irrupci\u00f3n en la campa\u00f1a de una nueva figura de ultraderecha, el periodista \u00c9ric Zemmour, quien enarbol\u00f3 las tem\u00e1ticas de la inmigraci\u00f3n y seguridad con una postura m\u00e1s virulenta y extrema<\/p><\/blockquote>\n<p>Un proceso que profundiz\u00f3 en los \u00faltimos meses, en los que llev\u00f3 adelante una campa\u00f1a de cercan\u00eda con la gente, con un discurso m\u00e1s moderado y centrado en temas socioecon\u00f3micos, con el que pretende presentarse como la defensora de &#8220;los m\u00e1s vulnerables&#8221;.<\/p>\n<p>&#8220;Tambi\u00e9n jug\u00f3 mucho con suavizar su imagen personal, con el relato de que comparte casa con una amiga tras su nueva separaci\u00f3n, que es amante de los gatos&#8230;&#8221;, a\u00f1adi\u00f3 Jadot.<\/p>\n<p>La percepci\u00f3n menos radical de Le Pen se vio adem\u00e1s favorecida por la irrupci\u00f3n en la campa\u00f1a de una nueva figura de ultraderecha, el periodista \u00c9ric Zemmour, quien enarbol\u00f3 las tem\u00e1ticas de la inmigraci\u00f3n y seguridad con una postura m\u00e1s virulenta y extrema, mientras ella hizo del poder adquisitivo su caballo de batalla electoral.<\/p>\n<p>Este posicionamiento, por un lado, estrat\u00e9gico de su discurso y, por el otro, comparativo con Zemmour, le permitieron proyectar una imagen &#8220;m\u00e1s razonable&#8221; que da &#8220;menos miedo&#8221;, precis\u00f3 la experta, quien tambi\u00e9n responsabiliz\u00f3 al Gobierno de Macron y a los conservadores por banalizar con sus posturas ciertos temas de la ultraderecha, como la inmigraci\u00f3n o la identidad nacional.<\/p>\n<figure class=\"mb-3\"><img loading=\"lazy\" src=\"http:\/\/cordobadirecto.com\/wp-content\/uploads\/2022\/04\/marine-le-pen-y-el-exito-de-la-desdemonizacion-de-la-ultraderecha-en-francia-2.jpg\" width=\"100%\" height=\"100%\" alt=\"Le Pen incluy una visin LGBTIQ ms amigable no hizo del rechazo al matrimonio igualitario una bandera y trat de conectar con sectores de la Francia profunda Foto AFP \"><figcaption> Le Pen incluy\u00f3 una visi\u00f3n LGBTIQ+ m\u00e1s amigable, no hizo del rechazo al matrimonio igualitario una bandera y trat\u00f3 de conectar con sectores de la Francia profunda. Foto: AFP. <\/figcaption><\/figure>\n<p>A pesar de este &#8220;lavado de imagen&#8221; exitoso, los expertos consultados insistieron en que el programa defendido por Le Pen contin\u00faa siendo de extrema derecha.<\/p>\n<p>&#8220;Eso no quita que provenga de un partido con una cultura pol\u00edtica de extrema derecha, que sus alianzas internacionales sean de extrema derecha y que mantenga una serie de t\u00f3picos -moderados o no- de extrema derecha, como la idea de una ciudadan\u00eda organicista y \u00e9tnica&#8221;, plante\u00f3 Stefanoni.<\/p>\n<p>No obstante, con el paso al balotaje y el foco medi\u00e1tico en su programa, Le Pen termin\u00f3 distanci\u00e1ndose de algunas de sus propuestas m\u00e1s pol\u00e9micas, como la prohibici\u00f3n del velo isl\u00e1mico en la v\u00eda p\u00fablica o la convocatoria de un referendo para restaurar la pena de muerte. Algo que para el especialista responde a una estrategia pragm\u00e1tica: &#8220;Se est\u00e1 jugando la posibilidad de ganar la elecci\u00f3n y no duda en flexibilizar lo que haga falta&#8221;, estim\u00f3.<\/p>\n<p>El proceso de &#8220;desdemonizaci\u00f3n&#8221; impulsado por Le Pen forma parte tambi\u00e9n de un fen\u00f3meno global, especialmente extendido en Europa, donde las fuerzas de extrema derecha se fueron normalizando en los \u00faltimos a\u00f1os e integran el sistema pol\u00edtico.<\/p>\n<p>&#8220;Est\u00e1n presentes en todos los pa\u00edses, incluso en los que parec\u00edan excepcionales como Espa\u00f1a o Portugal, y fueron aumentando su influencia electoral pero tambi\u00e9n en el debate p\u00fablico&#8221;, manifest\u00f3 Stefanoni, quien consider\u00f3 que el triunfo de Donald Trump en EEUU potenci\u00f3 su proyecci\u00f3n.<\/p>\n<blockquote class><p>Aunque en la \u00faltima semana Macron logr\u00f3 aumentar la distancia en los sondeos con su rival, que pas\u00f3 de seis a 13 puntos porcentuales, Jadot teme que esto termine jug\u00e1ndole en contra<\/p><\/blockquote>\n<p>Seg\u00fan explic\u00f3, estos partidos expresan el voto de inconformidad social, que se profundiz\u00f3 en la regi\u00f3n desde la crisis financiera de 2008, y con el tiempo fueron ocupando espacios institucionales que les permitieron normalizar su discurso, que fue incluso tomado por otros partidos por razones de oportunismo pol\u00edtico.<\/p>\n<p>De momento, la ultraderecha solo logr\u00f3 acceder al poder en Polonia y Hungr\u00eda, cuyos primeros ministros Mateusz Morawiecki y Viktor Orban, respectivamente, son aliados de Le Pen. Resta ver si la l\u00edder de AN termina sum\u00e1ndose al club el pr\u00f3ximo domingo.<\/p>\n<p>Aunque en la \u00faltima semana Macron logr\u00f3 aumentar la distancia en los sondeos con su rival, que pas\u00f3 de seis a 13 puntos porcentuales, Jadot teme que esto termine jug\u00e1ndole en contra.<\/p>\n<p>&#8220;Cuanto m\u00e1s elevada sea esa ventaja, menor ser\u00e1 la sensaci\u00f3n de riesgo de que la extrema derecha gane y mayor ser\u00e1 la cantidad de electores de izquierda que no querr\u00e1 movilizarse para votar a Macron&#8221;, advirti\u00f3 la especialista, quien consider\u00f3 que una victoria de Le Pen no es &#8220;imposible&#8221;. <\/p>\n","protected":false},"excerpt":{"rendered":"<p>Con el paso al balotaje y el foco medi\u00e1tico en su programa, Le Pen termin\u00f3 distanci\u00e1ndose de algunas de sus propuestas m\u00e1s pol\u00e9micas. Foto: AFP. Por segunda vez consecutiva, la candidata de extrema derecha Marine Le Pen enfrentar\u00e1 a Emmanuel Macron en el balotaje en Francia, aunque cinco a\u00f1os m\u00e1s tarde la l\u00edder de Agrupaci\u00f3n [&hellip;]<\/p>\n","protected":false},"author":1,"featured_media":55395,"comment_status":"closed","ping_status":"closed","sticky":false,"template":"","format":"standard","meta":[],"categories":[24],"tags":[],"_links":{"self":[{"href":"http:\/\/cordobadirecto.com\/index.php\/wp-json\/wp\/v2\/posts\/55394"}],"collection":[{"href":"http:\/\/cordobadirecto.com\/index.php\/wp-json\/wp\/v2\/posts"}],"about":[{"href":"http:\/\/cordobadirecto.com\/index.php\/wp-json\/wp\/v2\/types\/post"}],"author":[{"embeddable":true,"href":"http:\/\/cordobadirecto.com\/index.php\/wp-json\/wp\/v2\/users\/1"}],"replies":[{"embeddable":true,"href":"http:\/\/cordobadirecto.com\/index.php\/wp-json\/wp\/v2\/comments?post=55394"}],"version-history":[{"count":0,"href":"http:\/\/cordobadirecto.com\/index.php\/wp-json\/wp\/v2\/posts\/55394\/revisions"}],"wp:featuredmedia":[{"embeddable":true,"href":"http:\/\/cordobadirecto.com\/index.php\/wp-json\/wp\/v2\/media\/55395"}],"wp:attachment":[{"href":"http:\/\/cordobadirecto.com\/index.php\/wp-json\/wp\/v2\/media?parent=55394"}],"wp:term":[{"taxonomy":"category","embeddable":true,"href":"http:\/\/cordobadirecto.com\/index.php\/wp-json\/wp\/v2\/categories?post=55394"},{"taxonomy":"post_tag","embeddable":true,"href":"http:\/\/cordobadirecto.com\/index.php\/wp-json\/wp\/v2\/tags?post=55394"}],"curies":[{"name":"wp","href":"https:\/\/api.w.org\/{rel}","templated":true}]}}