{"id":55692,"date":"2022-04-23T22:40:06","date_gmt":"2022-04-23T22:40:06","guid":{"rendered":"http:\/\/cordobadirecto.com\/index.php\/2022\/04\/23\/hay-manuel-perez-por-cuatro-anos-mas-en-racing-de-nueva-italia-via-cordoba\/"},"modified":"2022-04-23T22:40:06","modified_gmt":"2022-04-23T22:40:06","slug":"hay-manuel-perez-por-cuatro-anos-mas-en-racing-de-nueva-italia-via-cordoba","status":"publish","type":"post","link":"http:\/\/cordobadirecto.com\/index.php\/2022\/04\/23\/hay-manuel-perez-por-cuatro-anos-mas-en-racing-de-nueva-italia-via-cordoba\/","title":{"rendered":"Hay Manuel P\u00e9rez por cuatro a\u00f1os m\u00e1s en Racing de <b>Nueva<\/b> Italia | V\u00eda <b>C\u00f3rdoba<\/b>"},"content":{"rendered":"<p>Fue reelegido como presidente en la Asamblea General realizada este s\u00e1bado. La n\u00f3mina de la Comisi\u00f3n Directiva. <\/p>\n","protected":false},"excerpt":{"rendered":"<p>Fue reelegido como presidente en la Asamblea General realizada este s\u00e1bado. La n\u00f3mina de la Comisi\u00f3n Directiva.<\/p>\n","protected":false},"author":1,"featured_media":0,"comment_status":"closed","ping_status":"closed","sticky":false,"template":"","format":"standard","meta":[],"categories":[40],"tags":[],"_links":{"self":[{"href":"http:\/\/cordobadirecto.com\/index.php\/wp-json\/wp\/v2\/posts\/55692"}],"collection":[{"href":"http:\/\/cordobadirecto.com\/index.php\/wp-json\/wp\/v2\/posts"}],"about":[{"href":"http:\/\/cordobadirecto.com\/index.php\/wp-json\/wp\/v2\/types\/post"}],"author":[{"embeddable":true,"href":"http:\/\/cordobadirecto.com\/index.php\/wp-json\/wp\/v2\/users\/1"}],"replies":[{"embeddable":true,"href":"http:\/\/cordobadirecto.com\/index.php\/wp-json\/wp\/v2\/comments?post=55692"}],"version-history":[{"count":0,"href":"http:\/\/cordobadirecto.com\/index.php\/wp-json\/wp\/v2\/posts\/55692\/revisions"}],"wp:attachment":[{"href":"http:\/\/cordobadirecto.com\/index.php\/wp-json\/wp\/v2\/media?parent=55692"}],"wp:term":[{"taxonomy":"category","embeddable":true,"href":"http:\/\/cordobadirecto.com\/index.php\/wp-json\/wp\/v2\/categories?post=55692"},{"taxonomy":"post_tag","embeddable":true,"href":"http:\/\/cordobadirecto.com\/index.php\/wp-json\/wp\/v2\/tags?post=55692"}],"curies":[{"name":"wp","href":"https:\/\/api.w.org\/{rel}","templated":true}]}}