{"id":55693,"date":"2022-04-23T17:12:51","date_gmt":"2022-04-23T17:12:51","guid":{"rendered":"https:\/\/www.ole.com.ar\/autos\/josito-di-palma-rapido_0_ZILu0BdjxA.html"},"modified":"2022-04-23T17:12:51","modified_gmt":"2022-04-23T17:12:51","slug":"el-segundo-fue-para-josito","status":"publish","type":"post","link":"http:\/\/cordobadirecto.com\/index.php\/2022\/04\/23\/el-segundo-fue-para-josito\/","title":{"rendered":"El segundo fue para Josito"},"content":{"rendered":"<p>Se terminaron los entrenamientos para el Top Race en Viedma. El segundo y \u00faltimo fue dominado por Josito Di Palma. Segundo fue Azar y tercero Barrio.<\/p>\n<div class=\"sp__SM\">\n<div class=\"content-new \">\n<span class=\"tit-mobile\">Mir\u00e1 tambi\u00e9n<\/span><\/p>\n<div class=\"mg\">\n<div class=\"wrap-figure\">\n<picture>\n<a href=\"https:\/\/www.ole.com.ar\/autos\/barrio-domino-primer-entrenamiento_0_sNx3w4E0EB.html\" target=\"_self\" rel=\"noopener\"><br \/>\n<img class=\"img-responsive\" alt=\"Peg\u00f3 primero\" src=\"http:\/\/cordobadirecto.com\/wp-content\/uploads\/2022\/04\/el-segundo-fue-para-josito.jpg\" loading=\"lazy\"><br \/>\n<\/a>\n<\/picture>\n<\/div>\n<\/div><\/div>\n<\/div>\n<p><mark>Josito Di Palma cerr\u00f3 una vuelta de 1m34s649 y logr\u00f3 el tiempo m\u00e1s veloz. Dej\u00f3 como escolta a Azar a 35 cent\u00e9simas y tercero a Barrio a una diferencia de 460 mil\u00e9simas. <\/mark>Mientras que cerraron el top five Fabricio Persia e Ian Reutemann.<\/p>\n<p>M\u00e1s atr\u00e1s se ubicaron Nicol\u00e1s Palau (Lexus), Miguel Otero (Mercedes), Agust\u00edn De Brabandere (Lexus), Lucas Guerra (Ford) y Baltazar Leguizam\u00f3n (Chevrolet).<\/p>\n<div class=\"sp__SM\">\n<div class=\"content-new \">\n<span class=\"tit-mobile\">Mir\u00e1 tambi\u00e9n<\/span><\/p>\n<div class=\"mg\">\n<div class=\"wrap-figure\">\n<picture>\n<a href=\"https:\/\/www.ole.com.ar\/autos\/colapinto-gano-formula-3_0_hipLlIjcY0.html\" target=\"_self\" rel=\"noopener\"><br \/>\n<img class=\"img-responsive\" alt=\"Franco Colapinto hizo historia en la F\u00f3rmula 3\" src=\"http:\/\/cordobadirecto.com\/wp-content\/uploads\/2022\/04\/el-segundo-fue-para-josito-1.jpg\" loading=\"lazy\"><br \/>\n<\/a>\n<\/picture>\n<\/div>\n<\/div><\/div>\n<\/div>\n<p><mark>La acci\u00f3n para el Top Race en Viedma seguir\u00e1 a las 14.55<\/mark>, cuando se ponga en marcha la clasificaci\u00f3n.<\/p>\n<div class=\"entry-tags\">\n<h2>TEMAS QUE APARECEN EN ESTA NOTA<\/h2>\n<\/p><\/div>\n","protected":false},"excerpt":{"rendered":"<p>Se terminaron los entrenamientos para el Top Race en Viedma. El segundo y \u00faltimo fue dominado por Josito Di Palma. Segundo fue Azar y tercero Barrio. Mir\u00e1 tambi\u00e9n Josito Di Palma cerr\u00f3 una vuelta de 1m34s649 y logr\u00f3 el tiempo m\u00e1s veloz. Dej\u00f3 como escolta a Azar a 35 cent\u00e9simas y tercero a Barrio a [&hellip;]<\/p>\n","protected":false},"author":1,"featured_media":55694,"comment_status":"closed","ping_status":"closed","sticky":false,"template":"","format":"standard","meta":[],"categories":[21],"tags":[],"_links":{"self":[{"href":"http:\/\/cordobadirecto.com\/index.php\/wp-json\/wp\/v2\/posts\/55693"}],"collection":[{"href":"http:\/\/cordobadirecto.com\/index.php\/wp-json\/wp\/v2\/posts"}],"about":[{"href":"http:\/\/cordobadirecto.com\/index.php\/wp-json\/wp\/v2\/types\/post"}],"author":[{"embeddable":true,"href":"http:\/\/cordobadirecto.com\/index.php\/wp-json\/wp\/v2\/users\/1"}],"replies":[{"embeddable":true,"href":"http:\/\/cordobadirecto.com\/index.php\/wp-json\/wp\/v2\/comments?post=55693"}],"version-history":[{"count":0,"href":"http:\/\/cordobadirecto.com\/index.php\/wp-json\/wp\/v2\/posts\/55693\/revisions"}],"wp:featuredmedia":[{"embeddable":true,"href":"http:\/\/cordobadirecto.com\/index.php\/wp-json\/wp\/v2\/media\/55694"}],"wp:attachment":[{"href":"http:\/\/cordobadirecto.com\/index.php\/wp-json\/wp\/v2\/media?parent=55693"}],"wp:term":[{"taxonomy":"category","embeddable":true,"href":"http:\/\/cordobadirecto.com\/index.php\/wp-json\/wp\/v2\/categories?post=55693"},{"taxonomy":"post_tag","embeddable":true,"href":"http:\/\/cordobadirecto.com\/index.php\/wp-json\/wp\/v2\/tags?post=55693"}],"curies":[{"name":"wp","href":"https:\/\/api.w.org\/{rel}","templated":true}]}}