{"id":55695,"date":"2022-04-23T15:39:20","date_gmt":"2022-04-23T15:39:20","guid":{"rendered":"https:\/\/www.ole.com.ar\/autos\/max-verstappen-formula-1-sprint_0_pn1UnILmbv.html"},"modified":"2022-04-23T15:39:20","modified_gmt":"2022-04-23T15:39:20","slug":"verstappen-supero-a-leclerc-en-el-final-y-se-quedo-con-la-carrera-sprint","status":"publish","type":"post","link":"http:\/\/cordobadirecto.com\/index.php\/2022\/04\/23\/verstappen-supero-a-leclerc-en-el-final-y-se-quedo-con-la-carrera-sprint\/","title":{"rendered":"Verstappen super\u00f3 a Leclerc en el final y se qued\u00f3 con la carrera sprint"},"content":{"rendered":"<p><strong>El neerland\u00e9s <a alt=\"max-verstappen\" class=\"slug\" href=\"https:\/\/www.ole.com.ar\/tema\/max-verstappen.html\" target=\"_blank\" title=\"max-verstappen\" rel=\"noopener\">Max Verstappen<\/a> se impuso en la carrera sprint clasificatoria este s\u00e1bado y saldr\u00e1 adelante de todos en el Gran Premio de Emilia-Roma\u00f1a de <a alt=\"formula-1\" class=\"slug\" href=\"https:\/\/www.ole.com.ar\/tema\/formula-1.html\" target=\"_blank\" title=\"formula-1\" rel=\"noopener\">F\u00f3rmula 1<\/a> este domingo, sobre el circuito Enzo y Dino <a alt=\"ferrari\" class=\"slug\" href=\"https:\/\/www.ole.com.ar\/tema\/ferrari.html\" target=\"_blank\" title=\"ferrari\" rel=\"noopener\">Ferrari <\/a>de Imola en Italia.<\/strong> El vigente campe\u00f3n del mundo en la categor\u00eda confirm\u00f3 as\u00ed su primer puesto logrado en la sesi\u00f3n de clasificaci\u00f3n, por delante del monegasco <a alt=\"charles-leclerc\" class=\"slug\" href=\"https:\/\/www.ole.com.ar\/tema\/charles-leclerc.html\" target=\"_blank\" title=\"charles-leclerc\" rel=\"noopener\">Charles Leclerc<\/a> (Ferrari), l\u00edder del Mundial de pilotos, que ocupar\u00e1 el segundo lugar en la fila de largada.<\/p>\n<h2><strong>As\u00ed super\u00f3 Max Verstappen&nbsp;a Leclerc<\/strong><\/h2>\n<p><strong>&#8220;No tuve una buena largada, espero hacerlo mejor ma\u00f1ana&#8221;<\/strong>, destac\u00f3 Verstappen, quien se pudo reponer y finalmente logr\u00f3 recuperar el liderazgo del sprint sobre el final, superando a Charles en una jugada movida durante la ejecuci\u00f3n de una curva.<strong> &#8220;Espero que ma\u00f1ana sea otra historia&#8221;<\/strong>, analiz\u00f3 Leclerc, quien de todas formas sum\u00f3 siete puntos y sigue como l\u00edder del campeonato, con un total de 78 unidades.<\/p>\n<div class=\"sp__Normal\">\n<div class=\"image-embeb image-trigger\" readability=\"6\">\n<picture><source media=\"(min-width: 720px)\" srcset=\"http:\/\/cordobadirecto.com\/wp-content\/uploads\/2022\/04\/verstappen-supero-a-leclerc-en-el-final-y-se-quedo-con-la-carrera-sprint.jpg\"><img itemprop=\"image\" src=\"http:\/\/cordobadirecto.com\/wp-content\/uploads\/2022\/04\/verstappen-supero-a-leclerc-en-el-final-y-se-quedo-con-la-carrera-sprint.jpg\" loading=\"lazy\" alt=\"Max fue el m\u00e1s r\u00e1pido del sprint.\">\n<\/picture><figcaption readability=\"2\">\n<p>Max fue el m\u00e1s r\u00e1pido del sprint.\n<\/p>\n<\/figcaption><\/div>\n<\/div>\n<div class=\"sp__Normal\">\n<div class=\"image-embeb image-trigger\" readability=\"6\">\n<picture><source media=\"(min-width: 720px)\" srcset=\"http:\/\/cordobadirecto.com\/wp-content\/uploads\/2022\/04\/verstappen-supero-a-leclerc-en-el-final-y-se-quedo-con-la-carrera-sprint-1.jpg\"><img itemprop=\"image\" src=\"http:\/\/cordobadirecto.com\/wp-content\/uploads\/2022\/04\/verstappen-supero-a-leclerc-en-el-final-y-se-quedo-con-la-carrera-sprint-1.jpg\" loading=\"lazy\" alt=\"Max fue el m\u00e1s r\u00e1pido del sprint.\">\n<\/picture><figcaption readability=\"2\">\n<p>Max fue el m\u00e1s r\u00e1pido del sprint.\n<\/p>\n<\/figcaption><\/div>\n<\/div>\n<p>El tercer lugar qued\u00f3 para el mexicano Checo P\u00e9rez, mientras que la cuarta posici\u00f3n tambi\u00e9n fue para Ferrari, en este caso para Carlos Sainz. <strong>\u00bfLos otros que sumaron puntos?<\/strong> Los McLaren de Norris y Ricciardo fueron quinto y sexto respectivamente, mientras que completaron la grilla Valtteri Bottas con un s\u00e9ptimo lugar a bordo de su Alfa Romeo y Kevin Magnussen se llev\u00f3 el \u00faltimo punto con su Haas.&nbsp;<\/p>\n<div class=\"sp__Normal\">\n<div class=\"image-embeb image-trigger\" readability=\"6\">\n<picture><source media=\"(min-width: 720px)\" srcset=\"http:\/\/cordobadirecto.com\/wp-content\/uploads\/2022\/04\/verstappen-supero-a-leclerc-en-el-final-y-se-quedo-con-la-carrera-sprint-2.jpg\"><img itemprop=\"image\" src=\"http:\/\/cordobadirecto.com\/wp-content\/uploads\/2022\/04\/verstappen-supero-a-leclerc-en-el-final-y-se-quedo-con-la-carrera-sprint-2.jpg\" loading=\"lazy\" alt=\"Verstappen y Leclerc en la premiaci\u00f3n.\">\n<\/picture><figcaption readability=\"2\">\n<p>Verstappen y Leclerc en la premiaci\u00f3n.\n<\/p>\n<\/figcaption><\/div>\n<\/div>\n<div class=\"entry-tags\">\n<h2>TEMAS QUE APARECEN EN ESTA NOTA<\/h2>\n<\/p><\/div>\n","protected":false},"excerpt":{"rendered":"<p>El neerland\u00e9s Max Verstappen se impuso en la carrera sprint clasificatoria este s\u00e1bado y saldr\u00e1 adelante de todos en el Gran Premio de Emilia-Roma\u00f1a de F\u00f3rmula 1 este domingo, sobre el circuito Enzo y Dino Ferrari de Imola en Italia. El vigente campe\u00f3n del mundo en la categor\u00eda confirm\u00f3 as\u00ed su primer puesto logrado en [&hellip;]<\/p>\n","protected":false},"author":1,"featured_media":55696,"comment_status":"closed","ping_status":"closed","sticky":false,"template":"","format":"standard","meta":[],"categories":[21],"tags":[],"_links":{"self":[{"href":"http:\/\/cordobadirecto.com\/index.php\/wp-json\/wp\/v2\/posts\/55695"}],"collection":[{"href":"http:\/\/cordobadirecto.com\/index.php\/wp-json\/wp\/v2\/posts"}],"about":[{"href":"http:\/\/cordobadirecto.com\/index.php\/wp-json\/wp\/v2\/types\/post"}],"author":[{"embeddable":true,"href":"http:\/\/cordobadirecto.com\/index.php\/wp-json\/wp\/v2\/users\/1"}],"replies":[{"embeddable":true,"href":"http:\/\/cordobadirecto.com\/index.php\/wp-json\/wp\/v2\/comments?post=55695"}],"version-history":[{"count":0,"href":"http:\/\/cordobadirecto.com\/index.php\/wp-json\/wp\/v2\/posts\/55695\/revisions"}],"wp:featuredmedia":[{"embeddable":true,"href":"http:\/\/cordobadirecto.com\/index.php\/wp-json\/wp\/v2\/media\/55696"}],"wp:attachment":[{"href":"http:\/\/cordobadirecto.com\/index.php\/wp-json\/wp\/v2\/media?parent=55695"}],"wp:term":[{"taxonomy":"category","embeddable":true,"href":"http:\/\/cordobadirecto.com\/index.php\/wp-json\/wp\/v2\/categories?post=55695"},{"taxonomy":"post_tag","embeddable":true,"href":"http:\/\/cordobadirecto.com\/index.php\/wp-json\/wp\/v2\/tags?post=55695"}],"curies":[{"name":"wp","href":"https:\/\/api.w.org\/{rel}","templated":true}]}}