{"id":55724,"date":"2022-04-24T12:21:00","date_gmt":"2022-04-24T12:21:00","guid":{"rendered":"http:\/\/cordobadirecto.com\/index.php\/2022\/04\/24\/los-franceses-eligen-entre-le-pen-y-macron-en-un-decisivo-balotaje-presidencial\/"},"modified":"2022-04-24T12:21:00","modified_gmt":"2022-04-24T12:21:00","slug":"los-franceses-eligen-entre-le-pen-y-macron-en-un-decisivo-balotaje-presidencial","status":"publish","type":"post","link":"http:\/\/cordobadirecto.com\/index.php\/2022\/04\/24\/los-franceses-eligen-entre-le-pen-y-macron-en-un-decisivo-balotaje-presidencial\/","title":{"rendered":"Los franceses eligen entre Le Pen y Macron en un decisivo balotaje presidencial"},"content":{"rendered":"<figure class=\"mb-3\"><img loading=\"lazy\" src=\"http:\/\/cordobadirecto.com\/wp-content\/uploads\/2022\/04\/los-franceses-eligen-entre-le-pen-y-macron-en-un-decisivo-balotaje-presidencial.jpg\" width=\"100%\" height=\"100%\" alt=\"Le Pen podra convertirse en la primera mujer presidenta y Macron en el primero en ser reelegido desde el conservador Jacques Chirac Foto AFP\"><figcaption> Le Pen podr\u00eda convertirse en la primera mujer presidenta y Macron en el primero en ser reelegido desde el conservador Jacques Chirac. Foto: AFP. <\/figcaption><\/figure>\n<p>Los franceses votan este domingo en <strong>la segunda vuelta de la elecci\u00f3n presidencial <\/strong>para decidir si conf\u00edan un nuevo mandato al presidente de centro, Emmanuel Macron, o dan un giro a la extrema derecha con Marine Le Pen, una elecci\u00f3n crucial con r\u00e9plicas en el mundo.<\/p>\n<p>Casi 49 millones de franceses est\u00e1n llamados a las urnas en miles de centros de votaci\u00f3n en Francia metropolitana, los territorio de ultramar y el extranjero. Las meses cierran a las 20 (las 15 en Argentina), y enseguida se empezar\u00e1n a conocer los resultados.<\/p>\n<p><strong>Le Pen podr\u00eda convertirse en la primera mujer presidenta y Macron en el primero en ser reelegido desde el conservador Jacques Chirac <\/strong>(1995-2007).<\/p>\n<p><strong>El actual presidente<\/strong> vot\u00f3 durante el mediod\u00eda -horario de Francia- en la norte\u00f1a localidad de Le Touquet, en la regi\u00f3n de Paso de Calais, acompa\u00f1ado de su esposa, Brigitte. Al salir del centro de votaci\u00f3n, unos 20 minutos despu\u00e9s, salud\u00f3 a decenas de simpatizantes.<\/p>\n<figure class=\"mb-3\"><img loading=\"lazy\" src=\"http:\/\/cordobadirecto.com\/wp-content\/uploads\/2022\/04\/los-franceses-eligen-entre-le-pen-y-macron-en-un-decisivo-balotaje-presidencial-1.jpg\" width=\"100%\" height=\"100%\" alt=\"Macrn vot durante el medioda horario de Francia Foto AFP\"><figcaption> Macr\u00f3n vot\u00f3 durante el mediod\u00eda -horario de Francia- Foto: AFP <\/figcaption><\/figure>\n<p>Una multitud vitore\u00f3 a la candidata de extrema derecha a su llegada a la mesa donde vot\u00f3, en el norte de Francia, en la ciudad de H\u00e9nin-Beaumont.<\/p>\n<p>Con una gran sonrisa, avanz\u00f3 muy lentamente hacia su mesa, estrechando la mano de partidarios y tom\u00e1ndose selfies, inform\u00f3 la agencia de noticias francesa AFP.<\/p>\n<figure class=\"mb-3\"><img loading=\"lazy\" src=\"http:\/\/cordobadirecto.com\/wp-content\/uploads\/2022\/04\/los-franceses-eligen-entre-le-pen-y-macron-en-un-decisivo-balotaje-presidencial-2.jpg\" width=\"100%\" height=\"100%\" alt=\"Macron buscar retrasar la edad de jubilacin de 62 a 65 aos\"><figcaption> Macron buscar\u00e1 retrasar la edad de jubilaci\u00f3n de 62 a 65 a\u00f1os. <\/figcaption><\/figure>\n<p>Seg\u00fan los \u00faltimos sondeos, publicados el viernes, el candidato de La Rep\u00fablica en Marcha (LREM), de 44 a\u00f1os, se impondr\u00eda a su rival de la Agrupaci\u00f3n Nacional (RN), de 53 a\u00f1os, con una ventaja menor que en 2017, cuando le gan\u00f3 con un 66,1% de votos.<\/p>\n<p>Cinco a\u00f1os despu\u00e9s,<strong> Francia no es el mismo pa\u00eds: protestas sociales marcaron la primera mitad del mandato de Macron, una pandemia mundial confin\u00f3 a millones de personas y la ofensiva rusa en Ucrania sacudi\u00f3 con fuerza el continente europeo.<\/strong><\/p>\n<p>La guerra a las puertas de la Uni\u00f3n Europea (UE) sobrevol\u00f3 la campa\u00f1a, aunque<strong> la principal preocupaci\u00f3n de los franceses fue su poder adquisitivo, en un contexto de aumento de los precios de la energ\u00eda y de la alimentaci\u00f3n.<\/strong><\/p>\n<p>M\u00e1s all\u00e1 de escoger entre dos modelos de sociedad, los electores<strong> tienen entre sus manos escoger qu\u00e9 lugar en el mundo quieren para esta potencia econ\u00f3mica y nuclear hasta 2027<\/strong>, una decisi\u00f3n que podr\u00eda implicar cambios de alianzas si gana Le Pen.<\/p>\n<figure class=\"mb-3\"><img loading=\"lazy\" src=\"http:\/\/cordobadirecto.com\/wp-content\/uploads\/2022\/04\/los-franceses-eligen-entre-le-pen-y-macron-en-un-decisivo-balotaje-presidencial-3.jpg\" width=\"100%\" height=\"100%\" alt=\"Le Pen apost por aparecer como la defensora del poder adquisitivo\"><figcaption> Le Pen apost\u00f3 por aparecer como la defensora del poder adquisitivo. <\/figcaption><\/figure>\n<p><strong>La heredera del Frente Nacional propone<\/strong> inscribir la &#8220;prioridad nacional&#8221; en la Constituci\u00f3n, para<strong> excluir a los extranjeros de las ayudas sociales, y aboga por abandonar el mando integrado de la OTAN y reducir las competencias de la UE.<\/strong><\/p>\n<p><strong>El mandatario saliente aboga en cambio por m\u00e1s Europa, ya sea en materia econ\u00f3mica, social o de defensa, y recuperar su impulso reformista y liberal, con su propuesta estrella de retrasar la edad de jubilaci\u00f3n de 62 a 65 a\u00f1os<\/strong>, que en 2020 ya cre\u00f3 protestas masivas.<\/p>\n<p>Los primeros ministros socialdem\u00f3cratas de Alemania, Espa\u00f1a y Portugal, as\u00ed como el expresidente izquierdista de Brasil Luiz In\u00e1cio Lula da Silva, expresaron su apoyo a Macron durante la campa\u00f1a.<\/p>\n<p><strong>La abstenci\u00f3n se anuncia como una de las principales inc\u00f3gnitas del balotaje<\/strong>, m\u00e1xime cuando el desencanto por deber votar de nuevo entre Macron y Le Pen cunde entre parte del electorado, especialmente j\u00f3venes y los votantes del izquierdista Jean-Luc M\u00e9lenchon.<\/p>\n<figure class=\"mb-3\"><img loading=\"lazy\" src=\"http:\/\/cordobadirecto.com\/wp-content\/uploads\/2022\/04\/los-franceses-eligen-entre-le-pen-y-macron-en-un-decisivo-balotaje-presidencial-4.jpg\" width=\"100%\" height=\"100%\" alt=\"La abstencin se anuncia como una de las principales incgnitas del balotaje\"><figcaption> La abstenci\u00f3n se anuncia como una de las principales inc\u00f3gnitas del balotaje. <\/figcaption><\/figure>\n<p>El 10 de abril, M\u00e9lenchon se impuso en este territorio franc\u00e9s en El Caribe y qued\u00f3 en tercer lugar en toda Francia con casi un 22% de votos. Los dos finalistas lanzaron gui\u00f1os a sus electores durante toda la campa\u00f1a para tratar de movilizarlos y atraerlos.<\/p>\n<p><strong>Le Pen apost\u00f3 por aparecer como la defensora del poder adquisitivo<\/strong>, ante un rival que, a su juicio, desprecia las clases populares. Macron se esforz\u00f3 en desmontar el programa de su rival y advertir del peligro de la llegada de la extrema derecha al poder.<\/p>\n<p><strong>La abstenci\u00f3n se situ\u00f3 en el 26,31% en la primera vuelta.<\/strong> El actual balotaje puede batir el r\u00e9cord de votos en blanco o nulos que muchos franceses escogieron en 2017 para expresar su rechazo a elegir entre los dos finalistas.<\/p>\n<p>Las presidenciales se seguir\u00e1n de las elecciones legislativas en junio, claves para la gobernabilidad. Actualmente, el partido de Macron tiene la mayor\u00eda.<\/p>\n","protected":false},"excerpt":{"rendered":"<p>Le Pen podr\u00eda convertirse en la primera mujer presidenta y Macron en el primero en ser reelegido desde el conservador Jacques Chirac. Foto: AFP. Los franceses votan este domingo en la segunda vuelta de la elecci\u00f3n presidencial para decidir si conf\u00edan un nuevo mandato al presidente de centro, Emmanuel Macron, o dan un giro a [&hellip;]<\/p>\n","protected":false},"author":1,"featured_media":55725,"comment_status":"closed","ping_status":"closed","sticky":false,"template":"","format":"standard","meta":[],"categories":[24],"tags":[],"_links":{"self":[{"href":"http:\/\/cordobadirecto.com\/index.php\/wp-json\/wp\/v2\/posts\/55724"}],"collection":[{"href":"http:\/\/cordobadirecto.com\/index.php\/wp-json\/wp\/v2\/posts"}],"about":[{"href":"http:\/\/cordobadirecto.com\/index.php\/wp-json\/wp\/v2\/types\/post"}],"author":[{"embeddable":true,"href":"http:\/\/cordobadirecto.com\/index.php\/wp-json\/wp\/v2\/users\/1"}],"replies":[{"embeddable":true,"href":"http:\/\/cordobadirecto.com\/index.php\/wp-json\/wp\/v2\/comments?post=55724"}],"version-history":[{"count":0,"href":"http:\/\/cordobadirecto.com\/index.php\/wp-json\/wp\/v2\/posts\/55724\/revisions"}],"wp:featuredmedia":[{"embeddable":true,"href":"http:\/\/cordobadirecto.com\/index.php\/wp-json\/wp\/v2\/media\/55725"}],"wp:attachment":[{"href":"http:\/\/cordobadirecto.com\/index.php\/wp-json\/wp\/v2\/media?parent=55724"}],"wp:term":[{"taxonomy":"category","embeddable":true,"href":"http:\/\/cordobadirecto.com\/index.php\/wp-json\/wp\/v2\/categories?post=55724"},{"taxonomy":"post_tag","embeddable":true,"href":"http:\/\/cordobadirecto.com\/index.php\/wp-json\/wp\/v2\/tags?post=55724"}],"curies":[{"name":"wp","href":"https:\/\/api.w.org\/{rel}","templated":true}]}}