{"id":55766,"date":"2022-04-24T18:01:35","date_gmt":"2022-04-24T18:01:35","guid":{"rendered":"https:\/\/www.bbc.com\/mundo\/noticias-internacional-61211375"},"modified":"2022-04-24T18:01:35","modified_gmt":"2022-04-24T18:01:35","slug":"elecciones-en-francia-2022-macron-gana-por-segunda-vez-a-le-pen-y-es-el-primer-presidente-reelecto-en-20-anos","status":"publish","type":"post","link":"http:\/\/cordobadirecto.com\/index.php\/2022\/04\/24\/elecciones-en-francia-2022-macron-gana-por-segunda-vez-a-le-pen-y-es-el-primer-presidente-reelecto-en-20-anos\/","title":{"rendered":"Elecciones en Francia 2022: Macron gana por segunda vez a Le Pen y es el primer presidente reelecto en 20 a\u00f1os"},"content":{"rendered":"<div dir=\"ltr\" class=\"e1j2237y5 bbc-q4ibpr e57qer20\">\n<div class=\"bbc-1atl7vu e1c9i7u14\">\n<ul role=\"list\" class=\"bbc-k0l9bd e1c9i7u12\">\n<li role=\"listitem\" class=\"bbc-1a3w4ok e1c9i7u11\">Redacci\u00f3n <\/li>\n<li role=\"listitem\" class=\"bbc-1p92jtu e1c9i7u10\">BBC News Mundo<\/li>\n<\/ul>\n<\/div>\n<\/div>\n<p><time datetime=\"2022-04-24\" class=\"bbc-14xtggo e4zesg50\">6 horas<\/time><\/p>\n<div dir=\"ltr\" class=\"bbc-1ka88fa e57qer20\">\n<figure class=\"bbc-1qdcvv9 e6bmn90\">\n<div dir=\"ltr\" class=\"bbc-172p16q e57qer20\">\n<div dir=\"ltr\" class=\"bbc-189y18v e57qer20\">\n<div data-e2e=\"image-placeholder\" class=\"bbc-997y1y e1whu0\"><picture class=\"bbc-yfiktt e1enwo3v1\"><source srcset=\"https:\/\/ichef.bbci.co.uk\/news\/240\/cpsprodpb\/FD59\/production\/_124275846_gettyimages-1240214437.jpg.webp 240w, https:\/\/ichef.bbci.co.uk\/news\/320\/cpsprodpb\/FD59\/production\/_124275846_gettyimages-1240214437.jpg.webp 320w, https:\/\/ichef.bbci.co.uk\/news\/480\/cpsprodpb\/FD59\/production\/_124275846_gettyimages-1240214437.jpg.webp 480w, https:\/\/ichef.bbci.co.uk\/news\/624\/cpsprodpb\/FD59\/production\/_124275846_gettyimages-1240214437.jpg.webp 624w, https:\/\/ichef.bbci.co.uk\/news\/800\/cpsprodpb\/FD59\/production\/_124275846_gettyimages-1240214437.jpg.webp 800w\" type=\"image\/webp\" sizes=\"(min-width: 1008px) 645px, 100vw\"><source srcset=\"https:\/\/ichef.bbci.co.uk\/news\/240\/cpsprodpb\/FD59\/production\/_124275846_gettyimages-1240214437.jpg 240w, https:\/\/ichef.bbci.co.uk\/news\/320\/cpsprodpb\/FD59\/production\/_124275846_gettyimages-1240214437.jpg 320w, https:\/\/ichef.bbci.co.uk\/news\/480\/cpsprodpb\/FD59\/production\/_124275846_gettyimages-1240214437.jpg 480w, https:\/\/ichef.bbci.co.uk\/news\/624\/cpsprodpb\/FD59\/production\/_124275846_gettyimages-1240214437.jpg 624w, https:\/\/ichef.bbci.co.uk\/news\/800\/cpsprodpb\/FD59\/production\/_124275846_gettyimages-1240214437.jpg 800w\" type=\"image\/jpeg\" sizes=\"(min-width: 1008px) 645px, 100vw\"><img loading=\"lazy\" src=\"http:\/\/cordobadirecto.com\/wp-content\/uploads\/2022\/04\/elecciones-en-francia-2022-macron-gana-por-segunda-vez-a-le-pen-y-es-el-primer-presidente-reelecto-en-20-anos.jpg\" alt=\"macron\" width=\"976\" height=\"549\" class=\"eehpdyc0 bbc-rb7xa0 e1enwo3v0\"><\/picture>\n<p role=\"text\" class=\"bbc-1s1cxbv etq3yw90\"><span class=\"bbc-1gnhmg2 e1yt7oin0\">Fuente de la imagen, <\/span><span lang=\"en-GB\">AFP<\/span><\/p>\n<\/div>\n<\/div>\n<\/div>\n<\/figure>\n<\/div>\n<div dir=\"ltr\" class=\"bbc-19j92fr e57qer20\" readability=\"9\">\n<p dir=\"ltr\" class=\"bbc-bm53ic e1cc2ql70\"><b>El presidente Emmanuel Macron repetir\u00e1 por otros cinco a\u00f1os en el cargo, tras ganar este domingo la segunda vuelta de las elecciones en Francia.<\/b><\/p>\n<\/div>\n<div dir=\"ltr\" class=\"bbc-19j92fr e57qer20\" readability=\"13\">\n<p dir=\"ltr\" class=\"bbc-bm53ic e1cc2ql70\">Seg\u00fan datos oficiales del Ministerio del Interior, con 58.55% de los votos, Macron se impuso otra vez a la candidata de ultraderecha Marine Le Pen, quien obtuvo el 41.8 %, una cantidad que representa el apoyo m\u00e1s fuerte recibido por su partido en su historia.<\/p>\n<\/div>\n<div dir=\"ltr\" class=\"bbc-1ka88fa e57qer20\">\n<figure class=\"bbc-1qdcvv9 e6bmn90\">\n<div dir=\"ltr\" class=\"bbc-172p16q e57qer20\">\n<div dir=\"ltr\" class=\"bbc-189y18v e57qer20\">\n<div data-e2e=\"image-placeholder\" class=\"bbc-997y1y e1whu0\"><noscript><picture class=\"bbc-yfiktt e1enwo3v1\"><source srcset=\"http:\/\/cordobadirecto.com\/wp-content\/uploads\/2022\/04\/elecciones-en-francia-2022-macron-gana-por-segunda-vez-a-le-pen-y-es-el-primer-presidente-reelecto-en-20-anos.webp 240w, http:\/\/cordobadirecto.com\/wp-content\/uploads\/2022\/04\/elecciones-en-francia-2022-macron-gana-por-segunda-vez-a-le-pen-y-es-el-primer-presidente-reelecto-en-20-anos-1.webp 320w, http:\/\/cordobadirecto.com\/wp-content\/uploads\/2022\/04\/elecciones-en-francia-2022-macron-gana-por-segunda-vez-a-le-pen-y-es-el-primer-presidente-reelecto-en-20-anos-2.webp 480w, http:\/\/cordobadirecto.com\/wp-content\/uploads\/2022\/04\/elecciones-en-francia-2022-macron-gana-por-segunda-vez-a-le-pen-y-es-el-primer-presidente-reelecto-en-20-anos-3.webp 624w, http:\/\/cordobadirecto.com\/wp-content\/uploads\/2022\/04\/elecciones-en-francia-2022-macron-gana-por-segunda-vez-a-le-pen-y-es-el-primer-presidente-reelecto-en-20-anos-1.jpg.webp 640w\" type=\"image\/webp\" sizes=\"(min-width: 1008px) 645px, 100vw\"><source srcset=\"https:\/\/ichef.bbci.co.uk\/news\/240\/cpsprodpb\/C4BF\/production\/_124276305_france_elex_results_mundo-nc-1.jpg 240w, https:\/\/ichef.bbci.co.uk\/news\/320\/cpsprodpb\/C4BF\/production\/_124276305_france_elex_results_mundo-nc-1.jpg 320w, https:\/\/ichef.bbci.co.uk\/news\/480\/cpsprodpb\/C4BF\/production\/_124276305_france_elex_results_mundo-nc-1.jpg 480w, https:\/\/ichef.bbci.co.uk\/news\/624\/cpsprodpb\/C4BF\/production\/_124276305_france_elex_results_mundo-nc-1.jpg 624w, http:\/\/cordobadirecto.com\/wp-content\/uploads\/2022\/04\/elecciones-en-francia-2022-macron-gana-por-segunda-vez-a-le-pen-y-es-el-primer-presidente-reelecto-en-20-anos-1.jpg 640w\" type=\"image\/jpeg\" sizes=\"(min-width: 1008px) 645px, 100vw\"><img loading=\"lazy\" src=\"http:\/\/cordobadirecto.com\/wp-content\/uploads\/2022\/04\/elecciones-en-francia-2022-macron-gana-por-segunda-vez-a-le-pen-y-es-el-primer-presidente-reelecto-en-20-anos-1.jpg\" alt=\"por ciento\" width=\"640\" height=\"416\" class=\"eehpdyc0 bbc-rb7xa0 e1enwo3v0\"><\/picture><\/noscript><\/div>\n<\/div>\n<\/div>\n<\/figure>\n<\/div>\n<div dir=\"ltr\" class=\"bbc-19j92fr e57qer20\" readability=\"9\">\n<p dir=\"ltr\" class=\"bbc-bm53ic e1cc2ql70\">Esto conlleva a que Macron sea el primer presidente que revalida en el cargo en los \u00faltimos 20 a\u00f1os, despu\u00e9s de Jacques Chirac en 2002.<\/p>\n<\/div>\n<div dir=\"ltr\" class=\"bbc-19j92fr e57qer20\" readability=\"11\">\n<p dir=\"ltr\" class=\"bbc-bm53ic e1cc2ql70\">En un emotivo discurso de celebraci\u00f3n, el mandatario asegur\u00f3 que agradec\u00eda a todos los que le dieron su apoyo y reconoci\u00f3 que su victoria se deb\u00eda no solo a los que segu\u00edan sus ideas, sino tambi\u00e9n a aquellos que hab\u00edan votado por \u00e9l para evitar que la extrema derecha obtuviera el poder.<\/p>\n<\/div>\n<div dir=\"ltr\" class=\"bbc-19j92fr e57qer20\" readability=\"8\">\n<p dir=\"ltr\" class=\"bbc-bm53ic e1cc2ql70\">&#8220;Yo entiendo los deberes que vienen con esa confianza por los pr\u00f3ximos a\u00f1os&#8221;, dijo. <\/p>\n<\/div>\n<div dir=\"ltr\" class=\"bbc-19j92fr e57qer20\" readability=\"10\">\n<p dir=\"ltr\" class=\"bbc-bm53ic e1cc2ql70\">Asegur\u00f3, adem\u00e1s, que tratar\u00e1 de gobernar con un nuevo m\u00e9todo y que tratar\u00e1 de atender las preocupaciones de los que votaron en su contra. <\/p>\n<\/div>\n<div dir=\"ltr\" class=\"bbc-19j92fr e57qer20\" readability=\"9\">\n<p dir=\"ltr\" class=\"bbc-bm53ic e1cc2ql70\">&#8220;A los que votaron por la extrema derecha les digo que mi responsabilidad y la de mi equipo ser\u00e1 atender sus inquietudes&#8221;, dijo desde el Campo de Marte.<\/p>\n<\/div>\n<div dir=\"ltr\" class=\"bbc-1ka88fa e57qer20\">\n<figure class=\"bbc-1qdcvv9 e6bmn90\">\n<div dir=\"ltr\" class=\"bbc-172p16q e57qer20\">\n<div dir=\"ltr\" class=\"bbc-189y18v e57qer20\" readability=\"6.5\">\n<div data-e2e=\"image-placeholder\" class=\"bbc-997y1y e1whu0\" readability=\"8\"><noscript><picture class=\"bbc-yfiktt e1enwo3v1\"><source srcset=\"http:\/\/cordobadirecto.com\/wp-content\/uploads\/2022\/04\/elecciones-en-francia-2022-macron-gana-por-segunda-vez-a-le-pen-y-es-el-primer-presidente-reelecto-en-20-anos-5.webp 240w, http:\/\/cordobadirecto.com\/wp-content\/uploads\/2022\/04\/elecciones-en-francia-2022-macron-gana-por-segunda-vez-a-le-pen-y-es-el-primer-presidente-reelecto-en-20-anos-6.webp 320w, http:\/\/cordobadirecto.com\/wp-content\/uploads\/2022\/04\/elecciones-en-francia-2022-macron-gana-por-segunda-vez-a-le-pen-y-es-el-primer-presidente-reelecto-en-20-anos-7.webp 480w, http:\/\/cordobadirecto.com\/wp-content\/uploads\/2022\/04\/elecciones-en-francia-2022-macron-gana-por-segunda-vez-a-le-pen-y-es-el-primer-presidente-reelecto-en-20-anos-8.webp 624w, http:\/\/cordobadirecto.com\/wp-content\/uploads\/2022\/04\/elecciones-en-francia-2022-macron-gana-por-segunda-vez-a-le-pen-y-es-el-primer-presidente-reelecto-en-20-anos-9.webp 800w\" type=\"image\/webp\" sizes=\"(min-width: 1008px) 645px, 100vw\"><source srcset=\"https:\/\/ichef.bbci.co.uk\/news\/240\/cpsprodpb\/AF39\/production\/_124275844_hero.jpg 240w, https:\/\/ichef.bbci.co.uk\/news\/320\/cpsprodpb\/AF39\/production\/_124275844_hero.jpg 320w, https:\/\/ichef.bbci.co.uk\/news\/480\/cpsprodpb\/AF39\/production\/_124275844_hero.jpg 480w, https:\/\/ichef.bbci.co.uk\/news\/624\/cpsprodpb\/AF39\/production\/_124275844_hero.jpg 624w, https:\/\/ichef.bbci.co.uk\/news\/800\/cpsprodpb\/AF39\/production\/_124275844_hero.jpg 800w\" type=\"image\/jpeg\" sizes=\"(min-width: 1008px) 645px, 100vw\"><img loading=\"lazy\" src=\"http:\/\/cordobadirecto.com\/wp-content\/uploads\/2022\/04\/elecciones-en-francia-2022-macron-gana-por-segunda-vez-a-le-pen-y-es-el-primer-presidente-reelecto-en-20-anos-2.jpg\" alt=\"Pictures of candidates Emmanuel Macron (L) and Marine Le Pen are displayed during the second round of voting in the French presidential elections at the French Embassy in Beijing on April 24\" width=\"976\" height=\"549\" class=\"eehpdyc0 bbc-rb7xa0 e1enwo3v0\"><\/picture><\/noscript><\/p>\n<p role=\"text\" class=\"bbc-1s1cxbv etq3yw90\"><span class=\"bbc-1gnhmg2 e1yt7oin0\">Fuente de la imagen, <\/span><span lang=\"en-GB\">Getty Images<\/span><\/p>\n<\/div>\n<\/div>\n<\/div>\n<\/figure>\n<\/div>\n<div dir=\"ltr\" class=\"bbc-19j92fr e57qer20\" readability=\"11\">\n<p dir=\"ltr\" class=\"bbc-bm53ic e1cc2ql70\">Tras conocer las estimaciones iniciales, Le Pen reconoci\u00f3 la derrota, aunque asegur\u00f3 que los resultados eran una victoria para su partido, Agrupaci\u00f3n Nacional (RN). <\/p>\n<\/div>\n<div dir=\"ltr\" class=\"bbc-19j92fr e57qer20\" readability=\"17\">\n<p dir=\"ltr\" class=\"bbc-bm53ic e1cc2ql70\">&#8220;Pudo haber soplado una gran viento de libertad en el pa\u00eds. <b>Los resultados de la votaci\u00f3n, <\/b><b>los cuales<\/b><b> respeto, quisier<\/b><b>o<\/b><b>n otra cosa<\/b>. A pesar de dos semanas de m\u00e9todos (de campa\u00f1a) desleales (&#8230;), las ideas que representamos alcanzaron su punto m\u00e1ximo en la noche de las elecciones presidenciales. Con m\u00e1s del 43% de los votos, los resultados de esta noche representan, en s\u00ed mismos, una brillante victoria&#8221;, dijo.<\/p>\n<\/div>\n<div dir=\"ltr\" class=\"bbc-19j92fr e57qer20\" readability=\"9\">\n<p dir=\"ltr\" class=\"bbc-bm53ic e1cc2ql70\">Indic\u00f3, adem\u00e1s, que el objetivo de su partido ahora son las elecciones parlamentarias de junio.<\/p>\n<\/div>\n<div dir=\"ltr\" class=\"bbc-19j92fr e57qer20\" readability=\"9\">\n<p dir=\"ltr\" class=\"bbc-bm53ic e1cc2ql70\">&#8220;M\u00e1s que nunca continuar\u00e9 mi trabajo por los franceses. El paisaje de la pol\u00edtica francesa se est\u00e1 recomponiendo&#8221;, dijo.<\/p>\n<\/div>\n<div dir=\"ltr\" class=\"bbc-19j92fr e57qer20\" readability=\"9\">\n<p dir=\"ltr\" class=\"bbc-bm53ic e1cc2ql70\">Las primeras cifras de participaci\u00f3n en la segunda vuelta rondaban el 63% del censo, lo que supone casi dos puntos menos que en la primera vuelta de hace quince d\u00edas y la m\u00e1s baja desde 1969.<\/p>\n<\/div>\n<div dir=\"ltr\" class=\"bbc-19j92fr e57qer20\" readability=\"9\">\n<p dir=\"ltr\" class=\"bbc-bm53ic e1cc2ql70\">Aunque Macron lleg\u00f3 a la segunda vuelta con una ventaja estable en las encuestas de opini\u00f3n, los analistas alertaron que no se deb\u00eda dar por segura su victoria.<\/p>\n<\/div>\n<div dir=\"ltr\" class=\"bbc-19j92fr e57qer20\" readability=\"10\">\n<p dir=\"ltr\" class=\"bbc-bm53ic e1cc2ql70\">Sin embargo, su posici\u00f3n mejor\u00f3 en los \u00faltimos d\u00edas de campa\u00f1a, principalmente tras el debate preelectoral del mi\u00e9rcoles.<\/p>\n<\/div>\n<div dir=\"ltr\" class=\"bbc-19j92fr e57qer20\" readability=\"9\">\n<p dir=\"ltr\" class=\"bbc-bm53ic e1cc2ql70\">Televisoras locales mostraban a miles de partidarios de Macron celebrando en las calles y alrededor de lugares emblem\u00e1ticos de la capital francesa, como la Torre Eiffel.<\/p>\n<\/div>\n<div class=\"bbc-sffzb7 e8v25yx0\">\n<div dir=\"ltr\" class=\"bbc-1ka88fa e57qer20\">\n<figure class=\"bbc-1qdcvv9 e6bmn90\">\n<div dir=\"ltr\" class=\"bbc-172p16q e57qer20\">\n<div dir=\"ltr\" class=\"bbc-189y18v e57qer20\" readability=\"6.5\">\n<div data-e2e=\"image-placeholder\" class=\"bbc-997y1y e1whu0\" readability=\"8\"><noscript><picture class=\"bbc-yfiktt e1enwo3v1\"><source srcset=\"http:\/\/cordobadirecto.com\/wp-content\/uploads\/2022\/04\/elecciones-en-francia-2022-macron-gana-por-segunda-vez-a-le-pen-y-es-el-primer-presidente-reelecto-en-20-anos-10.webp 240w, http:\/\/cordobadirecto.com\/wp-content\/uploads\/2022\/04\/elecciones-en-francia-2022-macron-gana-por-segunda-vez-a-le-pen-y-es-el-primer-presidente-reelecto-en-20-anos-11.webp 320w, http:\/\/cordobadirecto.com\/wp-content\/uploads\/2022\/04\/elecciones-en-francia-2022-macron-gana-por-segunda-vez-a-le-pen-y-es-el-primer-presidente-reelecto-en-20-anos-12.webp 480w, http:\/\/cordobadirecto.com\/wp-content\/uploads\/2022\/04\/elecciones-en-francia-2022-macron-gana-por-segunda-vez-a-le-pen-y-es-el-primer-presidente-reelecto-en-20-anos-13.webp 624w, http:\/\/cordobadirecto.com\/wp-content\/uploads\/2022\/04\/elecciones-en-francia-2022-macron-gana-por-segunda-vez-a-le-pen-y-es-el-primer-presidente-reelecto-en-20-anos-14.webp 800w\" type=\"image\/webp\" sizes=\"(min-width: 1008px) 645px, 100vw\"><source srcset=\"https:\/\/ichef.bbci.co.uk\/news\/240\/cpsprodpb\/6501\/production\/_124275852_gettyimages-1393428989.jpg 240w, https:\/\/ichef.bbci.co.uk\/news\/320\/cpsprodpb\/6501\/production\/_124275852_gettyimages-1393428989.jpg 320w, https:\/\/ichef.bbci.co.uk\/news\/480\/cpsprodpb\/6501\/production\/_124275852_gettyimages-1393428989.jpg 480w, https:\/\/ichef.bbci.co.uk\/news\/624\/cpsprodpb\/6501\/production\/_124275852_gettyimages-1393428989.jpg 624w, https:\/\/ichef.bbci.co.uk\/news\/800\/cpsprodpb\/6501\/production\/_124275852_gettyimages-1393428989.jpg 800w\" type=\"image\/jpeg\" sizes=\"(min-width: 1008px) 645px, 100vw\"><img loading=\"lazy\" src=\"http:\/\/cordobadirecto.com\/wp-content\/uploads\/2022\/04\/elecciones-en-francia-2022-macron-gana-por-segunda-vez-a-le-pen-y-es-el-primer-presidente-reelecto-en-20-anos-3.jpg\" alt=\"macron\" width=\"976\" height=\"549\" class=\"eehpdyc0 bbc-rb7xa0 e1enwo3v0\"><\/picture><\/noscript><\/p>\n<p role=\"text\" class=\"bbc-1s1cxbv etq3yw90\"><span class=\"bbc-1gnhmg2 e1yt7oin0\">Fuente de la imagen, <\/span><span lang=\"en-GB\">Getty Images<\/span><\/p>\n<\/div>\n<\/div>\n<\/div>\n<\/figure>\n<\/div>\n<\/div>\n<div dir=\"ltr\" class=\"bbc-19j92fr e57qer20\" readability=\"16\">\n<p dir=\"ltr\" class=\"bbc-bm53ic e1cc2ql70\">De acuerdo con el periodista de la BBC, Hugh Schofield, quien se encuentra en Par\u00eds, &#8220;la amenaza de la extrema derecha result\u00f3 exagerada en las encuestas&#8221;.&#8221;Sin embargo, sigue siendo la mayor votaci\u00f3n jam\u00e1s obtenida por los nacionalistas. Combinado con la alt\u00edsima tasa de abstenciones y votos nulos, se confirma la impresi\u00f3n de un pa\u00eds dividido e infeliz&#8221;, indica.<\/p>\n<\/div>\n<div dir=\"ltr\" class=\"bbc-19j92fr e57qer20\" readability=\"11\">\n<p dir=\"ltr\" class=\"bbc-bm53ic e1cc2ql70\">La segunda vuelta de esto domingo mostr\u00f3 una diferencia m\u00e1s estrecha entre los candidatos que los resultados obtenidos en 2017, cuando el centrista obtuvo el 66% de los votos, frente al 33.9 % de la candidata de ultraderecha.<\/p>\n<\/div>\n<div dir=\"ltr\" class=\"bbc-19j92fr e57qer20\" readability=\"12\">\n<p dir=\"ltr\" class=\"bbc-bm53ic e1cc2ql70\">En la primera vuelta de hace dos semanas, Macron obtuvo el 27,6% de los votos, mientras que su oponente se llev\u00f3 el 23,4%.<\/p>\n<\/div>\n<div dir=\"ltr\" class=\"bbc-19j92fr e57qer20\" readability=\"10\">\n<p dir=\"ltr\" class=\"bbc-bm53ic e1cc2ql70\">La presidenta de la Comisi\u00f3n Europea, Ursula von der Leyen, y numerosos l\u00edderes europeos felicitaron a Macron por su victoria.<\/p>\n<\/div>\n<div dir=\"ltr\" class=\"bbc-19j92fr e57qer20\" readability=\"8\">\n<p dir=\"ltr\" class=\"bbc-bm53ic e1cc2ql70\">Y es que los resultados han sido vistos como un respiro para el bloque regional por la posici\u00f3n pro-europea de Macron y los comentarios cr\u00edticos de Le Pen hacia el bloque.<\/p>\n<\/div>\n<div dir=\"ltr\" class=\"bbc-19j92fr e57qer20\" readability=\"13\">\n<p dir=\"ltr\" class=\"bbc-bm53ic e1cc2ql70\">Aunque la candidata se retract\u00f3 de sus ideas iniciales de buscar la salida de Francia del bloque, exist\u00eda el temor de que sus pol\u00edticas afectaran la unidad de la UE, sacudida en los \u00faltimos a\u00f1os por la salida de Reino Unido, la elecci\u00f3n en 2016 de Donald Trump y el ascenso de una nueva generaci\u00f3n de l\u00edderes nacionalistas.<\/p>\n<\/div>\n<div dir=\"ltr\" class=\"bbc-19j92fr e57qer20\" readability=\"14\">\n<p dir=\"ltr\" class=\"bbc-bm53ic e1cc2ql70\">&#8220;El mayor suspiro de alivio ha venido de los l\u00edderes de la UE. Como presidente, Le Pen habr\u00eda sido vista como una amenaza existencial para la Uni\u00f3n, ya que es una euroesc\u00e9ptica abierta, mientras que es dif\u00edcil encontrar a alguien m\u00e1s entusiasta de la UE que Emmanuel Macron&#8221;, escribe desde Par\u00eds la periodista de la BBC Katya Adler.<\/p>\n<\/div>\n<div dir=\"ltr\" class=\"bbc-19j92fr e57qer20\" readability=\"9\">\n<p dir=\"ltr\" class=\"bbc-bm53ic e1cc2ql70\">No obsante, la preocupaci\u00f3n por los resultados de la extrema derecha lleg\u00f3 incluso del propio gobierno de Macron.<\/p>\n<\/div>\n<div dir=\"ltr\" class=\"bbc-19j92fr e57qer20\" readability=\"14\">\n<p dir=\"ltr\" class=\"bbc-bm53ic e1cc2ql70\">El ministro de Salud, Olivier V\u00e9ran, asegur\u00f3 que no quer\u00eda &#8220;estropear la victoria&#8221;, pero que estaba preocupado por el n\u00famero de votos obtenidos por Le Pen. &#8220;Tambi\u00e9n hemos escuchado el mensaje del pueblo franc\u00e9s. Habr\u00e1 un cambio de m\u00e9todo, se consultar\u00e1 al pueblo franc\u00e9s&#8221;, dijo.<\/p>\n<\/div>\n<p><h2 id=\"La-nueva-victoria\" tabindex=\"-1\" class=\"bbc-l3e97o e14hemmw0\">La nueva victoria<\/h2>\n<\/p>\n<div dir=\"ltr\" class=\"bbc-19j92fr e57qer20\" readability=\"13\">\n<p dir=\"ltr\" class=\"bbc-bm53ic e1cc2ql70\">Cuando hace cinco a\u00f1os se convirti\u00f3 en el l\u00edder franc\u00e9s m\u00e1s joven en llegar al poder desde Napole\u00f3n, bajo el partido En Marche! (\u00a1En marcha!), Macr\u00f3n prometi\u00f3 alejarse de los espectros pol\u00edticos, fortalecer los lazos con Europa e implementar importantes reformas en materia social y econ\u00f3mica.<\/p>\n<\/div>\n<div dir=\"ltr\" class=\"bbc-19j92fr e57qer20\" readability=\"11\">\n<p dir=\"ltr\" class=\"bbc-bm53ic e1cc2ql70\">El descontento contra las \u00e9lites pol\u00edticas que, por a\u00f1os, hab\u00edan administrado el pa\u00eds europeo hizo que el electorado se volcara a favor de aquel joven exbanquero que participaba en su primera elecci\u00f3n.<\/p>\n<\/div>\n<div dir=\"ltr\" class=\"bbc-19j92fr e57qer20\" readability=\"10\">\n<p dir=\"ltr\" class=\"bbc-bm53ic e1cc2ql70\">Cuando venci\u00f3 a Le Pen en segunda vuelta en esa ocasi\u00f3n, su \u00fanica experiencia en el gobierno hab\u00eda sido como asesor econ\u00f3mico y ministro de Econom\u00eda del expresidente socialista Fran\u00e7ois Hollande.<\/p>\n<\/div>\n<div dir=\"ltr\" class=\"bbc-1ka88fa e57qer20\">\n<figure class=\"bbc-1qdcvv9 e6bmn90\">\n<div dir=\"ltr\" class=\"bbc-172p16q e57qer20\">\n<div dir=\"ltr\" class=\"bbc-189y18v e57qer20\" readability=\"6.5\">\n<div data-e2e=\"image-placeholder\" class=\"bbc-997y1y e1whu0\" readability=\"8\"><noscript><picture class=\"bbc-yfiktt e1enwo3v1\"><source srcset=\"http:\/\/cordobadirecto.com\/wp-content\/uploads\/2022\/04\/elecciones-en-francia-2022-macron-gana-por-segunda-vez-a-le-pen-y-es-el-primer-presidente-reelecto-en-20-anos-15.webp 240w, http:\/\/cordobadirecto.com\/wp-content\/uploads\/2022\/04\/elecciones-en-francia-2022-macron-gana-por-segunda-vez-a-le-pen-y-es-el-primer-presidente-reelecto-en-20-anos-16.webp 320w, http:\/\/cordobadirecto.com\/wp-content\/uploads\/2022\/04\/elecciones-en-francia-2022-macron-gana-por-segunda-vez-a-le-pen-y-es-el-primer-presidente-reelecto-en-20-anos-17.webp 480w, http:\/\/cordobadirecto.com\/wp-content\/uploads\/2022\/04\/elecciones-en-francia-2022-macron-gana-por-segunda-vez-a-le-pen-y-es-el-primer-presidente-reelecto-en-20-anos-18.webp 624w, http:\/\/cordobadirecto.com\/wp-content\/uploads\/2022\/04\/elecciones-en-francia-2022-macron-gana-por-segunda-vez-a-le-pen-y-es-el-primer-presidente-reelecto-en-20-anos-19.webp 800w\" type=\"image\/webp\" sizes=\"(min-width: 1008px) 645px, 100vw\"><source srcset=\"https:\/\/ichef.bbci.co.uk\/news\/240\/cpsprodpb\/E2AF\/production\/_124113085_gettyimages-1389174834.jpg 240w, https:\/\/ichef.bbci.co.uk\/news\/320\/cpsprodpb\/E2AF\/production\/_124113085_gettyimages-1389174834.jpg 320w, https:\/\/ichef.bbci.co.uk\/news\/480\/cpsprodpb\/E2AF\/production\/_124113085_gettyimages-1389174834.jpg 480w, https:\/\/ichef.bbci.co.uk\/news\/624\/cpsprodpb\/E2AF\/production\/_124113085_gettyimages-1389174834.jpg 624w, https:\/\/ichef.bbci.co.uk\/news\/800\/cpsprodpb\/E2AF\/production\/_124113085_gettyimages-1389174834.jpg 800w\" type=\"image\/jpeg\" sizes=\"(min-width: 1008px) 645px, 100vw\"><img loading=\"lazy\" src=\"http:\/\/cordobadirecto.com\/wp-content\/uploads\/2022\/04\/elecciones-en-francia-2022-macron-gana-por-segunda-vez-a-le-pen-y-es-el-primer-presidente-reelecto-en-20-anos-4.jpg\" alt=\"Emmanuel Macron\" width=\"976\" height=\"549\" class=\"eehpdyc0 bbc-rb7xa0 e1enwo3v0\"><\/picture><\/noscript><\/p>\n<p role=\"text\" class=\"bbc-1s1cxbv etq3yw90\"><span class=\"bbc-1gnhmg2 e1yt7oin0\">Fuente de la imagen, <\/span><span lang=\"en-GB\">Getty Images<\/span><\/p>\n<\/div>\n<\/div>\n<\/div>\n<\/figure>\n<\/div>\n<div dir=\"ltr\" class=\"bbc-19j92fr e57qer20\" readability=\"12\">\n<p dir=\"ltr\" class=\"bbc-bm53ic e1cc2ql70\">Sin embargo, el mandatario vio su popularidad caer en los \u00faltimos tiempos, principalente por su posici\u00f3n frente las protestas de los llamados &#8220;chalecos amarillos&#8221;, sus pol\u00edticas y algunas de las medidas para hacer frente a la pandemia de coronavirus. <\/p>\n<\/div>\n<div dir=\"ltr\" class=\"bbc-19j92fr e57qer20\" readability=\"8\">\n<p dir=\"ltr\" class=\"bbc-bm53ic e1cc2ql70\">Algunos sectores lo criticaron por considerarlo un &#8220;<b>presidente de los ricos<\/b>&#8221; y de no estar en contacto con los sectores m\u00e1s desfavorecidos de la sociedad francesa. <\/p>\n<\/div>\n<p><h2 id=\"Proyectos-y-desaf\u00edos\" tabindex=\"-1\" class=\"bbc-l3e97o e14hemmw0\">Proyectos y desaf\u00edos<\/h2>\n<\/p>\n<div dir=\"ltr\" class=\"bbc-19j92fr e57qer20\" readability=\"7\">\n<p dir=\"ltr\" class=\"bbc-bm53ic e1cc2ql70\">El nuevo per\u00edodo de gobierno de Macr\u00f3n comenzar\u00e1 el 13 de mayo.<\/p>\n<\/div>\n<div dir=\"ltr\" class=\"bbc-19j92fr e57qer20\" readability=\"11\">\n<p dir=\"ltr\" class=\"bbc-bm53ic e1cc2ql70\">El mandatario ha prometido pleno empleo dentro de cinco a\u00f1os, un recorte de impuestos de US$16.000 millones al a\u00f1o para los hogares y las empresas, lo que planea financiar aumentando gradualmente la edad de jubilaci\u00f3n de 62 a 65 a\u00f1os.<\/p>\n<\/div>\n<div dir=\"ltr\" class=\"bbc-19j92fr e57qer20\" readability=\"10\">\n<p dir=\"ltr\" class=\"bbc-bm53ic e1cc2ql70\">En t\u00e9rminos de defensa, afirm\u00f3 que aumentar\u00eda el gasto militar con miras a una mayor soberan\u00eda francesa, sobre todo en el contexto de la invasi\u00f3n rusa a Ucrania.<\/p>\n<\/div>\n<div dir=\"ltr\" class=\"bbc-19j92fr e57qer20\" readability=\"10\">\n<p dir=\"ltr\" class=\"bbc-bm53ic e1cc2ql70\">En cuanto a la energ\u00eda, propone crear seis reactores nucleares, mientras que en la educaci\u00f3n buscar\u00e1 darles mayor independencia a las universidades.<\/p>\n<\/div>\n<div dir=\"ltr\" class=\"bbc-1ka88fa e57qer20\">\n<figure class=\"bbc-1qdcvv9 e6bmn90\">\n<div dir=\"ltr\" class=\"bbc-172p16q e57qer20\">\n<div dir=\"ltr\" class=\"bbc-189y18v e57qer20\">\n<div data-e2e=\"image-placeholder\" class=\"bbc-997y1y e1whu0\"><noscript><picture class=\"bbc-yfiktt e1enwo3v1\"><source srcset=\"http:\/\/cordobadirecto.com\/wp-content\/uploads\/2022\/04\/elecciones-en-francia-2022-macron-gana-por-segunda-vez-a-le-pen-y-es-el-primer-presidente-reelecto-en-20-anos-20.webp 240w, http:\/\/cordobadirecto.com\/wp-content\/uploads\/2022\/04\/elecciones-en-francia-2022-macron-gana-por-segunda-vez-a-le-pen-y-es-el-primer-presidente-reelecto-en-20-anos-21.webp 320w, http:\/\/cordobadirecto.com\/wp-content\/uploads\/2022\/04\/elecciones-en-francia-2022-macron-gana-por-segunda-vez-a-le-pen-y-es-el-primer-presidente-reelecto-en-20-anos-22.webp 480w, http:\/\/cordobadirecto.com\/wp-content\/uploads\/2022\/04\/elecciones-en-francia-2022-macron-gana-por-segunda-vez-a-le-pen-y-es-el-primer-presidente-reelecto-en-20-anos-23.webp 624w, http:\/\/cordobadirecto.com\/wp-content\/uploads\/2022\/04\/elecciones-en-francia-2022-macron-gana-por-segunda-vez-a-le-pen-y-es-el-primer-presidente-reelecto-en-20-anos-24.webp 800w\" type=\"image\/webp\" sizes=\"(min-width: 1008px) 645px, 100vw\"><source srcset=\"https:\/\/ichef.bbci.co.uk\/news\/240\/cpsprodpb\/9DAF\/production\/_124276304_gettyimages-1393427917.jpg 240w, https:\/\/ichef.bbci.co.uk\/news\/320\/cpsprodpb\/9DAF\/production\/_124276304_gettyimages-1393427917.jpg 320w, https:\/\/ichef.bbci.co.uk\/news\/480\/cpsprodpb\/9DAF\/production\/_124276304_gettyimages-1393427917.jpg 480w, https:\/\/ichef.bbci.co.uk\/news\/624\/cpsprodpb\/9DAF\/production\/_124276304_gettyimages-1393427917.jpg 624w, https:\/\/ichef.bbci.co.uk\/news\/800\/cpsprodpb\/9DAF\/production\/_124276304_gettyimages-1393427917.jpg 800w\" type=\"image\/jpeg\" sizes=\"(min-width: 1008px) 645px, 100vw\"><img loading=\"lazy\" src=\"http:\/\/cordobadirecto.com\/wp-content\/uploads\/2022\/04\/elecciones-en-francia-2022-macron-gana-por-segunda-vez-a-le-pen-y-es-el-primer-presidente-reelecto-en-20-anos-5.jpg\" alt=\"macron\" width=\"976\" height=\"549\" class=\"eehpdyc0 bbc-rb7xa0 e1enwo3v0\"><\/picture><\/noscript><\/p>\n<p role=\"text\" class=\"bbc-1s1cxbv etq3yw90\"><span class=\"bbc-1gnhmg2 e1yt7oin0\">Fuente de la imagen, <\/span><span lang=\"en-GB\">AFP<\/span><\/p>\n<\/div>\n<\/div>\n<\/div>\n<\/figure>\n<\/div>\n<div dir=\"ltr\" class=\"bbc-19j92fr e57qer20\" readability=\"13\">\n<p dir=\"ltr\" class=\"bbc-bm53ic e1cc2ql70\">Sin embargo, su primer gran reto ser\u00e1n las elecciones parlamentarias de junio, dado que otros rivales, desde Le Pen hasta el izquierdista Jean-Luc M\u00e9lenchon (quien pidi\u00f3 ahora a sus seguidores votar por Macron para impedir el triunfo de Le Pen), han llamado a no darle una mayor\u00eda legislativa. <\/p>\n<\/div>\n<div dir=\"ltr\" class=\"bbc-19j92fr e57qer20\" readability=\"8\">\n<p dir=\"ltr\" class=\"bbc-bm53ic e1cc2ql70\">El candidato de extrema derecha Eric Zemmour (eliminado en primera vuelta) tambi\u00e9n ha pedido una alianza de agrupaciones derechistas de cara a las elecciones legislativas de junio.<\/p>\n<\/div>\n<div dir=\"ltr\" class=\"bbc-19j92fr e57qer20\" readability=\"11\">\n<p dir=\"ltr\" class=\"bbc-bm53ic e1cc2ql70\">&#8220;Lucharemos por nuestras ideas en todos los pueblos y aldeas de Francia, en Internet y en los medios. Pero no habr\u00e1 victoria sin alianzas. Hago un llamado a la uni\u00f3n nacional para las elecciones legislativas de junio&#8221;, dijo.<\/p>\n<\/div>\n<div dir=\"ltr\" class=\"bbc-1ka88fa e57qer20\">\n<figure class=\"bbc-1qdcvv9 e6bmn90\">\n<div dir=\"ltr\" class=\"bbc-172p16q e57qer20\">\n<div dir=\"ltr\" class=\"bbc-189y18v e57qer20\">\n<div data-e2e=\"image-placeholder\" class=\"bbc-997y1y e1whu0\"><noscript><picture class=\"bbc-yfiktt e1enwo3v1\"><source srcset=\"http:\/\/cordobadirecto.com\/wp-content\/uploads\/2022\/04\/elecciones-en-francia-2022-macron-gana-por-segunda-vez-a-le-pen-y-es-el-primer-presidente-reelecto-en-20-anos-25.webp 240w, http:\/\/cordobadirecto.com\/wp-content\/uploads\/2022\/04\/elecciones-en-francia-2022-macron-gana-por-segunda-vez-a-le-pen-y-es-el-primer-presidente-reelecto-en-20-anos-26.webp 320w, http:\/\/cordobadirecto.com\/wp-content\/uploads\/2022\/04\/elecciones-en-francia-2022-macron-gana-por-segunda-vez-a-le-pen-y-es-el-primer-presidente-reelecto-en-20-anos-27.webp 464w\" type=\"image\/webp\" sizes=\"(min-width: 1008px) 645px, 100vw\"><source srcset=\"https:\/\/ichef.bbci.co.uk\/news\/240\/cpsprodpb\/18045\/production\/_104637389_line976.jpg 240w, https:\/\/ichef.bbci.co.uk\/news\/320\/cpsprodpb\/18045\/production\/_104637389_line976.jpg 320w, https:\/\/ichef.bbci.co.uk\/news\/464\/cpsprodpb\/18045\/production\/_104637389_line976.jpg 464w\" type=\"image\/jpeg\" sizes=\"(min-width: 1008px) 645px, 100vw\"><img loading=\"lazy\" src=\"http:\/\/cordobadirecto.com\/wp-content\/uploads\/2022\/04\/elecciones-en-francia-2022-macron-gana-por-segunda-vez-a-le-pen-y-es-el-primer-presidente-reelecto-en-20-anos-6.jpg\" alt=\"l\u00ednea\" width=\"464\" height=\"2\" class=\"eehpdyc0 bbc-rb7xa0 e1enwo3v0\"><\/picture><\/noscript><\/div>\n<\/div>\n<\/div>\n<\/figure>\n<\/div>\n<p><h2 id=\"Macron-aleja-otra-vez-la-extrema-derecha-\" tabindex=\"-1\" class=\"bbc-l3e97o e14hemmw0\">Macron aleja otra vez la extrema derecha <\/h2>\n<\/p>\n<div dir=\"ltr\" class=\"bbc-19j92fr e57qer20\" readability=\"12\">\n<p dir=\"ltr\" class=\"bbc-bm53ic e1cc2ql70\"><i class=\"bbc-h1y5j7 ewc4zcb0\"><b>Por Paul Kirby, desde Par\u00eds<\/b><\/i>Esta es una victoria dram\u00e1tica e hist\u00f3rica para el presidente en funciones.No nos equivoquemos: esta era la mejor oportunidad de victoria de Marine Le Pen y, sin embargo, no sucedi\u00f3.<\/p>\n<\/div>\n<div dir=\"ltr\" class=\"bbc-19j92fr e57qer20\" readability=\"11\">\n<p dir=\"ltr\" class=\"bbc-bm53ic e1cc2ql70\">Su campa\u00f1a fue h\u00e1bil, su enfoque en el costo de la vida reson\u00f3 con los votantes y se desempe\u00f1\u00f3 bien en el gran duelo televisivo hace unos d\u00edas.Macron ni siquiera se present\u00f3 a la campa\u00f1a electoral sino hasta ocho d\u00edas antes de la primera vuelta, lo que provoc\u00f3 acusaciones de arrogancia. <\/p>\n<\/div>\n<div dir=\"ltr\" class=\"bbc-19j92fr e57qer20\" readability=\"8\">\n<p dir=\"ltr\" class=\"bbc-bm53ic e1cc2ql70\">Pero lo hizo, los votantes escucharon con claridad. <\/p>\n<\/div>\n<div dir=\"ltr\" class=\"bbc-19j92fr e57qer20\" readability=\"12\">\n<p dir=\"ltr\" class=\"bbc-bm53ic e1cc2ql70\">Aunque Le Pen ofreci\u00f3 recortes de impuestos y no aumentar la edad de jubilaci\u00f3n, los franceses decidieron que las propuestas de Macron eran m\u00e1s realistas y rechazaron las de ella. En 20 a\u00f1os, Francia no hab\u00eda respaldado a un presidente por dos mandatos y nunca antes un presidente hab\u00eda sido reelegido con una mayor\u00eda en el parlamento.<\/p>\n<\/div>\n<div dir=\"ltr\" class=\"bbc-1ka88fa e57qer20\">\n<figure class=\"bbc-1qdcvv9 e6bmn90\">\n<div dir=\"ltr\" class=\"bbc-172p16q e57qer20\">\n<div dir=\"ltr\" class=\"bbc-189y18v e57qer20\">\n<div data-e2e=\"image-placeholder\" class=\"bbc-997y1y e1whu0\"><noscript><picture class=\"bbc-yfiktt e1enwo3v1\"><source srcset=\"http:\/\/cordobadirecto.com\/wp-content\/uploads\/2022\/04\/elecciones-en-francia-2022-macron-gana-por-segunda-vez-a-le-pen-y-es-el-primer-presidente-reelecto-en-20-anos-25.webp 240w, http:\/\/cordobadirecto.com\/wp-content\/uploads\/2022\/04\/elecciones-en-francia-2022-macron-gana-por-segunda-vez-a-le-pen-y-es-el-primer-presidente-reelecto-en-20-anos-26.webp 320w, http:\/\/cordobadirecto.com\/wp-content\/uploads\/2022\/04\/elecciones-en-francia-2022-macron-gana-por-segunda-vez-a-le-pen-y-es-el-primer-presidente-reelecto-en-20-anos-27.webp 464w\" type=\"image\/webp\" sizes=\"(min-width: 1008px) 645px, 100vw\"><source srcset=\"https:\/\/ichef.bbci.co.uk\/news\/240\/cpsprodpb\/18045\/production\/_104637389_line976.jpg 240w, https:\/\/ichef.bbci.co.uk\/news\/320\/cpsprodpb\/18045\/production\/_104637389_line976.jpg 320w, https:\/\/ichef.bbci.co.uk\/news\/464\/cpsprodpb\/18045\/production\/_104637389_line976.jpg 464w\" type=\"image\/jpeg\" sizes=\"(min-width: 1008px) 645px, 100vw\"><img loading=\"lazy\" src=\"http:\/\/cordobadirecto.com\/wp-content\/uploads\/2022\/04\/elecciones-en-francia-2022-macron-gana-por-segunda-vez-a-le-pen-y-es-el-primer-presidente-reelecto-en-20-anos-6.jpg\" alt=\"l\u00ednea\" width=\"464\" height=\"2\" class=\"eehpdyc0 bbc-rb7xa0 e1enwo3v0\"><\/picture><\/noscript><\/div>\n<\/div>\n<\/div>\n<\/figure>\n<\/div>\n<div dir=\"ltr\" class=\"bbc-19j92fr e57qer20\" readability=\"8\">\n<p dir=\"ltr\" class=\"bbc-bm53ic e1cc2ql70\"><i class=\"bbc-h1y5j7 ewc4zcb0\">Ahora puedes recibir notificaciones de BBC News Mundo. Descarga la nueva versi\u00f3n de nuestra app y act\u00edvalas para no perderte nuestro mejor contenido.<\/i><\/p>\n<\/div>\n","protected":false},"excerpt":{"rendered":"<p>Redacci\u00f3n BBC News Mundo 6 horas Fuente de la imagen, AFP El presidente Emmanuel Macron repetir\u00e1 por otros cinco a\u00f1os en el cargo, tras ganar este domingo la segunda vuelta de las elecciones en Francia. Seg\u00fan datos oficiales del Ministerio del Interior, con 58.55% de los votos, Macron se impuso otra vez a la candidata [&hellip;]<\/p>\n","protected":false},"author":1,"featured_media":55767,"comment_status":"closed","ping_status":"closed","sticky":false,"template":"","format":"standard","meta":[],"categories":[24],"tags":[],"_links":{"self":[{"href":"http:\/\/cordobadirecto.com\/index.php\/wp-json\/wp\/v2\/posts\/55766"}],"collection":[{"href":"http:\/\/cordobadirecto.com\/index.php\/wp-json\/wp\/v2\/posts"}],"about":[{"href":"http:\/\/cordobadirecto.com\/index.php\/wp-json\/wp\/v2\/types\/post"}],"author":[{"embeddable":true,"href":"http:\/\/cordobadirecto.com\/index.php\/wp-json\/wp\/v2\/users\/1"}],"replies":[{"embeddable":true,"href":"http:\/\/cordobadirecto.com\/index.php\/wp-json\/wp\/v2\/comments?post=55766"}],"version-history":[{"count":0,"href":"http:\/\/cordobadirecto.com\/index.php\/wp-json\/wp\/v2\/posts\/55766\/revisions"}],"wp:featuredmedia":[{"embeddable":true,"href":"http:\/\/cordobadirecto.com\/index.php\/wp-json\/wp\/v2\/media\/55767"}],"wp:attachment":[{"href":"http:\/\/cordobadirecto.com\/index.php\/wp-json\/wp\/v2\/media?parent=55766"}],"wp:term":[{"taxonomy":"category","embeddable":true,"href":"http:\/\/cordobadirecto.com\/index.php\/wp-json\/wp\/v2\/categories?post=55766"},{"taxonomy":"post_tag","embeddable":true,"href":"http:\/\/cordobadirecto.com\/index.php\/wp-json\/wp\/v2\/tags?post=55766"}],"curies":[{"name":"wp","href":"https:\/\/api.w.org\/{rel}","templated":true}]}}