{"id":55810,"date":"2022-04-25T00:12:49","date_gmt":"2022-04-25T00:12:49","guid":{"rendered":"http:\/\/cordobadirecto.com\/index.php\/2022\/04\/25\/alcaraz-gano-en-barcelona-y-avisa-que-se-viene-un-nuevo-enfant-terrible-en-el-tenis\/"},"modified":"2022-04-25T00:12:49","modified_gmt":"2022-04-25T00:12:49","slug":"alcaraz-gano-en-barcelona-y-avisa-que-se-viene-un-nuevo-enfant-terrible-en-el-tenis","status":"publish","type":"post","link":"http:\/\/cordobadirecto.com\/index.php\/2022\/04\/25\/alcaraz-gano-en-barcelona-y-avisa-que-se-viene-un-nuevo-enfant-terrible-en-el-tenis\/","title":{"rendered":"Alcaraz gan\u00f3 en Barcelona y avisa que se viene un nuevo &#8220;enfant&#8221; terrible en el tenis"},"content":{"rendered":"<figure class=\"mb-3\"><img loading=\"lazy\" src=\"http:\/\/cordobadirecto.com\/wp-content\/uploads\/2022\/04\/alcaraz-gano-en-barcelona-y-avisa-que-se-viene-un-nuevo-enfant-terrible-en-el-tenis.jpg\" width=\"100%\" height=\"100%\" alt=\"Carlos Alcaraz confirm su ascenso en Conde God foto ATPTour_ES \"><figcaption> Carlos Alcaraz confirm\u00f3 su ascenso en Conde God\u00f3 (foto @ATPTour_ES). <\/figcaption><\/figure>\n<p>El tenista espa\u00f1ol Carlos Alcaraz, de 18 a\u00f1os, apabull\u00f3 este domingo a su compatriota Pablo Carre\u00f1o en la final del ATP 500 de Barcelona, por 6-3 y 6-2, y se asegur\u00f3 su ingreso al &#8220;top ten&#8221; del ranking a partir de ma\u00f1ana.<\/p>\n<p>Alcaraz, nacido en Murcia y quien el 5 de mayo cumplir\u00e1 19 a\u00f1os, ven\u00eda de ganar el Masters1000 de Miami y lleg\u00f3 al torneo de Barcelona como la sensaci\u00f3n del momento.<\/p>\n<p>Tras adjudicarse el torneo catal\u00e1n, el joven tenista se ba\u00f1\u00f3 con ropa en la piscina del Real Club de Tenis de Barcelona -como sucede tradicionalmente-, acompa\u00f1ado de su entrenador, Juan Carlos Ferrero.<\/p>\n<p>Con un primer saque demoledor, Alcaraz logr\u00f3 una victoria contundente, con una eficacia en su primer servicio insoluble para su rival: el vencedor gan\u00f3 el 88% de los puntos con su primer servicio.<\/p>\n<blockquote class=\"twitter-tweet\" readability=\"4.8100558659218\">\n<p lang=\"es\" dir=\"ltr\">\u2705 R\u00e9cord de 23-3<br \/>\u2705 5-2 ante miembros del Top-10<br \/>\u2705 3 \ud83c\udfc6<\/p>\n<p>\u00bfQu\u00e9 tal el a\u00f1o de <a href=\"https:\/\/twitter.com\/alcarazcarlos03?ref_src=twsrc%5Etfw\">@alcarazcarlos03<\/a>?<a href=\"https:\/\/t.co\/zJ6cMwe8QN\">pic.twitter.com\/zJ6cMwe8QN<\/a><\/p>\n<p>\u2014 ATP Tour en Espa\u00f1ol (@ATPTour_ES) <a href=\"https:\/\/twitter.com\/ATPTour_ES\/status\/1518356610548084736?ref_src=twsrc%5Etfw\">April 24, 2022<\/a><\/p><\/blockquote>\n<p>El triunfo le demand\u00f3 al murciano solo una hora y 5 minutos de juego, tiempo en el que Carre\u00f1o no pudo quebrarle ni un solo saque.<\/p>\n<p>Alcaraz se ubicar\u00e1 desde el lunes entre los primeros 10 del ranking mundial, por lo que muchos lo se\u00f1alan como el sucesor de Rafael Nadal, quien un lunes 25 de abril, pero de 2005, debut\u00f3 en el top ten de la ATP.<\/p>\n<p>M\u00e1s temprano, el argentino Diego Schwartzman perdi\u00f3 con Carre\u00f1o por 6-3 y 6-4 en las semifinales, que se jugaron este domingo tras la cancelaci\u00f3n por lluvia el s\u00e1bado. <\/p>\n","protected":false},"excerpt":{"rendered":"<p>Carlos Alcaraz confirm\u00f3 su ascenso en Conde God\u00f3 (foto @ATPTour_ES). El tenista espa\u00f1ol Carlos Alcaraz, de 18 a\u00f1os, apabull\u00f3 este domingo a su compatriota Pablo Carre\u00f1o en la final del ATP 500 de Barcelona, por 6-3 y 6-2, y se asegur\u00f3 su ingreso al &#8220;top ten&#8221; del ranking a partir de ma\u00f1ana. Alcaraz, nacido en [&hellip;]<\/p>\n","protected":false},"author":1,"featured_media":55811,"comment_status":"closed","ping_status":"closed","sticky":false,"template":"","format":"standard","meta":[],"categories":[21],"tags":[],"_links":{"self":[{"href":"http:\/\/cordobadirecto.com\/index.php\/wp-json\/wp\/v2\/posts\/55810"}],"collection":[{"href":"http:\/\/cordobadirecto.com\/index.php\/wp-json\/wp\/v2\/posts"}],"about":[{"href":"http:\/\/cordobadirecto.com\/index.php\/wp-json\/wp\/v2\/types\/post"}],"author":[{"embeddable":true,"href":"http:\/\/cordobadirecto.com\/index.php\/wp-json\/wp\/v2\/users\/1"}],"replies":[{"embeddable":true,"href":"http:\/\/cordobadirecto.com\/index.php\/wp-json\/wp\/v2\/comments?post=55810"}],"version-history":[{"count":0,"href":"http:\/\/cordobadirecto.com\/index.php\/wp-json\/wp\/v2\/posts\/55810\/revisions"}],"wp:featuredmedia":[{"embeddable":true,"href":"http:\/\/cordobadirecto.com\/index.php\/wp-json\/wp\/v2\/media\/55811"}],"wp:attachment":[{"href":"http:\/\/cordobadirecto.com\/index.php\/wp-json\/wp\/v2\/media?parent=55810"}],"wp:term":[{"taxonomy":"category","embeddable":true,"href":"http:\/\/cordobadirecto.com\/index.php\/wp-json\/wp\/v2\/categories?post=55810"},{"taxonomy":"post_tag","embeddable":true,"href":"http:\/\/cordobadirecto.com\/index.php\/wp-json\/wp\/v2\/tags?post=55810"}],"curies":[{"name":"wp","href":"https:\/\/api.w.org\/{rel}","templated":true}]}}