{"id":55843,"date":"2022-04-25T00:13:17","date_gmt":"2022-04-25T00:13:17","guid":{"rendered":"http:\/\/cordobadirecto.com\/index.php\/2022\/04\/25\/fonsi-actua-en-argentina-y-uruguay-en-el-marco-de-su-gira-noche-perfecta-tour-2022\/"},"modified":"2022-04-25T00:13:17","modified_gmt":"2022-04-25T00:13:17","slug":"fonsi-actua-en-argentina-y-uruguay-en-el-marco-de-su-gira-noche-perfecta-tour-2022","status":"publish","type":"post","link":"http:\/\/cordobadirecto.com\/index.php\/2022\/04\/25\/fonsi-actua-en-argentina-y-uruguay-en-el-marco-de-su-gira-noche-perfecta-tour-2022\/","title":{"rendered":"Fonsi act\u00faa en Argentina y Uruguay en el marco de su gira &#8220;Noche perfecta tour 2022&#8221;"},"content":{"rendered":"<figure class=\"mb-3\"><img loading=\"lazy\" src=\"http:\/\/cordobadirecto.com\/wp-content\/uploads\/2022\/04\/fonsi-actua-en-argentina-y-uruguay-en-el-marco-de-su-gira-noche-perfecta-tour-2022.jpg\" width=\"100%\" height=\"100%\" alt=\"Luis Fonsi emprende una gira que incluye la Argentina\"><figcaption> Luis Fonsi emprende una gira que incluye la Argentina. <\/figcaption><\/figure>\n<p>El reconocido m\u00fasico y compositor puertorrique\u00f1o<strong> Luis Fonsi<\/strong>, quien lleva m\u00e1s de 22 a\u00f1os de trayectoria, visitar\u00e1 la Argentina y se presentar\u00e1 el 12 de junio en el porte\u00f1o estadio Luna Park, luego de actuar la noche anterior en la localidad cordobesa de Villa Mar\u00eda y el 9 del mismo mes en Montevideo (Uruguay), en el marco de <strong>&#8220;Noche perfecta tour 2022&#8221;<\/strong>.<\/p>\n<p>Nacido el 15 de abril de 1978 en San Juan, capital de la isla, el responsable del hit mundial <strong>&#8220;Despacito&#8221;<\/strong>, fue avanzando desde la balada rom\u00e1ntica hacia el reggaet\u00f3n y otros estilos de la llamada m\u00fasica urbana y de g\u00e9neros pop y bailables y lanz\u00f3 recientemente su decimo \u00e1lbum <strong>&#8220;Ley de gravedad&#8221;<\/strong>.<\/p>\n<p><strong>&#8220;La m\u00fasica, el pop de hoy d\u00eda, nos deja hacer fusiones, la gente acepta eso y puedo colaborar con Daddy Yankee o Mike Towers o Wisin y a la misma vez con Raphael o Juan Gabriel, que en paz descanse, y esa libertad es la que disfruto como m\u00fasico&#8221;<\/strong>, indic\u00f3 Fonsi durante una entrevista con T\u00e9lam. Realizada en marzo de este a\u00f1o.<\/p>\n<div class=\"video_repositive\"> <a class=\"video_sticky\" href=\"javascript:void();\" onclick=\"removeStuckVideo(true);\"><i class=\"far fa-window-close\"><\/i><\/a> <\/p>\n<div id=\"MZcMUYPdLeI\" class=\"video_telam\" readability=\"6\">\n<div class=\"feature_article_inner\" readability=\"32\">\n<p><h2 class=\"text-center\">Luis Fonsi &#8220;Ley de gravedad&#8221;<\/h2>\n<\/p><\/div>\n<p>VER VIDEO <i class=\"fas fa-play\"><\/i><\/p>\n<\/p><\/div><\/div>\n<p>El multipremiado m\u00fasico y productor, una de las principales figuras de la m\u00fasica latina de su generaci\u00f3n, anunci\u00f3 sus conciertos el <strong>12 en el Luna Park; el 11 en el Auditorio Municipal de Villa Mar\u00eda, C\u00f3rdoba, y el 9 en el Antel Arena de Montevideo, Uruguay.<\/strong><\/p>\n<p>Desde su \u00e1lbum debut <strong>&#8220;Comenzar\u00e9&#8221;<\/strong> (1998), Fonsi bati\u00f3 m\u00faltiples r\u00e9cords de venta mientras lidera las listas de radio a nivel internacional.<\/p>\n<p><strong>&#8220;Lo m\u00e1s que disfruto es sentirme privilegiado que el p\u00fablico me ha aceptado en esas diferentes facetas que no creo que sean completamente diferentes porque al final del camino todo nace del mismo modo, del mismo lugar. Van cambiando los colores y los ritmos pero todo nace de esta guitarra&#8221;<\/strong>, dijo el m\u00fasico a esta agencia.<\/p>\n<p>Fonsi lleg\u00f3 a &#8220;Ley de gravedad&#8221; a tres a\u00f1os de haber publicado <strong>&#8220;Vida&#8221;,<\/strong> el registro donde grab\u00f3 su versi\u00f3n del hit planetario <strong>&#8220;Despacito&#8221;<\/strong> que compuso junto a<strong> Erika Ender, Gabriel Garc\u00eda y Daddy Yankee<\/strong> y tuvo su lanzamiento el 12 de enero de 2017 como single en las voces de Fonsi y Yankee. <\/p>\n","protected":false},"excerpt":{"rendered":"<p>Luis Fonsi emprende una gira que incluye la Argentina. El reconocido m\u00fasico y compositor puertorrique\u00f1o Luis Fonsi, quien lleva m\u00e1s de 22 a\u00f1os de trayectoria, visitar\u00e1 la Argentina y se presentar\u00e1 el 12 de junio en el porte\u00f1o estadio Luna Park, luego de actuar la noche anterior en la localidad cordobesa de Villa Mar\u00eda y [&hellip;]<\/p>\n","protected":false},"author":1,"featured_media":55844,"comment_status":"closed","ping_status":"closed","sticky":false,"template":"","format":"standard","meta":[],"categories":[20],"tags":[],"_links":{"self":[{"href":"http:\/\/cordobadirecto.com\/index.php\/wp-json\/wp\/v2\/posts\/55843"}],"collection":[{"href":"http:\/\/cordobadirecto.com\/index.php\/wp-json\/wp\/v2\/posts"}],"about":[{"href":"http:\/\/cordobadirecto.com\/index.php\/wp-json\/wp\/v2\/types\/post"}],"author":[{"embeddable":true,"href":"http:\/\/cordobadirecto.com\/index.php\/wp-json\/wp\/v2\/users\/1"}],"replies":[{"embeddable":true,"href":"http:\/\/cordobadirecto.com\/index.php\/wp-json\/wp\/v2\/comments?post=55843"}],"version-history":[{"count":0,"href":"http:\/\/cordobadirecto.com\/index.php\/wp-json\/wp\/v2\/posts\/55843\/revisions"}],"wp:featuredmedia":[{"embeddable":true,"href":"http:\/\/cordobadirecto.com\/index.php\/wp-json\/wp\/v2\/media\/55844"}],"wp:attachment":[{"href":"http:\/\/cordobadirecto.com\/index.php\/wp-json\/wp\/v2\/media?parent=55843"}],"wp:term":[{"taxonomy":"category","embeddable":true,"href":"http:\/\/cordobadirecto.com\/index.php\/wp-json\/wp\/v2\/categories?post=55843"},{"taxonomy":"post_tag","embeddable":true,"href":"http:\/\/cordobadirecto.com\/index.php\/wp-json\/wp\/v2\/tags?post=55843"}],"curies":[{"name":"wp","href":"https:\/\/api.w.org\/{rel}","templated":true}]}}