{"id":55845,"date":"2022-04-25T00:13:19","date_gmt":"2022-04-25T00:13:19","guid":{"rendered":"http:\/\/cordobadirecto.com\/index.php\/2022\/04\/25\/llega-un-homenaje-sinfonico-a-51-anos-de-la-biblia-de-vox-dei\/"},"modified":"2022-04-25T00:13:19","modified_gmt":"2022-04-25T00:13:19","slug":"llega-un-homenaje-sinfonico-a-51-anos-de-la-biblia-de-vox-dei","status":"publish","type":"post","link":"http:\/\/cordobadirecto.com\/index.php\/2022\/04\/25\/llega-un-homenaje-sinfonico-a-51-anos-de-la-biblia-de-vox-dei\/","title":{"rendered":"Llega un homenaje sinf\u00f3nico a 51 a\u00f1os de &#8220;La Biblia&#8221; de Vox Dei"},"content":{"rendered":"<figure class=\"mb-3\"><img loading=\"lazy\" src=\"http:\/\/cordobadirecto.com\/wp-content\/uploads\/2022\/04\/llega-un-homenaje-sinfonico-a-51-anos-de-la-biblia-de-vox-dei.jpg\" width=\"100%\" height=\"100%\" alt=\"Willy Quiroga recuerda La Biblia de Vox Dei Foto Laura Lescano\"><figcaption> Willy Quiroga recuerda La Biblia de Vox Dei (Foto: Laura Lescano) <\/figcaption><\/figure>\n<p>A meses de cumplirse el 51 aniversario de la edici\u00f3n del disco<strong> \u201cLa Biblia\u201d, de Vox Dei<\/strong>, que se transform\u00f3 en uno de los grandes hitos del rock argentino, realizar\u00e1n el pr\u00f3ximo s\u00e1bado a las 21 en el auditorio Belgrano un homenaje sinf\u00f3nico que contar\u00e1 con figuras como<strong> Willy Quiroga<\/strong>, uno de los integrantes del hist\u00f3rico grupo, entre muchos otros<\/p>\n<p><strong>\u201cEste concierto significa un reconocimiento a una obra compuesta en pleno gobierno militar y a trav\u00e9s de los a\u00f1os se fue convirtiendo en un cl\u00e1sico con 51 a\u00f1os de vida\u201d,<\/strong> dijo a T\u00e9lam el bajista y cantante Willy Quiroga.<\/p>\n<p>\u201cLa Biblia\u201d, obra cumbre de Vox Dei y pieza fundamental en la historia del rock argentino, <strong>fue creada por el guitarrista y cantante Ricardo Soul\u00e9 a partir de su interpretaci\u00f3n del libro sagrado, aunque la parte musical tambi\u00e9n cont\u00f3 con la participaci\u00f3n del resto de los miembros: Willy Quiroga, el baterista Rub\u00e9n Basoalto y el guitarrista Juan Carlos Godoy<\/strong>, quien abandon\u00f3 el grupo en medio de las sesiones.<\/p>\n<p>El \u00e1lbum fue presentado en formato doble y las canciones abordaban desde sus t\u00edtulos distintos libros e instancias que conforman parte del relato b\u00edblico.<strong> &#8220;G\u00e9nesis&#8221;, &#8220;Mois\u00e9s&#8221;, &#8220;Las Guerras&#8221;, &#8220;Profec\u00edas&#8221;, &#8220;Libros Sapienciales&#8221;, &#8220;Cristo: Nacimiento&#8221;, &#8220;Cristo: Muerte y Resurrecci\u00f3n&#8221; <\/strong>y<strong> &#8220;Apocalipsis&#8221;<\/strong> fueron las composiciones incluidas en la placa.<\/p>\n<p>Tras una larga espera provocada por la pandemia, Monitor Music Producciones organiza este tributo en el auditorio porte\u00f1o ubicado en avenida Cabildo y Virrey Loreto, que contar\u00e1 con la Orquesta de C\u00e1mara Sinf\u00f3nica, dirigida por <strong>Clara Ackerman<\/strong> y arreglos de <strong>Patricio Villarejo.<\/strong><\/p>\n<p>Acerca de qu\u00e9 representa este concierto en su vida, Quiroga dijo: <strong>\u201cPara m\u00ed es darme cuenta de que uno de los motivos m\u00e1s importantes de mi vida est\u00e1 cumplido, solo eso, y agradezco a la vida haberme dado esa oportunidad\u201d<\/strong>.<\/p>\n<p>\u201cEsta versi\u00f3n sinf\u00f3nica que no es la primera demuestra el respeto que la obra ha generado no solo en el p\u00fablico sino tambi\u00e9n los colegas m\u00fasicos\u201d<strong>,<\/strong> agreg\u00f3 el m\u00fasico que en esta oportunidad interpretar\u00e1 \u201cG\u00e9nesis\u201d.<\/p>\n<p>Participar\u00e1n Miguel Zavaleta (Su\u00e9ter) Adri\u00e1n Bar y Ronan Bar (Ori\u00f3n) Mar\u00eda Rosa Yorio (Nito Mestre y los desconocidos de siempre, Porsuigieco) H\u00e9ctor Starc (Aquelarre, Tantor) Juan Rodr\u00edguez (Sui G\u00e9neris, Polifemo), Osvaldo Zabala, Eduardo Frezza Vikingo Mart\u00ednez (El Reloj).<\/p>\n<p>Tambi\u00e9n ser\u00e1n de la partida Isa Portugheis (La pesada del rock and roll) Juanito Moro (Viticus, Riff) Jos\u00e9 Luis Fern\u00e1ndez (Charly Garc\u00eda y la M\u00e1quina de hacer p\u00e1jaros) An\u00edbal Forcada (Pastoral y Oveja negra) Sergio Gramatica (Los Violadores) Claudio Surbano (Pajarito Zaguri) Marcelo Montesano (Ol\u00e9, ol\u00e9) In\u00e9s Bayala, Mar\u00eda Eugenia D\u00edaz, Perla Perla Aguirre, Lilian Saba y Silvia Alonso. <\/p>\n","protected":false},"excerpt":{"rendered":"<p>Willy Quiroga recuerda La Biblia de Vox Dei (Foto: Laura Lescano) A meses de cumplirse el 51 aniversario de la edici\u00f3n del disco \u201cLa Biblia\u201d, de Vox Dei, que se transform\u00f3 en uno de los grandes hitos del rock argentino, realizar\u00e1n el pr\u00f3ximo s\u00e1bado a las 21 en el auditorio Belgrano un homenaje sinf\u00f3nico que [&hellip;]<\/p>\n","protected":false},"author":1,"featured_media":55846,"comment_status":"closed","ping_status":"closed","sticky":false,"template":"","format":"standard","meta":[],"categories":[20],"tags":[],"_links":{"self":[{"href":"http:\/\/cordobadirecto.com\/index.php\/wp-json\/wp\/v2\/posts\/55845"}],"collection":[{"href":"http:\/\/cordobadirecto.com\/index.php\/wp-json\/wp\/v2\/posts"}],"about":[{"href":"http:\/\/cordobadirecto.com\/index.php\/wp-json\/wp\/v2\/types\/post"}],"author":[{"embeddable":true,"href":"http:\/\/cordobadirecto.com\/index.php\/wp-json\/wp\/v2\/users\/1"}],"replies":[{"embeddable":true,"href":"http:\/\/cordobadirecto.com\/index.php\/wp-json\/wp\/v2\/comments?post=55845"}],"version-history":[{"count":0,"href":"http:\/\/cordobadirecto.com\/index.php\/wp-json\/wp\/v2\/posts\/55845\/revisions"}],"wp:featuredmedia":[{"embeddable":true,"href":"http:\/\/cordobadirecto.com\/index.php\/wp-json\/wp\/v2\/media\/55846"}],"wp:attachment":[{"href":"http:\/\/cordobadirecto.com\/index.php\/wp-json\/wp\/v2\/media?parent=55845"}],"wp:term":[{"taxonomy":"category","embeddable":true,"href":"http:\/\/cordobadirecto.com\/index.php\/wp-json\/wp\/v2\/categories?post=55845"},{"taxonomy":"post_tag","embeddable":true,"href":"http:\/\/cordobadirecto.com\/index.php\/wp-json\/wp\/v2\/tags?post=55845"}],"curies":[{"name":"wp","href":"https:\/\/api.w.org\/{rel}","templated":true}]}}