{"id":55852,"date":"2022-04-24T15:51:20","date_gmt":"2022-04-24T15:51:20","guid":{"rendered":"https:\/\/www.ole.com.ar\/autos\/reutemann-gano-viedma_0_L0c5LHtPGY.html"},"modified":"2022-04-24T15:51:20","modified_gmt":"2022-04-24T15:51:20","slug":"el-gran-estratega","status":"publish","type":"post","link":"http:\/\/cordobadirecto.com\/index.php\/2022\/04\/24\/el-gran-estratega\/","title":{"rendered":"El gran estratega"},"content":{"rendered":"<p>Despu\u00e9s de un gran trabajo en el reabastecimiento de combustible, Ian Reutemann logr\u00f3 la victoria en la final del Top Race en el aut\u00f3dromo de Viedma al mando del Lexus. Escoltado por Di Palma y Ciarrocchi.<\/p>\n<div class=\"sp__SM\">\n<div class=\"content-new \">\n<span class=\"tit-mobile\">Mir\u00e1 tambi\u00e9n<\/span><\/p>\n<div class=\"mg\">\n<div class=\"wrap-figure\">\n<picture>\n<a href=\"https:\/\/www.ole.com.ar\/autos\/max-verstappen-formula-1-leclerc_0_wZOcxHHz43.html\" target=\"_self\" rel=\"noopener\"><br \/>\n<img class=\"img-responsive\" alt=\"Triunfazo de Verstappen y debacle de Leclerc\" src=\"http:\/\/cordobadirecto.com\/wp-content\/uploads\/2022\/04\/el-gran-estratega.jpg\" loading=\"lazy\"><br \/>\n<\/a>\n<\/picture>\n<\/div>\n<\/div><\/div>\n<\/div>\n<p><mark>Se puso en marcha la carrera con Josito Di Palma en la posici\u00f3n de privilegio, escoltado por Barrio, Azar, Stefano Di Palma y Guerra.<\/mark> Momentos despu\u00e9s, el campe\u00f3n se pas\u00f3 en uno de los frenajes, toc\u00f3 al puntero y ambos perdieron posiciones. El nuevo l\u00edder era el piloto de Pinamar.<\/p>\n<p>Luego fueron a boxes a hacer la recarga de combustible Guerra, Stefano Di Palma, Giustozzi. <mark>Despu\u00e9s hicieron lo propio Josito Di Palma, Aldrighetti y tambi\u00e9n Azar. El puntera era Barrio, escoltado por Reutemann, y De Brabandere, quienes no se hab\u00edan detenido.<\/mark><\/p>\n<p><mark>En la quinta vuelta, Azar sufri\u00f3 un pase y siga por el incidente con Josito Di Palma. Luego, Reutemann, Sapag, Palau y Chiriano fueron a boxes para reabastecer combustible. <\/mark>Instantes despu\u00e9s, Barrio cumpli\u00f3 con el requisito de la competencia y regreso a la pista en la segunda colocaci\u00f3n por detr\u00e1s de Reutemann, quien era el nuevo l\u00edder.<\/p>\n<p>En el d\u00e9cimo giro, dijo presente el Auto de Seguridad para retirar los autos de Gastaldi y Leguizam\u00f3n. <mark>Dos vueltas m\u00e1s tarde, se relanz\u00f3 la carrera a la par con Reutemann en la primera colocaci\u00f3n, escoltado por Barrio, Ciarrocchi, Guerra y Josito Di Palma.<\/mark><\/p>\n<p><mark>A 14 minutos para que se baje la bandera a cuadros, Ciarrocchi fue sancionado con 10 segundos de recargo por falsa largada. En la 18\u00b0 vuelta, Guerra perdi\u00f3 dos colocaciones en manos de Di Palma y Aldrighetti. <\/mark>Por su parte, Barrio fue una vez m\u00e1s a boxes para completar el reabastecimiento de combustible.<\/p>\n<p><mark>Por su parte, en la largada el sem\u00e1foro parpade\u00f3 y debido a esto los Comisarios Deportivos decidieron quitarle los 10 segundos de sanci\u00f3n a Ciarrocchi y con este cambio el cordob\u00e9s volvi\u00f3 a la segunda colocaci\u00f3n.<\/mark> Luego, Fefo Di Palma hizo un trompo luego de un roce con Palau y se retras\u00f3.<\/p>\n<p>En el giro final, Josito Di Palma fue por afuera en la primera curva, pas\u00f3 a Ciarrocchi y salt\u00f3 a la posici\u00f3n de escolta. <mark>En definitiva, Reutemann cant\u00f3 victoria en Viedma, escoltado por Josito Di Palma, Ciarrocchi, Aldrighetti y complet\u00f3 el top five Lucas Guerra.<\/mark><\/p>\n<p><mark>En el campeonato, Ciarrocchi est\u00e1 en lo m\u00e1s alto con 79 puntos, seguido por Reutemann con 72 y Azar con 69. <\/mark>La pr\u00f3xima fecha del Top Race ser\u00e1 el 15 de mayo en el aut\u00f3dromo de Neuqu\u00e9n.<\/p>\n<div class=\"sp__SM\">\n<div class=\"content-new \">\n<span class=\"tit-mobile\">Mir\u00e1 tambi\u00e9n<\/span><\/p>\n<div class=\"mg\">\n<div class=\"wrap-figure\">\n<picture>\n<a href=\"https:\/\/www.ole.com.ar\/autos\/carlos-sainz-ferrari-ricciardo-choque_0_2L6rEYykI6.html\" target=\"_self\" rel=\"noopener\"><br \/>\n<img class=\"img-responsive\" alt=\"Video: el choque que dej\u00f3 fuera de carrera a Carlos Sainz\" src=\"http:\/\/cordobadirecto.com\/wp-content\/uploads\/2022\/04\/el-gran-estratega-1.jpg\" loading=\"lazy\"><br \/>\n<\/a>\n<\/picture>\n<\/div>\n<\/div><\/div>\n<\/div>\n<div class=\"entry-tags\">\n<h2>TEMAS QUE APARECEN EN ESTA NOTA<\/h2>\n<\/p><\/div>\n","protected":false},"excerpt":{"rendered":"<p>Despu\u00e9s de un gran trabajo en el reabastecimiento de combustible, Ian Reutemann logr\u00f3 la victoria en la final del Top Race en el aut\u00f3dromo de Viedma al mando del Lexus. Escoltado por Di Palma y Ciarrocchi. Mir\u00e1 tambi\u00e9n Se puso en marcha la carrera con Josito Di Palma en la posici\u00f3n de privilegio, escoltado por [&hellip;]<\/p>\n","protected":false},"author":1,"featured_media":55853,"comment_status":"closed","ping_status":"closed","sticky":false,"template":"","format":"standard","meta":[],"categories":[21],"tags":[],"_links":{"self":[{"href":"http:\/\/cordobadirecto.com\/index.php\/wp-json\/wp\/v2\/posts\/55852"}],"collection":[{"href":"http:\/\/cordobadirecto.com\/index.php\/wp-json\/wp\/v2\/posts"}],"about":[{"href":"http:\/\/cordobadirecto.com\/index.php\/wp-json\/wp\/v2\/types\/post"}],"author":[{"embeddable":true,"href":"http:\/\/cordobadirecto.com\/index.php\/wp-json\/wp\/v2\/users\/1"}],"replies":[{"embeddable":true,"href":"http:\/\/cordobadirecto.com\/index.php\/wp-json\/wp\/v2\/comments?post=55852"}],"version-history":[{"count":0,"href":"http:\/\/cordobadirecto.com\/index.php\/wp-json\/wp\/v2\/posts\/55852\/revisions"}],"wp:featuredmedia":[{"embeddable":true,"href":"http:\/\/cordobadirecto.com\/index.php\/wp-json\/wp\/v2\/media\/55853"}],"wp:attachment":[{"href":"http:\/\/cordobadirecto.com\/index.php\/wp-json\/wp\/v2\/media?parent=55852"}],"wp:term":[{"taxonomy":"category","embeddable":true,"href":"http:\/\/cordobadirecto.com\/index.php\/wp-json\/wp\/v2\/categories?post=55852"},{"taxonomy":"post_tag","embeddable":true,"href":"http:\/\/cordobadirecto.com\/index.php\/wp-json\/wp\/v2\/tags?post=55852"}],"curies":[{"name":"wp","href":"https:\/\/api.w.org\/{rel}","templated":true}]}}