{"id":55866,"date":"2022-04-25T12:21:57","date_gmt":"2022-04-25T12:21:57","guid":{"rendered":"https:\/\/puntoapunto.com.ar\/?p=326316"},"modified":"2022-04-25T12:21:57","modified_gmt":"2022-04-25T12:21:57","slug":"atenti-empresas-cordoba-recupera-vuelo-clave-para-los-negocios","status":"publish","type":"post","link":"http:\/\/cordobadirecto.com\/index.php\/2022\/04\/25\/atenti-empresas-cordoba-recupera-vuelo-clave-para-los-negocios\/","title":{"rendered":"Atenti empresas: C\u00f3rdoba recupera vuelo clave para los negocios"},"content":{"rendered":"<div class=\"g g-146\">\n<div class=\"g-single a-410\"><a class=\"gofollow\" data-track=\"NDEwLDE0NiwxLDYw\" href=\"https:\/\/www.harmoniechateau.com.ar\/\" target=\"_blank\" rel=\"noopener\"><img src=\"http:\/\/cordobadirecto.com\/wp-content\/uploads\/2022\/04\/atenti-empresas-cordoba-recupera-vuelo-clave-para-los-negocios.gif\"><\/a><\/div>\n<\/div>\n<p>C\u00f3rdoba volver\u00e1 a contar con vuelos hacia Brasil. En los pr\u00f3ximos d\u00edas Aerol\u00edneas Argentinas anunciar\u00e1 un vuelo que conectar\u00e1 C\u00f3rdoba con San Pablo a partir del pr\u00f3ximo 4 de julio. La compa\u00f1\u00eda volar\u00e1 dos veces por semana en un Boeing 737-800, con capacidad para 170 pasajeros.<\/p>\n<p>De esta manera Aerol\u00edneas Argentinas refuerza sus conexiones con Brasil. En las \u00faltimas semanas se anunciaron vuelos hacia la capital paulista desde Ushuaia, San Mart\u00edn de los Andes, Bariloche, Salta, adem\u00e1s de Buenos Aires.<\/p>\n<p>En principio el vuelo operar\u00e1 durante la temporada invernal, hasta el mes de septiembre y de acuerdo a la demanda del mismo luego se analizar\u00e1 si esta ruta continuar\u00e1 operando.<\/p>\n<p>La recuperaci\u00f3n de la conexi\u00f3n directa entre C\u00f3rdoba y San Pablo es fundamental para el sector corporativo regional. Conecta a C\u00f3rdoba con el polo de negocios, servicios, finanzas e industrias m\u00e1s grande del pa\u00eds vecino. Al tiempo que es el primer paso para comenzar a reestablecer los servicios de carga, tan golpeados desde el inicio de la pandemia.<\/p>\n<p>A comienzos de abril, el presidente de Aerol\u00edneas Argentinas, Pablo Ceriani asegur\u00f3 en las redes sociales que \u201cC\u00f3rdoba es estrat\u00e9gica para el desarrollo de nuestra operaci\u00f3n\u201d.<\/p>\n<p>Ariel Bogdanov, especial para Perfil C\u00f3rdoba.<\/p>\n","protected":false},"excerpt":{"rendered":"<p>C\u00f3rdoba volver\u00e1 a contar con vuelos hacia Brasil. En los pr\u00f3ximos d\u00edas Aerol\u00edneas Argentinas anunciar\u00e1 un vuelo que conectar\u00e1 C\u00f3rdoba con San Pablo a partir del pr\u00f3ximo 4 de julio. La compa\u00f1\u00eda volar\u00e1 dos veces por semana en un Boeing 737-800, con capacidad para 170 pasajeros. De esta manera Aerol\u00edneas Argentinas refuerza sus conexiones con [&hellip;]<\/p>\n","protected":false},"author":1,"featured_media":55867,"comment_status":"closed","ping_status":"closed","sticky":false,"template":"","format":"standard","meta":[],"categories":[25],"tags":[],"_links":{"self":[{"href":"http:\/\/cordobadirecto.com\/index.php\/wp-json\/wp\/v2\/posts\/55866"}],"collection":[{"href":"http:\/\/cordobadirecto.com\/index.php\/wp-json\/wp\/v2\/posts"}],"about":[{"href":"http:\/\/cordobadirecto.com\/index.php\/wp-json\/wp\/v2\/types\/post"}],"author":[{"embeddable":true,"href":"http:\/\/cordobadirecto.com\/index.php\/wp-json\/wp\/v2\/users\/1"}],"replies":[{"embeddable":true,"href":"http:\/\/cordobadirecto.com\/index.php\/wp-json\/wp\/v2\/comments?post=55866"}],"version-history":[{"count":0,"href":"http:\/\/cordobadirecto.com\/index.php\/wp-json\/wp\/v2\/posts\/55866\/revisions"}],"wp:featuredmedia":[{"embeddable":true,"href":"http:\/\/cordobadirecto.com\/index.php\/wp-json\/wp\/v2\/media\/55867"}],"wp:attachment":[{"href":"http:\/\/cordobadirecto.com\/index.php\/wp-json\/wp\/v2\/media?parent=55866"}],"wp:term":[{"taxonomy":"category","embeddable":true,"href":"http:\/\/cordobadirecto.com\/index.php\/wp-json\/wp\/v2\/categories?post=55866"},{"taxonomy":"post_tag","embeddable":true,"href":"http:\/\/cordobadirecto.com\/index.php\/wp-json\/wp\/v2\/tags?post=55866"}],"curies":[{"name":"wp","href":"https:\/\/api.w.org\/{rel}","templated":true}]}}