{"id":55905,"date":"2022-04-25T13:03:29","date_gmt":"2022-04-25T13:03:29","guid":{"rendered":"https:\/\/www.bbc.com\/mundo\/noticias-america-latina-61184894"},"modified":"2022-04-25T13:03:29","modified_gmt":"2022-04-25T13:03:29","slug":"como-se-ha-librado-bolivia-de-la-inflacion-que-recorre-america-latina-y-por-que-no-es-tan-buena-noticia-como-parece","status":"publish","type":"post","link":"http:\/\/cordobadirecto.com\/index.php\/2022\/04\/25\/como-se-ha-librado-bolivia-de-la-inflacion-que-recorre-america-latina-y-por-que-no-es-tan-buena-noticia-como-parece\/","title":{"rendered":"C\u00f3mo se ha librado Bolivia de la inflaci\u00f3n que recorre Am\u00e9rica Latina (y por qu\u00e9 no es tan buena noticia como parece)"},"content":{"rendered":"<div dir=\"ltr\" class=\"e1j2237y5 bbc-q4ibpr e57qer20\">\n<div class=\"bbc-1atl7vu e1c9i7u14\">\n<ul role=\"list\" class=\"bbc-k0l9bd e1c9i7u12\">\n<li role=\"listitem\" class=\"bbc-1a3w4ok e1c9i7u11\">Guillermo D. Olmo @BBCgolmo<\/li>\n<li role=\"listitem\" class=\"bbc-1p92jtu e1c9i7u10\">Corresponsal de BBC News Mundo en Per\u00fa<\/li>\n<\/ul>\n<\/div>\n<\/div>\n<p><time datetime=\"2022-04-25\" class=\"bbc-14xtggo e4zesg50\">25 abril 2022<\/time><\/p>\n<div dir=\"ltr\" class=\"bbc-1ka88fa e57qer20\">\n<figure class=\"bbc-1qdcvv9 e6bmn90\">\n<div dir=\"ltr\" class=\"bbc-172p16q e57qer20\">\n<div dir=\"ltr\" class=\"bbc-189y18v e57qer20\" readability=\"6.5\">\n<div data-e2e=\"image-placeholder\" class=\"bbc-997y1y e1whu0\" readability=\"8\"><picture class=\"bbc-yfiktt e1enwo3v1\"><source srcset=\"https:\/\/ichef.bbci.co.uk\/news\/240\/cpsprodpb\/2E9E\/production\/_124243911_jean-michel-coureau.jpg.webp 240w, https:\/\/ichef.bbci.co.uk\/news\/320\/cpsprodpb\/2E9E\/production\/_124243911_jean-michel-coureau.jpg.webp 320w, https:\/\/ichef.bbci.co.uk\/news\/480\/cpsprodpb\/2E9E\/production\/_124243911_jean-michel-coureau.jpg.webp 480w, https:\/\/ichef.bbci.co.uk\/news\/624\/cpsprodpb\/2E9E\/production\/_124243911_jean-michel-coureau.jpg.webp 624w, https:\/\/ichef.bbci.co.uk\/news\/800\/cpsprodpb\/2E9E\/production\/_124243911_jean-michel-coureau.jpg.webp 800w\" type=\"image\/webp\" sizes=\"(min-width: 1008px) 645px, 100vw\"><source srcset=\"https:\/\/ichef.bbci.co.uk\/news\/240\/cpsprodpb\/2E9E\/production\/_124243911_jean-michel-coureau.jpg 240w, https:\/\/ichef.bbci.co.uk\/news\/320\/cpsprodpb\/2E9E\/production\/_124243911_jean-michel-coureau.jpg 320w, https:\/\/ichef.bbci.co.uk\/news\/480\/cpsprodpb\/2E9E\/production\/_124243911_jean-michel-coureau.jpg 480w, https:\/\/ichef.bbci.co.uk\/news\/624\/cpsprodpb\/2E9E\/production\/_124243911_jean-michel-coureau.jpg 624w, https:\/\/ichef.bbci.co.uk\/news\/800\/cpsprodpb\/2E9E\/production\/_124243911_jean-michel-coureau.jpg 800w\" type=\"image\/jpeg\" sizes=\"(min-width: 1008px) 645px, 100vw\"><img loading=\"lazy\" src=\"http:\/\/cordobadirecto.com\/wp-content\/uploads\/2022\/04\/como-se-ha-librado-bolivia-de-la-inflacion-que-recorre-america-latina-y-por-que-no-es-tan-buena-noticia-como-parece.jpg\" alt=\"Comerciante en La Paz\" width=\"976\" height=\"549\" class=\"eehpdyc0 bbc-rb7xa0 e1enwo3v0\"><\/picture>\n<p role=\"text\" class=\"bbc-1s1cxbv etq3yw90\"><span class=\"bbc-1gnhmg2 e1yt7oin0\">Fuente de la imagen, <\/span><span lang=\"en-GB\">Jean-Michel Coureau \/ Getty<\/span><\/p>\n<\/div>\n<\/div>\n<div dir=\"ltr\" class=\"bbc-3edg7g e57qer20\" readability=\"6\"><figcaption dir=\"ltr\" class=\"bbc-rhuvwm eede9f50\" readability=\"2\"><span class=\"bbc-1gnhmg2 e1yt7oin0\">Pie de foto, <\/span><\/p>\n<p>El Estado boliviano prioriza el abastecimiento del mercado interno.<\/p>\n<\/figcaption><\/div>\n<\/div>\n<\/figure>\n<\/div>\n<div dir=\"ltr\" class=\"bbc-19j92fr e57qer20\" readability=\"7\">\n<p dir=\"ltr\" class=\"bbc-bm53ic e1cc2ql70\"><b>La econom\u00eda mundial vive conmocionada por la ola de inflaci\u00f3n global.<\/b><\/p>\n<\/div>\n<div dir=\"ltr\" class=\"bbc-19j92fr e57qer20\" readability=\"8\">\n<p dir=\"ltr\" class=\"bbc-bm53ic e1cc2ql70\">La guerra de Ucrania y los est\u00edmulos con los que los gobiernos respondieron al golpe de la pandemia han llevado el aumento de los precios a niveles que no se ve\u00edan hace d\u00e9cadas.<\/p>\n<\/div>\n<div dir=\"ltr\" class=\"bbc-19j92fr e57qer20\" readability=\"8\">\n<p dir=\"ltr\" class=\"bbc-bm53ic e1cc2ql70\">En Am\u00e9rica Latina, el impacto de la subida <b>es especialmente doloroso<\/b>.<\/p>\n<\/div>\n<div dir=\"ltr\" class=\"bbc-19j92fr e57qer20\" readability=\"12\">\n<p dir=\"ltr\" class=\"bbc-bm53ic e1cc2ql70\">Seg\u00fan un informe reciente del Fondo Monetario Internacional (FMI), &#8220;para una regi\u00f3n con unos niveles hist\u00f3ricamente altos de desigualdad, la erosi\u00f3n de los ingresos reales debido al aumento del costo de los alimentos y la energ\u00eda se sumar\u00e1 a la presi\u00f3n econ\u00f3mica a la que ya hacen frente los hogares vulnerables&#8221;. <\/p>\n<\/div>\n<div dir=\"ltr\" class=\"bbc-19j92fr e57qer20\" readability=\"8\">\n<p dir=\"ltr\" class=\"bbc-bm53ic e1cc2ql70\">El problema es tal que la inflaci\u00f3n en las cinco mayores econom\u00edas latinoamericanas ha llegado <b>a su r\u00e9cord<\/b> de los \u00faltimos 15 a\u00f1os.<\/p>\n<\/div>\n<div dir=\"ltr\" class=\"bbc-19j92fr e57qer20\" readability=\"7\">\n<p dir=\"ltr\" class=\"bbc-bm53ic e1cc2ql70\">Pero un pa\u00eds sudamericano ha podido hasta ahora librarse.<\/p>\n<\/div>\n<div dir=\"ltr\" class=\"bbc-19j92fr e57qer20\" readability=\"12\">\n<p dir=\"ltr\" class=\"bbc-bm53ic e1cc2ql70\">Se trata de Bolivia, donde el \u00cdndice de Precios al Consumidor (IPC) se ha mantenido sorprendentemente estable. Cuandolas curvas de sus vecinos y de medio mundo se disparaban al alza, Bolivia lleg\u00f3 incluso a <b>registrar una bajada<\/b> de los precios del 0,1% de febrero a marzo de este a\u00f1o. <\/p>\n<\/div>\n<div dir=\"ltr\" class=\"bbc-19j92fr e57qer20\" readability=\"11\">\n<p dir=\"ltr\" class=\"bbc-bm53ic e1cc2ql70\">Mientras la inflaci\u00f3n interanual se qued\u00f3 en Bolivia en un magro 0,77% en marzo, el FMI estima que rondar\u00e1 el 10% para toda la regi\u00f3n a final de a\u00f1o y las principales econom\u00edas de la regi\u00f3n se resienten por aumentos mucho m\u00e1s pronunciados: <\/p>\n<\/div>\n<div dir=\"ltr\" class=\"e1gggypo0 bbc-oa9drk e57qer20\">\n<ul dir=\"ltr\" role=\"list\" class=\"bbc-1n23t93 e1drcs2w1\">\n<li role=\"listitem\" class=\"bbc-acwcvw e1drcs2w0\">Brasil 11,3%<\/li>\n<\/ul>\n<\/div>\n<div dir=\"ltr\" class=\"e1gggypo0 bbc-oa9drk e57qer20\">\n<ul dir=\"ltr\" role=\"list\" class=\"bbc-1n23t93 e1drcs2w1\">\n<li role=\"listitem\" class=\"bbc-acwcvw e1drcs2w0\">Chile 9,4% <\/li>\n<\/ul>\n<\/div>\n<div dir=\"ltr\" class=\"e1gggypo0 bbc-oa9drk e57qer20\">\n<ul dir=\"ltr\" role=\"list\" class=\"bbc-1n23t93 e1drcs2w1\">\n<li role=\"listitem\" class=\"bbc-acwcvw e1drcs2w0\">Colombia 8,5%<\/li>\n<\/ul>\n<\/div>\n<div dir=\"ltr\" class=\"e1gggypo0 bbc-oa9drk e57qer20\">\n<ul dir=\"ltr\" role=\"list\" class=\"bbc-1n23t93 e1drcs2w1\">\n<li role=\"listitem\" class=\"bbc-acwcvw e1drcs2w0\">M\u00e9xico 7,4%<\/li>\n<\/ul>\n<\/div>\n<div dir=\"ltr\" class=\"e1gggypo0 bbc-oa9drk e57qer20\">\n<ul dir=\"ltr\" role=\"list\" class=\"bbc-1n23t93 e1drcs2w1\">\n<li role=\"listitem\" class=\"bbc-acwcvw e1drcs2w0\">Uruguay 9,4%<\/li>\n<\/ul>\n<\/div>\n<div dir=\"ltr\" class=\"bbc-19j92fr e57qer20\" readability=\"11\">\n<p dir=\"ltr\" class=\"bbc-bm53ic e1cc2ql70\">El vecino Per\u00fa (6,8%) y Ecuador (2,6%) tambi\u00e9n se vieron afectados en mayor medida. Y las estratosf\u00e9ricas cifras de Venezuela (284,4%) y Argentina (55%) quedan muy lejos de las de Bolivia. <\/p>\n<\/div>\n<div dir=\"ltr\" class=\"bbc-19j92fr e57qer20\"><picture class=\"bbc-yfiktt e1enwo3v1\"><source srcset=\"http:\/\/cordobadirecto.com\/wp-content\/uploads\/2022\/04\/como-se-ha-librado-bolivia-de-la-inflacion-que-recorre-america-latina-y-por-que-no-es-tan-buena-noticia-como-parece-1.png 640w, http:\/\/cordobadirecto.com\/wp-content\/uploads\/2022\/04\/como-se-ha-librado-bolivia-de-la-inflacion-que-recorre-america-latina-y-por-que-no-es-tan-buena-noticia-como-parece.png 816w\" type=\"image\/jpeg\"><img src=\"http:\/\/cordobadirecto.com\/wp-content\/uploads\/2022\/04\/como-se-ha-librado-bolivia-de-la-inflacion-que-recorre-america-latina-y-por-que-no-es-tan-buena-noticia-como-parece.png\" alt=\"Inflaci\u00f3n en las mayores econom\u00edas de Latinoam\u00e9rica. . .\" id=\"include-1\" class=\"bbc-1082qq3 e1enwo3v0\"><\/picture><\/div>\n<div dir=\"ltr\" class=\"bbc-19j92fr e57qer20\" readability=\"12\">\n<p dir=\"ltr\" class=\"bbc-bm53ic e1cc2ql70\">&#8220;Es muy dif\u00edcil de explicar que Bolivia tenga una inflaci\u00f3n tan baja en este momento&#8221;, le dijo a BBC Mundo Roberto Laserna, director del Centro de Estudios de la Realidad Econ\u00f3mica y Social (Ceres), un centro de an\u00e1lisis con sede en La Paz.<\/p>\n<\/div>\n<div dir=\"ltr\" class=\"bbc-19j92fr e57qer20\" readability=\"7\">\n<p dir=\"ltr\" class=\"bbc-bm53ic e1cc2ql70\">Pero son varias las causas. <\/p>\n<\/div>\n<p><h2 id=\"Un-boliviano-fuerte\" tabindex=\"-1\" class=\"bbc-l3e97o e14hemmw0\">Un boliviano fuerte<\/h2>\n<\/p>\n<div dir=\"ltr\" class=\"bbc-19j92fr e57qer20\" readability=\"13\">\n<p dir=\"ltr\" class=\"bbc-bm53ic e1cc2ql70\">Al contrario de lo que sucede con las monedas de los pa\u00edses vecinos, sujetas a veces a fuertes variaciones en el tipo de cambio, la moneda nacional de Bolivia t<b>iene un tipo de cambio fijo respecto al d\u00f3lar<\/b> estadounidense fijado por el gobierno socialista de Evo Morales hace ya m\u00e1s de 10 a\u00f1os (1 boliviano = US$6,96).<\/p>\n<\/div>\n<div dir=\"ltr\" class=\"bbc-19j92fr e57qer20\" readability=\"12\">\n<p dir=\"ltr\" class=\"bbc-bm53ic e1cc2ql70\">Mientras otros pa\u00edses de la regi\u00f3n tuvieron que implantar mecanismos de control de cambios para sostener su moneda y hubo grandes divergencias entre el tipo de cambio oficial y el verdadero precio de la divisa estadounidense en la calle, en Bolivia <b>se puede comprar y vender d\u00f3lares libremente,<\/b> y el tipo de cambio se ha mantenido gracias a que el gobierno lo sostiene inyectando en el mercado d\u00f3lares de sus reservas.<\/p>\n<\/div>\n<div dir=\"ltr\" class=\"bbc-19j92fr e57qer20\" readability=\"11\">\n<p dir=\"ltr\" class=\"bbc-bm53ic e1cc2ql70\">Hugo Siles, economista y ministro de Autonom\u00edas con Morales, le dijo a BBC Mundo que &#8220;los inmensos recursos obtenidos a partir de la nacionalizaci\u00f3n de los hidrocarburos del expresidente Morales permiti\u00f3 seguir una pol\u00edtica de apreciaci\u00f3n del boliviano que ha contribuido a la baja inflaci\u00f3n&#8221;. <\/p>\n<\/div>\n<div class=\"bbc-sffzb7 e8v25yx0\">\n<div dir=\"ltr\" class=\"bbc-1ka88fa e57qer20\">\n<figure class=\"bbc-1qdcvv9 e6bmn90\">\n<div dir=\"ltr\" class=\"bbc-172p16q e57qer20\">\n<div dir=\"ltr\" class=\"bbc-189y18v e57qer20\" readability=\"6.5\">\n<div data-e2e=\"image-placeholder\" class=\"bbc-997y1y e1whu0\" readability=\"8\"><noscript><picture class=\"bbc-yfiktt e1enwo3v1\"><source srcset=\"http:\/\/cordobadirecto.com\/wp-content\/uploads\/2022\/04\/como-se-ha-librado-bolivia-de-la-inflacion-que-recorre-america-latina-y-por-que-no-es-tan-buena-noticia-como-parece.webp 240w, http:\/\/cordobadirecto.com\/wp-content\/uploads\/2022\/04\/como-se-ha-librado-bolivia-de-la-inflacion-que-recorre-america-latina-y-por-que-no-es-tan-buena-noticia-como-parece-1.webp 320w, http:\/\/cordobadirecto.com\/wp-content\/uploads\/2022\/04\/como-se-ha-librado-bolivia-de-la-inflacion-que-recorre-america-latina-y-por-que-no-es-tan-buena-noticia-como-parece-2.webp 480w, http:\/\/cordobadirecto.com\/wp-content\/uploads\/2022\/04\/como-se-ha-librado-bolivia-de-la-inflacion-que-recorre-america-latina-y-por-que-no-es-tan-buena-noticia-como-parece-3.webp 624w, http:\/\/cordobadirecto.com\/wp-content\/uploads\/2022\/04\/como-se-ha-librado-bolivia-de-la-inflacion-que-recorre-america-latina-y-por-que-no-es-tan-buena-noticia-como-parece-4.webp 800w\" type=\"image\/webp\" sizes=\"(min-width: 1008px) 645px, 100vw\"><source srcset=\"https:\/\/ichef.bbci.co.uk\/news\/240\/cpsprodpb\/7CBE\/production\/_124243913_martin-silva.jpg 240w, https:\/\/ichef.bbci.co.uk\/news\/320\/cpsprodpb\/7CBE\/production\/_124243913_martin-silva.jpg 320w, https:\/\/ichef.bbci.co.uk\/news\/480\/cpsprodpb\/7CBE\/production\/_124243913_martin-silva.jpg 480w, https:\/\/ichef.bbci.co.uk\/news\/624\/cpsprodpb\/7CBE\/production\/_124243913_martin-silva.jpg 624w, https:\/\/ichef.bbci.co.uk\/news\/800\/cpsprodpb\/7CBE\/production\/_124243913_martin-silva.jpg 800w\" type=\"image\/jpeg\" sizes=\"(min-width: 1008px) 645px, 100vw\"><img loading=\"lazy\" src=\"http:\/\/cordobadirecto.com\/wp-content\/uploads\/2022\/04\/como-se-ha-librado-bolivia-de-la-inflacion-que-recorre-america-latina-y-por-que-no-es-tan-buena-noticia-como-parece-1.jpg\" alt=\"Evo Morales.\" width=\"976\" height=\"549\" class=\"eehpdyc0 bbc-rb7xa0 e1enwo3v0\"><\/picture><\/noscript><\/p>\n<p role=\"text\" class=\"bbc-1s1cxbv etq3yw90\"><span class=\"bbc-1gnhmg2 e1yt7oin0\">Fuente de la imagen, <\/span><span lang=\"en-GB\">MARTIN SILVA \/ Getty<\/span><\/p>\n<\/div>\n<\/div>\n<div dir=\"ltr\" class=\"bbc-3edg7g e57qer20\" readability=\"6\"><figcaption dir=\"ltr\" class=\"bbc-rhuvwm eede9f50\" readability=\"2\"><span class=\"bbc-1gnhmg2 e1yt7oin0\">Pie de foto, <\/span><\/p>\n<p>Evo Morales inici\u00f3 la apuesta por una moneda nacional fuerte.<\/p>\n<\/figcaption><\/div>\n<\/div>\n<\/figure>\n<\/div>\n<\/div>\n<div dir=\"ltr\" class=\"bbc-19j92fr e57qer20\" readability=\"10\">\n<p dir=\"ltr\" class=\"bbc-bm53ic e1cc2ql70\">El gobierno del actual presidente Luis Arce ha mantenido las pol\u00edticas de Morales para robustecer al boliviano, cuya relativa fortaleza frente a la de vecinos como Argentina reduce el coste para Bolivia de importar mercanc\u00edas. <\/p>\n<\/div>\n<div dir=\"ltr\" class=\"bbc-19j92fr e57qer20\" readability=\"8\">\n<p dir=\"ltr\" class=\"bbc-bm53ic e1cc2ql70\">En el contexto actual de auge de los precios de los alimentos y del petr\u00f3leo en los mercados internacionales<b> una moneda fuerte resulta especialmente ventajosa. <\/b><\/p>\n<\/div>\n<div dir=\"ltr\" class=\"bbc-19j92fr e57qer20\" readability=\"13\">\n<p dir=\"ltr\" class=\"bbc-bm53ic e1cc2ql70\">Adem\u00e1s, como se\u00f1ala Jos\u00e9 Luis Hevia, investigador de la Fundaci\u00f3n Milenio, &#8220;las expectativas bien ancladas en torno al tipo de cambio han hecho que la gente tenga confianza en la moneda nacional&#8221;, otro factor que favorece la estabilidad de los precios<\/p>\n<\/div>\n<p><h2 id=\"Subsidios-y-restricciones-a-las-exportaciones\" tabindex=\"-1\" class=\"bbc-l3e97o e14hemmw0\">Subsidios y restricciones a las exportaciones<\/h2>\n<\/p>\n<div dir=\"ltr\" class=\"bbc-19j92fr e57qer20\" readability=\"7\">\n<p dir=\"ltr\" class=\"bbc-bm53ic e1cc2ql70\">Los bolivianos no han sentido hasta ahora ese golpe. <\/p>\n<\/div>\n<div dir=\"ltr\" class=\"bbc-19j92fr e57qer20\" readability=\"9\">\n<p dir=\"ltr\" class=\"bbc-bm53ic e1cc2ql70\">En su pa\u00eds el precio de la gasolina se mantiene estable en torno a los US$0,50 por litro y los art\u00edculos de la canasta b\u00e1sica tampoco han experimentado grandes incrementos. <\/p>\n<\/div>\n<div dir=\"ltr\" class=\"bbc-19j92fr e57qer20\" readability=\"7\">\n<p dir=\"ltr\" class=\"bbc-bm53ic e1cc2ql70\">Los expertos apuntan a los <b>generosos subsidios<\/b> del gobierno como causa. <\/p>\n<\/div>\n<div dir=\"ltr\" class=\"bbc-19j92fr e57qer20\" readability=\"10\">\n<p dir=\"ltr\" class=\"bbc-bm53ic e1cc2ql70\">Pese a que los costes del petr\u00f3leo siguen disparados en los mercados internacionales, el monopolio estatal que distribuye la gasolina en Bolivia ha absorbido totalmente ese impacto al no alterar su precio subsidiado.<\/p>\n<\/div>\n<div dir=\"ltr\" class=\"bbc-19j92fr e57qer20\" readability=\"11\">\n<p dir=\"ltr\" class=\"bbc-bm53ic e1cc2ql70\">En consecuencia, los productores agrarios no se han visto empujados a trasladar a los consumidores finales el aumento de sus costes de producci\u00f3n derivado de la subida de los combustibles, como s\u00ed ha sucedido en otros pa\u00edses.<\/p>\n<\/div>\n<div dir=\"ltr\" class=\"bbc-1ka88fa e57qer20\">\n<figure class=\"bbc-1qdcvv9 e6bmn90\">\n<div dir=\"ltr\" class=\"bbc-172p16q e57qer20\">\n<div dir=\"ltr\" class=\"bbc-189y18v e57qer20\" readability=\"6.5\">\n<div data-e2e=\"image-placeholder\" class=\"bbc-997y1y e1whu0\" readability=\"8\"><noscript><picture class=\"bbc-yfiktt e1enwo3v1\"><source srcset=\"http:\/\/cordobadirecto.com\/wp-content\/uploads\/2022\/04\/como-se-ha-librado-bolivia-de-la-inflacion-que-recorre-america-latina-y-por-que-no-es-tan-buena-noticia-como-parece-5.webp 240w, http:\/\/cordobadirecto.com\/wp-content\/uploads\/2022\/04\/como-se-ha-librado-bolivia-de-la-inflacion-que-recorre-america-latina-y-por-que-no-es-tan-buena-noticia-como-parece-6.webp 320w, http:\/\/cordobadirecto.com\/wp-content\/uploads\/2022\/04\/como-se-ha-librado-bolivia-de-la-inflacion-que-recorre-america-latina-y-por-que-no-es-tan-buena-noticia-como-parece-7.webp 480w, http:\/\/cordobadirecto.com\/wp-content\/uploads\/2022\/04\/como-se-ha-librado-bolivia-de-la-inflacion-que-recorre-america-latina-y-por-que-no-es-tan-buena-noticia-como-parece-8.webp 624w, http:\/\/cordobadirecto.com\/wp-content\/uploads\/2022\/04\/como-se-ha-librado-bolivia-de-la-inflacion-que-recorre-america-latina-y-por-que-no-es-tan-buena-noticia-como-parece-9.webp 800w\" type=\"image\/webp\" sizes=\"(min-width: 1008px) 645px, 100vw\"><source srcset=\"https:\/\/ichef.bbci.co.uk\/news\/240\/cpsprodpb\/A3CE\/production\/_124243914_gaston.brito.jpg 240w, https:\/\/ichef.bbci.co.uk\/news\/320\/cpsprodpb\/A3CE\/production\/_124243914_gaston.brito.jpg 320w, https:\/\/ichef.bbci.co.uk\/news\/480\/cpsprodpb\/A3CE\/production\/_124243914_gaston.brito.jpg 480w, https:\/\/ichef.bbci.co.uk\/news\/624\/cpsprodpb\/A3CE\/production\/_124243914_gaston.brito.jpg 624w, https:\/\/ichef.bbci.co.uk\/news\/800\/cpsprodpb\/A3CE\/production\/_124243914_gaston.brito.jpg 800w\" type=\"image\/jpeg\" sizes=\"(min-width: 1008px) 645px, 100vw\"><img loading=\"lazy\" src=\"http:\/\/cordobadirecto.com\/wp-content\/uploads\/2022\/04\/como-se-ha-librado-bolivia-de-la-inflacion-que-recorre-america-latina-y-por-que-no-es-tan-buena-noticia-como-parece-2.jpg\" alt=\"Dos bolivianos.\" width=\"976\" height=\"549\" class=\"eehpdyc0 bbc-rb7xa0 e1enwo3v0\"><\/picture><\/noscript><\/p>\n<p role=\"text\" class=\"bbc-1s1cxbv etq3yw90\"><span class=\"bbc-1gnhmg2 e1yt7oin0\">Fuente de la imagen, <\/span><span lang=\"en-GB\">Gaston Brito \/ Getty<\/span><\/p>\n<\/div>\n<\/div>\n<\/div>\n<\/figure>\n<\/div>\n<div dir=\"ltr\" class=\"bbc-19j92fr e57qer20\" readability=\"14\">\n<p dir=\"ltr\" class=\"bbc-bm53ic e1cc2ql70\">El pa\u00eds tambi\u00e9n cuenta con mecanismos que ayudan a contener la inflaci\u00f3n en el rubro alimentario, como la Empresa de Apoyo a la Producci\u00f3n de Alimentos (Emapa), una compa\u00f1\u00eda estatal que brinda apoyo financiero a los productores agropecuarios, y el Fondo Rotatorio de Seguridad Alimentaria, <b>que importa alimentos con cargo a las cuentas p\u00fablicas<\/b> y los distribuye en el mercado para mantener los precios a la baja. <\/p>\n<\/div>\n<div dir=\"ltr\" class=\"bbc-19j92fr e57qer20\" readability=\"9\">\n<p dir=\"ltr\" class=\"bbc-bm53ic e1cc2ql70\">En una de sus \u00faltimas acciones, el Fondo inyect\u00f3 10.000 toneladas de harina de trigo en el mercado para evitar una subida del precio del pan. <\/p>\n<\/div>\n<div dir=\"ltr\" class=\"bbc-19j92fr e57qer20\" readability=\"11\">\n<p dir=\"ltr\" class=\"bbc-bm53ic e1cc2ql70\">Lian Lin, analista de la Unidad de Inteligencia del semanario &#8220;The Economist&#8221;, asegura que &#8220;estas cosas mantienen baja la inflaci\u00f3n de los alimentos y eso significa una gran parte del total del \u00cdndice de Precios al Consumidor&#8221;. <\/p>\n<\/div>\n<div dir=\"ltr\" class=\"bbc-19j92fr e57qer20\" readability=\"8\">\n<p dir=\"ltr\" class=\"bbc-bm53ic e1cc2ql70\">Otro freno a la subida de los precios implantado por el gobierno son los<b> certificados de exportaci\u00f3n<\/b> que se exigen a todos los productos que se venden en el exterior.<\/p>\n<\/div>\n<div dir=\"ltr\" class=\"bbc-19j92fr e57qer20\" readability=\"11\">\n<p dir=\"ltr\" class=\"bbc-bm53ic e1cc2ql70\">Cuando su abastecimiento en Bolivia a un precio que las autoridades consideran justo no est\u00e1 garantizado, pueden negar el certificado para exportar, forzando as\u00ed un aumento de la oferta en el mercado interno que tambi\u00e9n alivia las presiones inflacionarias. <\/p>\n<\/div>\n<p><h2 id=\"Cu\u00e1nto-puede-durar\" tabindex=\"-1\" class=\"bbc-l3e97o e14hemmw0\">Cu\u00e1nto puede durar<\/h2>\n<\/p>\n<div dir=\"ltr\" class=\"bbc-19j92fr e57qer20\" readability=\"9\">\n<p dir=\"ltr\" class=\"bbc-bm53ic e1cc2ql70\">La pregunta clave es por cu\u00e1nto tiempo seguir\u00e1 Bolivia benefici\u00e1ndose de una excepcional estabilidad en los precios en un mundo en el que la inflaci\u00f3n se ha convertido en el principal enemigo de los bancos centrales y una de las principales preocupaciones de la poblaci\u00f3n. <\/p>\n<\/div>\n<div dir=\"ltr\" class=\"bbc-19j92fr e57qer20\" readability=\"9\">\n<p dir=\"ltr\" class=\"bbc-bm53ic e1cc2ql70\">Jos\u00e9 Luis Hevia pronostica que ya este a\u00f1o <b>se sentir\u00e1 &#8220;un aumento de la inflaci\u00f3n<\/b> por lo que est\u00e1 pasando en el contexto internacional, pero ser\u00e1 relativamente moderada&#8221;. <\/p>\n<\/div>\n<div dir=\"ltr\" class=\"bbc-19j92fr e57qer20\" readability=\"8\">\n<p dir=\"ltr\" class=\"bbc-bm53ic e1cc2ql70\">&#8220;Pero todo depender\u00e1 de por cu\u00e1nto tiempo se pueda sostener el modelo actual&#8221;, a\u00f1ade el experto. <\/p>\n<\/div>\n<div dir=\"ltr\" class=\"bbc-19j92fr e57qer20\" readability=\"8\">\n<p dir=\"ltr\" class=\"bbc-bm53ic e1cc2ql70\">Y es que muchos economistas advierten de los efectos adversos de la pol\u00edtica de subsidios del gobierno boliviano y crecen las dudas sobre la sostenibilidad de las cuentas p\u00fablicas.<\/p>\n<\/div>\n<div dir=\"ltr\" class=\"bbc-19j92fr e57qer20\" readability=\"10\">\n<p dir=\"ltr\" class=\"bbc-bm53ic e1cc2ql70\">Un reciente informe del Banco Mundial estima que la deuda p\u00fablica boliviana se acercar\u00e1 <b>al 80% <\/b>del Producto Interno Bruto (PIB) a finales de 2022, m\u00e1s de diez puntos porcentuales por encima de la media regional.<\/p>\n<\/div>\n<div dir=\"ltr\" class=\"bbc-19j92fr e57qer20\" readability=\"11\">\n<p dir=\"ltr\" class=\"bbc-bm53ic e1cc2ql70\">El Ministerio de Econom\u00eda y Finanzas respondi\u00f3 con un comunicado en el que asegur\u00f3 que el ratio de deuda p\u00fablica sobre el PIB se situ\u00f3 en febrero en un 43,6%, &#8220;por debajo de los l\u00edmites establecidos como recomendables&#8221;.<\/p>\n<\/div>\n<div dir=\"ltr\" class=\"bbc-19j92fr e57qer20\" readability=\"11\">\n<p dir=\"ltr\" class=\"bbc-bm53ic e1cc2ql70\">El Ejecutivo tambi\u00e9n acus\u00f3 del &#8220;explosivo incremento de la deuda interna registrado en 2020&#8221; al gobierno interino que presidi\u00f3 Jeanine \u00c1\u00f1ez, la dirigente que asumi\u00f3 el poder tras la ca\u00edda de Evo Morales y hoy se encuentra en prisi\u00f3n acusada de terrorismo, sedici\u00f3n y conspiraci\u00f3n. <\/p>\n<\/div>\n<div dir=\"ltr\" class=\"bbc-1ka88fa e57qer20\">\n<figure class=\"bbc-1qdcvv9 e6bmn90\">\n<div dir=\"ltr\" class=\"bbc-172p16q e57qer20\">\n<div dir=\"ltr\" class=\"bbc-189y18v e57qer20\" readability=\"6.5\">\n<div data-e2e=\"image-placeholder\" class=\"bbc-997y1y e1whu0\" readability=\"8\"><noscript><picture class=\"bbc-yfiktt e1enwo3v1\"><source srcset=\"http:\/\/cordobadirecto.com\/wp-content\/uploads\/2022\/04\/como-se-ha-librado-bolivia-de-la-inflacion-que-recorre-america-latina-y-por-que-no-es-tan-buena-noticia-como-parece-10.webp 240w, http:\/\/cordobadirecto.com\/wp-content\/uploads\/2022\/04\/como-se-ha-librado-bolivia-de-la-inflacion-que-recorre-america-latina-y-por-que-no-es-tan-buena-noticia-como-parece-11.webp 320w, http:\/\/cordobadirecto.com\/wp-content\/uploads\/2022\/04\/como-se-ha-librado-bolivia-de-la-inflacion-que-recorre-america-latina-y-por-que-no-es-tan-buena-noticia-como-parece-12.webp 480w, http:\/\/cordobadirecto.com\/wp-content\/uploads\/2022\/04\/como-se-ha-librado-bolivia-de-la-inflacion-que-recorre-america-latina-y-por-que-no-es-tan-buena-noticia-como-parece-13.webp 624w, http:\/\/cordobadirecto.com\/wp-content\/uploads\/2022\/04\/como-se-ha-librado-bolivia-de-la-inflacion-que-recorre-america-latina-y-por-que-no-es-tan-buena-noticia-como-parece-14.webp 800w\" type=\"image\/webp\" sizes=\"(min-width: 1008px) 645px, 100vw\"><source srcset=\"https:\/\/ichef.bbci.co.uk\/news\/240\/cpsprodpb\/55AE\/production\/_124243912_luis-gandarillas.afp.jpg 240w, https:\/\/ichef.bbci.co.uk\/news\/320\/cpsprodpb\/55AE\/production\/_124243912_luis-gandarillas.afp.jpg 320w, https:\/\/ichef.bbci.co.uk\/news\/480\/cpsprodpb\/55AE\/production\/_124243912_luis-gandarillas.afp.jpg 480w, https:\/\/ichef.bbci.co.uk\/news\/624\/cpsprodpb\/55AE\/production\/_124243912_luis-gandarillas.afp.jpg 624w, https:\/\/ichef.bbci.co.uk\/news\/800\/cpsprodpb\/55AE\/production\/_124243912_luis-gandarillas.afp.jpg 800w\" type=\"image\/jpeg\" sizes=\"(min-width: 1008px) 645px, 100vw\"><img loading=\"lazy\" src=\"http:\/\/cordobadirecto.com\/wp-content\/uploads\/2022\/04\/como-se-ha-librado-bolivia-de-la-inflacion-que-recorre-america-latina-y-por-que-no-es-tan-buena-noticia-como-parece-3.jpg\" alt=\"Luis Arce, presidente de Bolivia.\" width=\"976\" height=\"549\" class=\"eehpdyc0 bbc-rb7xa0 e1enwo3v0\"><\/picture><\/noscript><\/p>\n<p role=\"text\" class=\"bbc-1s1cxbv etq3yw90\"><span class=\"bbc-1gnhmg2 e1yt7oin0\">Fuente de la imagen, <\/span><span lang=\"en-GB\">LUIS GANDARILLAS \/ Getty<\/span><\/p>\n<\/div>\n<\/div>\n<div dir=\"ltr\" class=\"bbc-3edg7g e57qer20\" readability=\"6\"><figcaption dir=\"ltr\" class=\"bbc-rhuvwm eede9f50\" readability=\"2\"><span class=\"bbc-1gnhmg2 e1yt7oin0\">Pie de foto, <\/span><\/p>\n<p>El presidente Luis Arce ha mantenido los subisidios iniciados con Morales.<\/p>\n<\/figcaption><\/div>\n<\/div>\n<\/figure>\n<\/div>\n<div dir=\"ltr\" class=\"bbc-19j92fr e57qer20\" readability=\"10\">\n<p dir=\"ltr\" class=\"bbc-bm53ic e1cc2ql70\">Hevia indica que &#8220;el tipo de cambio fijo ha sido muy eficaz a la hora de controlar la inflaci\u00f3n, pero tiene efectos no deseados en la econom\u00eda porque <b>desincentiva la producci\u00f3n local <\/b>al abaratar las importaciones y requiere de un gran colch\u00f3n de recursos externos para sostenerlo&#8221;. <\/p>\n<\/div>\n<div dir=\"ltr\" class=\"bbc-19j92fr e57qer20\" readability=\"9\">\n<p dir=\"ltr\" class=\"bbc-bm53ic e1cc2ql70\">Y ese empleo de recursos en respaldar la moneda nacional se percibe hace tiempo un notable incremento del d\u00e9ficit fiscal y una merma sostenida de las reservas internacionales del Banco Central de Bolivia. <\/p>\n<\/div>\n<div dir=\"ltr\" class=\"bbc-19j92fr e57qer20\" readability=\"9\">\n<p dir=\"ltr\" class=\"bbc-bm53ic e1cc2ql70\">Hasta 2015 Bolivia acumul\u00f3 ingresos procedentes principalmente de las exportaciones de gas y lleg\u00f3 a haber hasta <b>US$15.000 millones<\/b> en las reservas del Banco Central. Pero esa cifra ha ido cayendo y en diciembre de 2021 eran US$4.752 millones. <\/p>\n<\/div>\n<div dir=\"ltr\" class=\"bbc-19j92fr e57qer20\" readability=\"14\">\n<p dir=\"ltr\" class=\"bbc-bm53ic e1cc2ql70\">Con un d\u00e9ficit fiscal que, seg\u00fan las proyecciones del Banco Central, cerrar\u00e1 el a\u00f1o en un 8,5% del PIB, preocupa que el pa\u00eds siga consumiendo sus reservas para costear los subsidios que mantienen los precios bajo control y que se estima que le cuestan al Estado alrededor de US$4.000 millones cada a\u00f1o.<\/p>\n<\/div>\n<div dir=\"ltr\" class=\"bbc-19j92fr e57qer20\" readability=\"12\">\n<p dir=\"ltr\" class=\"bbc-bm53ic e1cc2ql70\">Hay otros factores de preocupaci\u00f3n. Roberto Laserna, de Ceres, afirma que &#8220;la nacionalizaci\u00f3n de los hidrocarburos gener\u00f3 un gran volumen de recursos a corto plazo, pero <b>a medio plazo desincentiv\u00f3 la inversi\u00f3n extranjera&#8221;<\/b>. <\/p>\n<\/div>\n<div dir=\"ltr\" class=\"bbc-19j92fr e57qer20\" readability=\"10\">\n<p dir=\"ltr\" class=\"bbc-bm53ic e1cc2ql70\">Esto se ha traducido en a\u00f1os de ca\u00edda de la producci\u00f3n de gas y Bolivia se ha visto incapaz de cumplir algunos de los compromisos de suministro adquiridos con la vecina Argentina, con la que se negocian nuevos acuerdos. <\/p>\n<\/div>\n<div dir=\"ltr\" class=\"bbc-19j92fr e57qer20\" readability=\"12\">\n<p dir=\"ltr\" class=\"bbc-bm53ic e1cc2ql70\">El exministro Siles no ve motivos para la preocupaci\u00f3n. &#8220;Bolivia vende gas, electricidad y materias primas como la soya o los minerales, cuyo precio en el mercado internacional tambi\u00e9n est\u00e1 subiendo, lo que va a aportar mayores divisas&#8221;. <\/p>\n<\/div>\n<div dir=\"ltr\" class=\"bbc-19j92fr e57qer20\" readability=\"8\">\n<p dir=\"ltr\" class=\"bbc-bm53ic e1cc2ql70\">Y vaticina: &#8220;El gobierno <b>no va a eliminar las subvenciones<\/b> ni alterar el tipo de cambio porque eso significar\u00eda trasladar la carga a la gran mayor\u00eda de la poblaci\u00f3n&#8221;. <\/p>\n<\/div>\n<div dir=\"ltr\" class=\"bbc-19j92fr e57qer20\" readability=\"7\">\n<p dir=\"ltr\" class=\"bbc-bm53ic e1cc2ql70\">No todos est\u00e1n convencidos. <\/p>\n<\/div>\n<div dir=\"ltr\" class=\"bbc-19j92fr e57qer20\" readability=\"9\">\n<p dir=\"ltr\" class=\"bbc-bm53ic e1cc2ql70\">Lian Lin cree que &#8221; Bolivia a\u00fan disfrutar\u00e1 alg\u00fan tiempo de viento de cola por el precio del gas pero en el futuro <b>el tipo de cambio tendr\u00e1 que rebajarse un poco<\/b> al menos y habr\u00e1 alg\u00fan tipo de devaluaci\u00f3n gradual y recortes en los programas del gobierno&#8221;. <\/p>\n<\/div>\n<div dir=\"ltr\" class=\"bbc-19j92fr e57qer20\" readability=\"7\">\n<p dir=\"ltr\" class=\"bbc-bm53ic e1cc2ql70\">El tiempo dir\u00e1 qu\u00e9 pron\u00f3stico es el correcto. <\/p>\n<\/div>\n<div dir=\"ltr\" class=\"bbc-19j92fr e57qer20\" readability=\"12\">\n<p dir=\"ltr\" class=\"bbc-bm53ic e1cc2ql70\">De momento, la \u00faltima emisi\u00f3n de deuda boliviana el pasado febrero se coloc\u00f3 a una tasa de inter\u00e9s del 7%, un aumento en la rentabilidad exigida a los bonos que suele asociarse a una menor confianza de los inversores y que pone de manifiesto la mayor dificultad que ahora encuentra el Estado boliviano para financiarse. <\/p>\n<\/div>\n<div dir=\"ltr\" class=\"bbc-1ka88fa e57qer20\">\n<figure class=\"bbc-1qdcvv9 e6bmn90\">\n<div dir=\"ltr\" class=\"bbc-172p16q e57qer20\">\n<div dir=\"ltr\" class=\"bbc-189y18v e57qer20\">\n<div data-e2e=\"image-placeholder\" class=\"bbc-997y1y e1whu0\"><noscript><picture class=\"bbc-yfiktt e1enwo3v1\"><source srcset=\"http:\/\/cordobadirecto.com\/wp-content\/uploads\/2022\/04\/como-se-ha-librado-bolivia-de-la-inflacion-que-recorre-america-latina-y-por-que-no-es-tan-buena-noticia-como-parece-15.webp 240w, http:\/\/cordobadirecto.com\/wp-content\/uploads\/2022\/04\/como-se-ha-librado-bolivia-de-la-inflacion-que-recorre-america-latina-y-por-que-no-es-tan-buena-noticia-como-parece-16.webp 320w, http:\/\/cordobadirecto.com\/wp-content\/uploads\/2022\/04\/como-se-ha-librado-bolivia-de-la-inflacion-que-recorre-america-latina-y-por-que-no-es-tan-buena-noticia-como-parece-17.webp 464w\" type=\"image\/webp\" sizes=\"(min-width: 1008px) 645px, 100vw\"><source srcset=\"https:\/\/ichef.bbci.co.uk\/news\/240\/cpsprodpb\/8AA4\/production\/_112229453_line976.jpg 240w, https:\/\/ichef.bbci.co.uk\/news\/320\/cpsprodpb\/8AA4\/production\/_112229453_line976.jpg 320w, https:\/\/ichef.bbci.co.uk\/news\/464\/cpsprodpb\/8AA4\/production\/_112229453_line976.jpg 464w\" type=\"image\/jpeg\" sizes=\"(min-width: 1008px) 645px, 100vw\"><img loading=\"lazy\" src=\"http:\/\/cordobadirecto.com\/wp-content\/uploads\/2022\/04\/como-se-ha-librado-bolivia-de-la-inflacion-que-recorre-america-latina-y-por-que-no-es-tan-buena-noticia-como-parece-4.jpg\" alt=\"L\u00ednea\" width=\"464\" height=\"2\" class=\"eehpdyc0 bbc-rb7xa0 e1enwo3v0\"><\/picture><\/noscript><\/div>\n<\/div>\n<\/div>\n<\/figure>\n<\/div>\n<div dir=\"ltr\" class=\"bbc-19j92fr e57qer20\" readability=\"8\">\n<p dir=\"ltr\" class=\"bbc-bm53ic e1cc2ql70\"><i class=\"bbc-h1y5j7 ewc4zcb0\">Ahora puedes recibir notificaciones de BBC Mundo. Descarga la nueva versi\u00f3n de nuestra app y act\u00edvalas para no perderte nuestro mejor contenido.<\/i><\/p>\n<\/div>\n","protected":false},"excerpt":{"rendered":"<p>Guillermo D. Olmo @BBCgolmo Corresponsal de BBC News Mundo en Per\u00fa 25 abril 2022 Fuente de la imagen, Jean-Michel Coureau \/ Getty Pie de foto, El Estado boliviano prioriza el abastecimiento del mercado interno. La econom\u00eda mundial vive conmocionada por la ola de inflaci\u00f3n global. La guerra de Ucrania y los est\u00edmulos con los que [&hellip;]<\/p>\n","protected":false},"author":1,"featured_media":55906,"comment_status":"closed","ping_status":"closed","sticky":false,"template":"","format":"standard","meta":[],"categories":[24],"tags":[],"_links":{"self":[{"href":"http:\/\/cordobadirecto.com\/index.php\/wp-json\/wp\/v2\/posts\/55905"}],"collection":[{"href":"http:\/\/cordobadirecto.com\/index.php\/wp-json\/wp\/v2\/posts"}],"about":[{"href":"http:\/\/cordobadirecto.com\/index.php\/wp-json\/wp\/v2\/types\/post"}],"author":[{"embeddable":true,"href":"http:\/\/cordobadirecto.com\/index.php\/wp-json\/wp\/v2\/users\/1"}],"replies":[{"embeddable":true,"href":"http:\/\/cordobadirecto.com\/index.php\/wp-json\/wp\/v2\/comments?post=55905"}],"version-history":[{"count":0,"href":"http:\/\/cordobadirecto.com\/index.php\/wp-json\/wp\/v2\/posts\/55905\/revisions"}],"wp:featuredmedia":[{"embeddable":true,"href":"http:\/\/cordobadirecto.com\/index.php\/wp-json\/wp\/v2\/media\/55906"}],"wp:attachment":[{"href":"http:\/\/cordobadirecto.com\/index.php\/wp-json\/wp\/v2\/media?parent=55905"}],"wp:term":[{"taxonomy":"category","embeddable":true,"href":"http:\/\/cordobadirecto.com\/index.php\/wp-json\/wp\/v2\/categories?post=55905"},{"taxonomy":"post_tag","embeddable":true,"href":"http:\/\/cordobadirecto.com\/index.php\/wp-json\/wp\/v2\/tags?post=55905"}],"curies":[{"name":"wp","href":"https:\/\/api.w.org\/{rel}","templated":true}]}}