{"id":55948,"date":"2022-04-26T00:13:11","date_gmt":"2022-04-26T00:13:11","guid":{"rendered":"http:\/\/cordobadirecto.com\/index.php\/2022\/04\/26\/tigre-y-arsenal-empataron-sin-goles-en-victoria\/"},"modified":"2022-04-26T00:13:11","modified_gmt":"2022-04-26T00:13:11","slug":"tigre-y-arsenal-empataron-sin-goles-en-victoria","status":"publish","type":"post","link":"http:\/\/cordobadirecto.com\/index.php\/2022\/04\/26\/tigre-y-arsenal-empataron-sin-goles-en-victoria\/","title":{"rendered":"Tigre y Arsenal empataron sin goles en Victoria"},"content":{"rendered":"<p><head> <meta charset=\"UTF-8\"> <meta http-equiv=\"X-UA-Compatible\" content=\"IE=edge\"> <meta name=\"viewport\" content=\"width=device-width, initial-scale=1.0\"> <link rel=\"preconnect\" href=\"https:\/\/fonts.gstatic.com\"> <link href=\"https:\/\/fonts.googleapis.com\/css2?family=Montserrat:ital,wght@0,100;0,400;0,500;0,600;0,700;0,800;0,900;1,400&amp;display=swap\" rel=\"stylesheet\"> <title>Tigre y Arsenal empataron sin goles en Victoria<\/title> <meta http-equiv=\"Content-Type\" content=\"text\/html; charset=UTF-8\"> <meta http-equiv=\"Content-Language\" content=\"es\"> <meta http-equiv=\"Cache-Control\" content=\"no-cache, no-store, must-revalidate\"> <meta http-equiv=\"Pragma\" content=\"no-cache\"> <meta http-equiv=\"Expires\" content=\"0\"> <meta name=\"LANGUAGE\" content=\"es\"> <meta name=\"robots\" content=\"noarchive,noodp,noydir\"> <meta name=\"application-name\" content=\"Telam SE\"> <meta name=\"description\" content> <meta name=\"keywords\" content> <meta name=\"author\" content=\"T\u00c9LAM\"> <meta name=\"copyright\" content=\"T\u00c9LAM SE\"> <meta property=\"og:url\" content=\"https:\/\/www.telam.com.ar\/notas\/202204\/590570-liga-profesional-tigre-arsenal.html\"> <meta property=\"og:type\" content=\"website\"> <meta property=\"og:title\" content=\"Tigre y Arsenal empataron sin goles en Victoria\"> <meta property=\"og:description\" content=\"Tigre y Arsenal empataron esta tarde sin goles en el estadio Jos\u00e9 Dellagiovanna de Victoria, por la fecha 12da. de la Zona A de la Copa de la Liga Profesional, en un partido arbitrado por Sebasti\u00e1n Zunino.\"> <meta property=\"og:image\" content=\"https:\/\/www.telam.com.ar\/thumbs\/bluesteel\/advf\/imagenes\/2022\/04\/6266f91c04945_655.jpg\"> <meta property=\"fb:app_id\" content=\"140586622674265\"> <meta property=\"fb:admins\" content> <meta property=\"fb:page_id\" content> <meta property=\"fb:pages\" content=\"161243707242002\"> <meta name=\"twitter:card\" content=\"summary_large_image\"> <meta name=\"twitter:site\" content=\"@agenciatelam\"> <meta name=\"twitter:creator\" content=\"@agenciatelam\"> <meta name=\"twitter:image\" content=\"https:\/\/www.telam.com.ar\/thumbs\/bluesteel\/advf\/imagenes\/2022\/04\/6266f91c04945_655.jpg\"> <meta http-equiv=\"X-UA-Compatible\" content=\"IE=edge\"> <meta name=\"viewport\" content=\"width=device-width, initial-scale=1\"> <meta name=\"theme-color\" content=\"#03469d\"> <meta name=\"msapplication-navbutton-color\" content=\"#03469d\"> <meta name=\"apple-mobile-web-app-status-bar-style\" content=\"black-translucent\"> <meta name=\"apple-mobile-web-app-capable\" content=\"yes\"> <link rel=\"icon\" href=\"https:\/\/www.telam.com.ar\/assets\/skins\/bluesteel\/img\/favicon.ico\" type=\"image\/x-icon\"> <meta name=\"MobileOptimized\" content=\"width\"> <meta name=\"HandheldFriendly\" content=\"true\"> <meta name=\"X-TRACKING-TOKEN\" content=\"f97dc0b25c6dc79bcfd4916562891beeb34b1910\"> <meta name=\"facebook-domain-verification\" content=\"i5urmb48utwl55zru2obz048cgjo9r\"> <meta name=\"X-CSRF-TOKEN\" content=\"ffcaa4859e7703db2ad3efd700cc91b3\"> <link href=\"https:\/\/www.telam.com.ar\/ccss\/3eb3f6f90f794e367c7d326f185c5c84.css\" rel=\"stylesheet\" type=\"text\/css\"> <\/head><body class=\"202204\" id=\"readabilityBody\"> <\/p>\n<div class=\"wrapper-sections\">\n<section id=\"c4kw0vqy6\" telam_original=\"_c4kw0vqy6\" telam_content=\"true\" class=\"sec_c4kw0vqy6_ext\">\n<div class=\"container-xl sec_c4kw0vqy6_int\">\n<div class=\"fix-row-overlay row\">\n<div class=\"col-md-8\">\n<div class=\"row\">\n<div class=\"content_section wrapper-sections py-3\">\n<article class=\"note-content\">\n<div class=\"wrapper-editable-content\">\n<div class=\"wrapper-info-note\">\n<div class=\"col-md-12\">\n<div class=\"wrapper-author-social\">\n<div class=\"author-box mb-4\">\n<div class=\"image\"> <img loading=\"lazy\" src=\"http:\/\/cordobadirecto.com\/wp-content\/uploads\/2022\/04\/tigre-y-arsenal-empataron-sin-goles-en-victoria.png\" width=\"450\" height=\"100%\" alt=\"Telam SE\"> <\/div>\n<div class=\"info\">\n<p>25-04-2022 | 17:55<\/p>\n<\/p><\/div><\/div><\/div><\/div><\/div>\n<div>\n<div class=\"wrapper-editable-content\">\n<div>\n<div class=\"container-md\">\n<div class=\"row\">\n<div class=\"col-md-12 speak\">\n<div class=\"paragraph\">\n<figure class=\"mb-3\"><img loading=\"lazy\" src=\"http:\/\/cordobadirecto.com\/wp-content\/uploads\/2022\/04\/tigre-y-arsenal-empataron-sin-goles-en-victoria.jpg\" width=\"100%\" height=\"100%\" alt=\"Ambos equipos empataron sin goles Foto Osvaldo Fanton \"><figcaption> Ambos equipos empataron sin goles. Foto: Osvaldo Fanton. <\/figcaption><\/figure>\n<figure class=\"mb-3\"><img loading=\"lazy\" src=\"http:\/\/cordobadirecto.com\/wp-content\/uploads\/2022\/04\/tigre-y-arsenal-empataron-sin-goles-en-victoria-1.jpg\" width=\"100%\" height=\"100%\" alt=\"Foto Osvaldo Fanton \"><figcaption> Foto: Osvaldo Fanton. <\/figcaption><\/figure>\n<\/p><\/div><\/div><\/div><\/div><\/div><\/div><\/div>\n<\/div>\n<\/article><\/div><\/div><\/div>\n<div class=\"col-md-4\">\n<div class=\"row\">\n<div class=\"telamblock mostread col-md-12 pl-3 pr-3\">\n<h3 class=\"module-title\"><span>M\u00e1s le\u00eddas<\/span><\/h3>\n<\/p><\/div>\n<div class=\"telamblock html col-md-12 pl-3 pr-3\">\n<h3 class=\"module-title\"><span>Newsletter<\/span><\/h3>\n<div class=\"content\">\n<div class=\"d-flex justify-content-center\"><a href=\"https:\/\/www.telam.com.ar\/newsletter\"><img class=\"img-fluid\" src=\"http:\/\/cordobadirecto.com\/wp-content\/uploads\/2022\/04\/tigre-y-arsenal-empataron-sin-goles-en-victoria-2.jpg\"><\/a><\/div>\n<\/div><\/div><\/div><\/div><\/div><\/div>\n<\/section>\n<section id=\"p56ukt1hk\" telam_original=\"_p56ukt1hk\" class=\"sec_p56ukt1hk_ext light\">\n<div class=\"container-xl sec_p56ukt1hk_int\">\n<div class=\"fix-row-overlay col-lg-12 p-0\">\n<div class=\"row\">\n<div class=\"telamblock infinite col-md-12 pl-3 pr-3\">\n<h3 class=\"module-title\"><span>Tambi\u00e9n te puede interesar<\/span><\/h3>\n<\/p><\/div><\/div><\/div><\/div>\n<\/section><\/div>\n<p> <a href=\"javascript:void();\" class=\"sto_page stp\"><i class=\"fas fa-chevron-up\"><\/i><\/a> <\/p>\n<footer> <\/footer>\n<p> <\/body> <!-- Speedy --><\/p>\n","protected":false},"excerpt":{"rendered":"<p>Tigre y Arsenal empataron sin goles en Victoria 25-04-2022 | 17:55 Ambos equipos empataron sin goles. Foto: Osvaldo Fanton. Foto: Osvaldo Fanton. M\u00e1s le\u00eddas Newsletter Tambi\u00e9n te puede interesar<\/p>\n","protected":false},"author":1,"featured_media":55949,"comment_status":"closed","ping_status":"closed","sticky":false,"template":"","format":"standard","meta":[],"categories":[21],"tags":[],"_links":{"self":[{"href":"http:\/\/cordobadirecto.com\/index.php\/wp-json\/wp\/v2\/posts\/55948"}],"collection":[{"href":"http:\/\/cordobadirecto.com\/index.php\/wp-json\/wp\/v2\/posts"}],"about":[{"href":"http:\/\/cordobadirecto.com\/index.php\/wp-json\/wp\/v2\/types\/post"}],"author":[{"embeddable":true,"href":"http:\/\/cordobadirecto.com\/index.php\/wp-json\/wp\/v2\/users\/1"}],"replies":[{"embeddable":true,"href":"http:\/\/cordobadirecto.com\/index.php\/wp-json\/wp\/v2\/comments?post=55948"}],"version-history":[{"count":0,"href":"http:\/\/cordobadirecto.com\/index.php\/wp-json\/wp\/v2\/posts\/55948\/revisions"}],"wp:featuredmedia":[{"embeddable":true,"href":"http:\/\/cordobadirecto.com\/index.php\/wp-json\/wp\/v2\/media\/55949"}],"wp:attachment":[{"href":"http:\/\/cordobadirecto.com\/index.php\/wp-json\/wp\/v2\/media?parent=55948"}],"wp:term":[{"taxonomy":"category","embeddable":true,"href":"http:\/\/cordobadirecto.com\/index.php\/wp-json\/wp\/v2\/categories?post=55948"},{"taxonomy":"post_tag","embeddable":true,"href":"http:\/\/cordobadirecto.com\/index.php\/wp-json\/wp\/v2\/tags?post=55948"}],"curies":[{"name":"wp","href":"https:\/\/api.w.org\/{rel}","templated":true}]}}