{"id":55997,"date":"2022-04-25T23:39:42","date_gmt":"2022-04-25T23:39:42","guid":{"rendered":"https:\/\/cordoba.gob.ar\/?p=22561"},"modified":"2022-04-25T23:39:42","modified_gmt":"2022-04-25T23:39:42","slug":"en-el-dia-de-la-tierra-la-municipalidad-y-los-vecinos-plantaron-mas-de-400-arboles","status":"publish","type":"post","link":"http:\/\/cordobadirecto.com\/index.php\/2022\/04\/25\/en-el-dia-de-la-tierra-la-municipalidad-y-los-vecinos-plantaron-mas-de-400-arboles\/","title":{"rendered":"En el D\u00eda de la Tierra, la Municipalidad y los vecinos plantaron m\u00e1s de 400 \u00e1rboles"},"content":{"rendered":"<div><img src=\"http:\/\/cordobadirecto.com\/wp-content\/uploads\/2022\/04\/en-el-dia-de-la-tierra-la-municipalidad-y-los-vecinos-plantaron-mas-de-400-arboles.jpg\" class=\"ff-og-image-inserted\"><\/div>\n<ul>\n<li><strong>Las forestaciones se desarrollaron en diferentes espacios de los barrios Quebrada de las Rosas, Obras Sanitarias, Omb\u00fa y Valle Escondido.<\/strong><\/li>\n<\/ul>\n<hr>\n<p>Dentro las m\u00faltiples actividades realizadas por la Municipalidad de C\u00f3rdoba en el D\u00eda del Ambiente, una de las m\u00e1s significativas fue la plantaci\u00f3n de 435 \u00e1rboles en cuatro puntos de la ciudad.<\/p>\n<p>Barrio Quebrada de Las Rosas se forest\u00f3 con 187 \u00e1rboles en un predio cedido por la Asociaci\u00f3n Familia Piamontesa de C\u00f3rdoba, sobre la avenida Chancay y Juan Cano. La actividad es fruto de un convenio de cooperaci\u00f3n entre la Secretar\u00eda de Gesti\u00f3n Ambiental y Sostenibilidad y la Facultad de Ciencias Agropecuarias.<\/p>\n<p>All\u00ed se utilizaron especies con altas concentraciones de color (tint\u00f3reas) como algarrobos, espinillos, talas, mistol, molle, cha\u00f1ar, quebracho colorado y blanco, ceibos, duraznos, manzanos y muchos m\u00e1s.<\/p>\n<p>A la vez, en barrio Obras Sanitarias se plantaron 75 ejemplares, en alusi\u00f3n a los 75 a\u00f1os de vida del Sindicato Argentino de Docentes Privados. Las distintas especies se ubicaron en la intersecci\u00f3n de las calles Celso Barrios y P\u00fablica N\u00b0 3.<\/p>\n<p>Por su parte, en barrio Omb\u00fa se entregaron diversos ejemplares para ser plantados en los alrededores de la Escuela Provincia de Corrientes, localizada sobre calle Z\u00edpoli, entre Larra y Lafinur.<\/p>\n<p>Finalmente, en Valle Escondido se fijaron otros 165 \u00e1rboles entre los que destacan algarrobos, talas, molles, breas, laga\u00f1a de perro y espinillos. Cabe destacar que todos ellos se encuentran en la zona denominada Corredor Biol\u00f3gico de Especies Nativas, donde anteriormente se hab\u00edan plantado m\u00e1s de 740 \u00e1rboles.<\/p>\n","protected":false},"excerpt":{"rendered":"<p>Las forestaciones se desarrollaron en diferentes espacios de los barrios Quebrada de las Rosas, Obras Sanitarias, Omb\u00fa y Valle Escondido. Dentro las m\u00faltiples actividades realizadas por la Municipalidad de C\u00f3rdoba en el D\u00eda del Ambiente, una de las m\u00e1s significativas fue la plantaci\u00f3n de 435 \u00e1rboles en cuatro puntos de la ciudad. Barrio Quebrada de [&hellip;]<\/p>\n","protected":false},"author":1,"featured_media":55998,"comment_status":"closed","ping_status":"closed","sticky":false,"template":"","format":"standard","meta":[],"categories":[44],"tags":[],"_links":{"self":[{"href":"http:\/\/cordobadirecto.com\/index.php\/wp-json\/wp\/v2\/posts\/55997"}],"collection":[{"href":"http:\/\/cordobadirecto.com\/index.php\/wp-json\/wp\/v2\/posts"}],"about":[{"href":"http:\/\/cordobadirecto.com\/index.php\/wp-json\/wp\/v2\/types\/post"}],"author":[{"embeddable":true,"href":"http:\/\/cordobadirecto.com\/index.php\/wp-json\/wp\/v2\/users\/1"}],"replies":[{"embeddable":true,"href":"http:\/\/cordobadirecto.com\/index.php\/wp-json\/wp\/v2\/comments?post=55997"}],"version-history":[{"count":0,"href":"http:\/\/cordobadirecto.com\/index.php\/wp-json\/wp\/v2\/posts\/55997\/revisions"}],"wp:featuredmedia":[{"embeddable":true,"href":"http:\/\/cordobadirecto.com\/index.php\/wp-json\/wp\/v2\/media\/55998"}],"wp:attachment":[{"href":"http:\/\/cordobadirecto.com\/index.php\/wp-json\/wp\/v2\/media?parent=55997"}],"wp:term":[{"taxonomy":"category","embeddable":true,"href":"http:\/\/cordobadirecto.com\/index.php\/wp-json\/wp\/v2\/categories?post=55997"},{"taxonomy":"post_tag","embeddable":true,"href":"http:\/\/cordobadirecto.com\/index.php\/wp-json\/wp\/v2\/tags?post=55997"}],"curies":[{"name":"wp","href":"https:\/\/api.w.org\/{rel}","templated":true}]}}