{"id":56003,"date":"2022-04-25T17:55:51","date_gmt":"2022-04-25T17:55:51","guid":{"rendered":"https:\/\/www.ole.com.ar\/autos\/di-palma-caliente-podio_0_CM6t7GmSl5.html"},"modified":"2022-04-25T17:55:51","modified_gmt":"2022-04-25T17:55:51","slug":"no-acepto-burradas","status":"publish","type":"post","link":"http:\/\/cordobadirecto.com\/index.php\/2022\/04\/25\/no-acepto-burradas\/","title":{"rendered":"&#8220;No acepto burradas&#8221;"},"content":{"rendered":"<p>La final del Top Race en Viedma tuvo a Josito Di Palma como l\u00edder en el arranque. <mark>Pero una vuelta despu\u00e9s, un toque de Diego Azar lo hizo despistarse. Luego, pudo avanzar y vio la bandera a cuadros en la segunda colocaci\u00f3n. En la zona del podio, el arrecife\u00f1o no oculto su bronca por lo sucedido.<\/mark><\/p>\n<div class=\"sp__SM\">\n<div class=\"content-new \">\n<span class=\"tit-mobile\">Mir\u00e1 tambi\u00e9n<\/span><\/p>\n<div class=\"mg\">\n<div class=\"wrap-figure\">\n<picture>\n<a href=\"https:\/\/www.ole.com.ar\/autos\/reutemann-gano-viedma_0_L0c5LHtPGY.html\" target=\"_self\" rel=\"noopener\"><br \/>\n<img class=\"img-responsive\" alt=\"El gran estratega\" src=\"http:\/\/cordobadirecto.com\/wp-content\/uploads\/2022\/04\/no-acepto-burradas.jpg\" loading=\"lazy\"><br \/>\n<\/a>\n<\/picture>\n<\/div>\n<\/div><\/div>\n<\/div>\n<p><mark>\u201cNo acepto burradas. Acepto una mala maniobra, pero burradas no. No fue un toque de costado de carrera, fue una burrada y es el campe\u00f3n, eso es lo que m\u00e1s me preocupa. <\/mark>No quiero decir nada m\u00e1s porque estoy caliente. Le quiero agradecer al equipo que me entreg\u00f3 un gran auto. Me quedo con ganas de ganar, pero s\u00e9 que con este equipo lo voy a hacer\u201d, le cont\u00f3 Di Palma a Carburando.<\/p>\n<div class=\"sp__Normal htmlLibre\" readability=\"4.4520547945205\">\n<div class=\"mt\" readability=\"8\">\n<h2>El golpe de Azar a Josito Di Palma en Viedma<\/h2>\n<p>Josito Di Palma mostr\u00f3 su bronca en el podio de la final de la categor\u00eda espect\u00e1culo en Viedma por el toque que recibi\u00f3 de Diego Azar en el arranque.<\/p>\n<hr>\n<\/div><\/div>\n<div class=\"entry-tags\">\n<h2>TEMAS QUE APARECEN EN ESTA NOTA<\/h2>\n<\/p><\/div>\n","protected":false},"excerpt":{"rendered":"<p>La final del Top Race en Viedma tuvo a Josito Di Palma como l\u00edder en el arranque. Pero una vuelta despu\u00e9s, un toque de Diego Azar lo hizo despistarse. Luego, pudo avanzar y vio la bandera a cuadros en la segunda colocaci\u00f3n. En la zona del podio, el arrecife\u00f1o no oculto su bronca por lo [&hellip;]<\/p>\n","protected":false},"author":1,"featured_media":56004,"comment_status":"closed","ping_status":"closed","sticky":false,"template":"","format":"standard","meta":[],"categories":[21],"tags":[],"_links":{"self":[{"href":"http:\/\/cordobadirecto.com\/index.php\/wp-json\/wp\/v2\/posts\/56003"}],"collection":[{"href":"http:\/\/cordobadirecto.com\/index.php\/wp-json\/wp\/v2\/posts"}],"about":[{"href":"http:\/\/cordobadirecto.com\/index.php\/wp-json\/wp\/v2\/types\/post"}],"author":[{"embeddable":true,"href":"http:\/\/cordobadirecto.com\/index.php\/wp-json\/wp\/v2\/users\/1"}],"replies":[{"embeddable":true,"href":"http:\/\/cordobadirecto.com\/index.php\/wp-json\/wp\/v2\/comments?post=56003"}],"version-history":[{"count":0,"href":"http:\/\/cordobadirecto.com\/index.php\/wp-json\/wp\/v2\/posts\/56003\/revisions"}],"wp:featuredmedia":[{"embeddable":true,"href":"http:\/\/cordobadirecto.com\/index.php\/wp-json\/wp\/v2\/media\/56004"}],"wp:attachment":[{"href":"http:\/\/cordobadirecto.com\/index.php\/wp-json\/wp\/v2\/media?parent=56003"}],"wp:term":[{"taxonomy":"category","embeddable":true,"href":"http:\/\/cordobadirecto.com\/index.php\/wp-json\/wp\/v2\/categories?post=56003"},{"taxonomy":"post_tag","embeddable":true,"href":"http:\/\/cordobadirecto.com\/index.php\/wp-json\/wp\/v2\/tags?post=56003"}],"curies":[{"name":"wp","href":"https:\/\/api.w.org\/{rel}","templated":true}]}}