{"id":56023,"date":"2022-04-25T18:08:00","date_gmt":"2022-04-25T18:08:00","guid":{"rendered":"http:\/\/cordobadirecto.com\/index.php\/2022\/04\/25\/macron-enfrenta-fuertes-retos-y-otra-eleccion-clave-en-francia\/"},"modified":"2022-04-25T18:08:00","modified_gmt":"2022-04-25T18:08:00","slug":"macron-enfrenta-fuertes-retos-y-otra-eleccion-clave-en-francia","status":"publish","type":"post","link":"http:\/\/cordobadirecto.com\/index.php\/2022\/04\/25\/macron-enfrenta-fuertes-retos-y-otra-eleccion-clave-en-francia\/","title":{"rendered":"Macron enfrenta fuertes retos y otra elecci\u00f3n clave en Francia"},"content":{"rendered":"<figure class=\"mb-3\"><img loading=\"lazy\" src=\"http:\/\/cordobadirecto.com\/wp-content\/uploads\/2022\/04\/macron-enfrenta-fuertes-retos-y-otra-eleccion-clave-en-francia.jpg\" width=\"100%\" height=\"100%\" alt=\"Telam SE\"><figcaption><\/figcaption><\/figure>\n<p>El presidente franc\u00e9s, <strong>Emmanuel Macron<\/strong>, reelecto el domingo frente a una ultraderecha en ascenso, deber\u00e1 enfrentar una serie de grandes desaf\u00edos, incluyendo el cambio clim\u00e1tico y la guerra en Ucrania y una pronta elecci\u00f3n legislativa crucial para su margen de maniobra.<\/p>\n<p><strong>&#8220;Los a\u00f1os venideros seguro que no ser\u00e1n tranquilos&#8221;<\/strong>, reconoci\u00f3 Macron, de 44 a\u00f1os, que obtuvo la confianza de un 58,5% de franceses para dirigir el pa\u00eds hasta 2027, frente a su rival de ultraderecha Marine Le Pen, de 53 a\u00f1os, a la que derrot\u00f3 el domingo en balotaje.<\/p>\n<p>En el plano ceremonial, siguiendo una larga tradici\u00f3n, <strong>el Consejo Constitucional de Francia publicar\u00e1 los resultados oficiales de la elecci\u00f3n el mi\u00e9rcoles pr\u00f3ximo, y el mismo d\u00eda Macron celebrar\u00e1 una reuni\u00f3n de gabinete<\/strong>, la primera desde su reelecci\u00f3n.<\/p>\n<p>Macron deber\u00e1 fijar luego una fecha para la ceremonia de su asunci\u00f3n, que tiene que ser antes del 13 de mayo en el Palacio del El\u00edseo. En el acto, el mandatario electo ser\u00e1 saludado por la Guardia Nacional y dar\u00e1 un discurso.<\/p>\n<p>La tradici\u00f3n marca que tienen que dispararse 21 salvas de ca\u00f1\u00f3n en la asunci\u00f3n, aunque los presidentes Francois Mitterrand y Jacques Chirac prefirieron evitar esto luego de ser reelectos en 1988 y 2002, respectivamente.<\/p>\n<p>Macron es el \u00fanico otro presidente de Francia que ha ganado un segundo mandato.<\/p>\n<h2 class>Viaje a Alemania<\/h2>\n<p>Al igual que hace cinco a\u00f1os, <strong>Macron planea viajar r\u00e1pidamente a Berl\u00edn<\/strong>, en l\u00ednea con la tradici\u00f3n de que el nuevo presidente electo haga su primer viaje al exterior, a la vecina Alemania, para celebrar la amistad de los pa\u00edses despu\u00e9s de m\u00faltiples guerras.<\/p>\n<p>En Alemania se reunir\u00e1 con el jefe de Gobierno, el canciller federal <strong>Olaf Scholz<\/strong>, y los esfuerzos para tratar de poner fin a la guerra en Ucrania seguramente estar\u00e1n al tope de la agenda.<\/p>\n<p>En alg\u00fan momento, tambi\u00e9n podr\u00eda viajar a Kiev para reunirse con el presidente ucraniano, <strong>Volodimir Zelenski<\/strong>, un viaje que dijo que solo har\u00eda con la condici\u00f3n de que tuviera \u201cun impacto \u00fatil\u201d.<\/p>\n<p>Macron habl\u00f3 con Zelenskyy y Scholz pocas horas despu\u00e9s de su victoria.<\/p>\n<p>La <strong>b\u00fasqueda de la unidad de la Uni\u00f3n Europea<\/strong> (UE) frente al conflicto en Ucrania y otras cuestiones tambi\u00e9n se espera que marque los primeros meses de su segundo mandato.<\/p>\n<p>Francia ejerce hasta la presidencia del Consejo Europeo (UE) hasta el 30 de junio.<\/p>\n<p>Se espera que el 9 de mayo Macron pronuncie un discurso sobre Europa en la ciudad francesa de Estrasburgo, sede del Parlamento Europeo, inform\u00f3 la agencia de noticias francesa AFP.<\/p>\n<h2 class>Diferentes visiones<\/h2>\n<p>Los pa\u00edses del bloque tienen visiones diferentes sobre si aplicar un embargo al gas ruso, luego de haber prohibido ya la importaci\u00f3n de carb\u00f3n ruso como represalia por la invasi\u00f3n a Ucrania. Alemania, cuya econom\u00eda depende en gran medida del gas ruso, es uno de los principales opositores a esta medida.<\/p>\n<p>En el plano interno, Macron dijo que una de sus prioridades ser\u00e1 aprobar una ley especial para apoyar el poder adquisitivo en medio del aumento de los precios de los alimentos y la energ\u00eda alimentado por el conflicto en Ucrania.<\/p>\n<p>El presidente deber\u00e1 tambi\u00e9n preparar la batalla de las elecciones legislativas del 12 y 19 de junio, que la ultraderecha y la izquierda plantean como una &#8220;tercera vuelta&#8221;, despu\u00e9s del balotaje de ayer y la primera vuelta de las presidenciales, celebradas el 10 de abril.<\/p>\n<p>Nada m\u00e1s conocerse la victoria de Macron, sus rivales derrotados salieron en tromba para advertir que buscar\u00e1n la revancha en junio.<\/p>\n<p>&#8220;Lanzamos esta noche la gran batalla electoral de las legislativas&#8221;, asegur\u00f3 Le Pen.<\/p>\n<p>&#8220;La tercera vuelta comienza esta noche&#8221;, dijo el l\u00edder de izquierda Jean-Luc M\u00e9lenchon, tercero en la primera vuelta con casi un 22% de votos.<\/p>\n<h2 class>Francia m\u00e1s independiente<\/h2>\n<p>Los comicios parlamentarios son clave para que el mandatario liberal pueda llevar a cabo su programa para una &#8220;Francia m\u00e1s independiente&#8221;, su proyecto &#8220;social y ecol\u00f3gico&#8221;, &#8220;basado en el trabajo&#8221;, como prometi\u00f3 el domingo por la noche.<\/p>\n<p>Su equipo pas\u00f3 a la ofensiva este lunes por la ma\u00f1ana.<\/p>\n<p>El jefe de los diputados de su partido La Rep\u00fablica en Marcha (LREM), Christophe Castaner, asegur\u00f3 que los franceses le dar\u00e1n &#8220;la ambici\u00f3n y los medios&#8221; para poder aplicar el programa con el que fue elegido.<\/p>\n<p>Entre sus promesas para transformar Francia figura el &#8220;renacimiento&#8221; de la energ\u00eda nuclear y alcanzar la neutralidad de carbono para 2050, pero tambi\u00e9n la impopular medida de atrasar la edad de jubilaci\u00f3n de los 62 a los 65 a\u00f1os.<\/p>\n<p>Una mayor\u00eda de franceses, seg\u00fan dos sondeos publicados justo despu\u00e9s de su reelecci\u00f3n, no quiere que el mandatario disponga de una mayor\u00eda parlamentaria, como la que goza desde 2017 en la c\u00e1mara baja.<\/p>\n<p>Esto abrir\u00eda la puerta a la &#8220;cohabitaci\u00f3n&#8221;, es decir tener que tener un primer ministro de otro partido diferente al del presidente.<\/p>\n<h2 class>Un frente rojo y verde<\/h2>\n<p>El partido de M\u00e9lenchon, ecologistas y comunistas negocian ya hacer un frente com\u00fan para las legislativas. En una extrema derecha dividida, tambi\u00e9n se alzaron voces para presentar un bloque unido.<\/p>\n<p>Otro frente ser\u00e1 el cambio clim\u00e1tico, cuyos efectos ya se sienten en todo el mundo.<\/p>\n<p>La principal tarea de Macron ser\u00e1 situar a Francia en una trayectoria de cara a cumplir el objetivo de reducir las emisiones en un 40% para 2030 respecto a 1990, en l\u00ednea con el Acuerdo de Par\u00eds, el tratado internacional sobre clima adoptado en 2015.<\/p>\n<p>La evidente fractura de Francia ser\u00e1 otro hueso duro de roer.<\/p>\n<p>El quinquenio que termina y el resultado de la presidencial esbozan una Francia dividida.<\/p>\n<p>M\u00e1s all\u00e1 de la protesta social de los &#8220;chalecos amarillos&#8221; en 2018 y 2019, los dos \u00faltimos a\u00f1os estuvieron marcados por los &#8220;antivax&#8221;, contrarios a la pol\u00edtica sanitaria para enfrentar la pandemia de coronavirus.<\/p>\n<p>Las frases pol\u00e9micas y salidas de tono de Macron, que parte de los franceses y de la oposici\u00f3n consideran despectivas y arrogantes, avivaron las crispaciones a lo largo de su primer mandato.<\/p>\n<h2 class>Llamado a la buena voluntad<\/h2>\n<p>El mandatario prometi\u00f3 que no dejar\u00eda a nadie atr\u00e1s y lanz\u00f3 un llamado a la buena voluntad y al respeto en un pa\u00eds &#8220;plagado de tantas dudas, de tantas divisiones&#8221;.<\/p>\n<p>La principal preocupaci\u00f3n de los franceses durante la elecci\u00f3n fue el poder adquisitivo, por lo que las primeras medidas del nuevo mandato se seguir\u00e1n de cerca.<\/p>\n<p>La pol\u00edtica de apoyar a los sectores m\u00e1s castigados por la crisis sanitaria y econ\u00f3mica permiti\u00f3 salvar empresas y empleos.<\/p>\n<p>Pero la creciente inflaci\u00f3n, impulsada especialmente por el costo de la energ\u00eda, sigue lastrando el poder adquisitivo. En marzo, se situ\u00f3 en el 4,5% interanual, un nivel in\u00e9dito desde los a\u00f1os 80. <\/p>\n","protected":false},"excerpt":{"rendered":"<p>El presidente franc\u00e9s, Emmanuel Macron, reelecto el domingo frente a una ultraderecha en ascenso, deber\u00e1 enfrentar una serie de grandes desaf\u00edos, incluyendo el cambio clim\u00e1tico y la guerra en Ucrania y una pronta elecci\u00f3n legislativa crucial para su margen de maniobra. &#8220;Los a\u00f1os venideros seguro que no ser\u00e1n tranquilos&#8221;, reconoci\u00f3 Macron, de 44 a\u00f1os, que [&hellip;]<\/p>\n","protected":false},"author":1,"featured_media":56024,"comment_status":"closed","ping_status":"closed","sticky":false,"template":"","format":"standard","meta":[],"categories":[24],"tags":[],"_links":{"self":[{"href":"http:\/\/cordobadirecto.com\/index.php\/wp-json\/wp\/v2\/posts\/56023"}],"collection":[{"href":"http:\/\/cordobadirecto.com\/index.php\/wp-json\/wp\/v2\/posts"}],"about":[{"href":"http:\/\/cordobadirecto.com\/index.php\/wp-json\/wp\/v2\/types\/post"}],"author":[{"embeddable":true,"href":"http:\/\/cordobadirecto.com\/index.php\/wp-json\/wp\/v2\/users\/1"}],"replies":[{"embeddable":true,"href":"http:\/\/cordobadirecto.com\/index.php\/wp-json\/wp\/v2\/comments?post=56023"}],"version-history":[{"count":0,"href":"http:\/\/cordobadirecto.com\/index.php\/wp-json\/wp\/v2\/posts\/56023\/revisions"}],"wp:featuredmedia":[{"embeddable":true,"href":"http:\/\/cordobadirecto.com\/index.php\/wp-json\/wp\/v2\/media\/56024"}],"wp:attachment":[{"href":"http:\/\/cordobadirecto.com\/index.php\/wp-json\/wp\/v2\/media?parent=56023"}],"wp:term":[{"taxonomy":"category","embeddable":true,"href":"http:\/\/cordobadirecto.com\/index.php\/wp-json\/wp\/v2\/categories?post=56023"},{"taxonomy":"post_tag","embeddable":true,"href":"http:\/\/cordobadirecto.com\/index.php\/wp-json\/wp\/v2\/tags?post=56023"}],"curies":[{"name":"wp","href":"https:\/\/api.w.org\/{rel}","templated":true}]}}