{"id":56029,"date":"2022-04-26T12:26:32","date_gmt":"2022-04-26T12:26:32","guid":{"rendered":"http:\/\/cordobadirecto.com\/index.php\/2022\/04\/26\/aerolineas-argentinas-anuncio-una-nueva-ruta-que-unira-san-pablo-cordoba-y-el-calafate-analisis\/"},"modified":"2022-04-26T12:26:32","modified_gmt":"2022-04-26T12:26:32","slug":"aerolineas-argentinas-anuncio-una-nueva-ruta-que-unira-san-pablo-cordoba-y-el-calafate-analisis","status":"publish","type":"post","link":"http:\/\/cordobadirecto.com\/index.php\/2022\/04\/26\/aerolineas-argentinas-anuncio-una-nueva-ruta-que-unira-san-pablo-cordoba-y-el-calafate-analisis\/","title":{"rendered":"Aerol\u00edneas Argentinas anunci\u00f3 una <b>nueva<\/b> ruta que unir\u00e1 San Pablo, <b>C\u00f3rdoba<\/b> y El Calafate | An\u00e1lisis"},"content":{"rendered":"<p>En busca de seguir fortaleciendo el turismo receptivo, la aerol\u00ednea de bandera abrir\u00e1 un <b>nuevo<\/b> corredor que unir\u00e1 Brasil con la Patagonia sin&nbsp;&#8230; <\/p>\n","protected":false},"excerpt":{"rendered":"<p>En busca de seguir fortaleciendo el turismo receptivo, la aerol\u00ednea de bandera abrir\u00e1 un nuevo corredor que unir\u00e1 Brasil con la Patagonia sin&nbsp;&#8230;<\/p>\n","protected":false},"author":1,"featured_media":0,"comment_status":"closed","ping_status":"closed","sticky":false,"template":"","format":"standard","meta":[],"categories":[40],"tags":[],"_links":{"self":[{"href":"http:\/\/cordobadirecto.com\/index.php\/wp-json\/wp\/v2\/posts\/56029"}],"collection":[{"href":"http:\/\/cordobadirecto.com\/index.php\/wp-json\/wp\/v2\/posts"}],"about":[{"href":"http:\/\/cordobadirecto.com\/index.php\/wp-json\/wp\/v2\/types\/post"}],"author":[{"embeddable":true,"href":"http:\/\/cordobadirecto.com\/index.php\/wp-json\/wp\/v2\/users\/1"}],"replies":[{"embeddable":true,"href":"http:\/\/cordobadirecto.com\/index.php\/wp-json\/wp\/v2\/comments?post=56029"}],"version-history":[{"count":0,"href":"http:\/\/cordobadirecto.com\/index.php\/wp-json\/wp\/v2\/posts\/56029\/revisions"}],"wp:attachment":[{"href":"http:\/\/cordobadirecto.com\/index.php\/wp-json\/wp\/v2\/media?parent=56029"}],"wp:term":[{"taxonomy":"category","embeddable":true,"href":"http:\/\/cordobadirecto.com\/index.php\/wp-json\/wp\/v2\/categories?post=56029"},{"taxonomy":"post_tag","embeddable":true,"href":"http:\/\/cordobadirecto.com\/index.php\/wp-json\/wp\/v2\/tags?post=56029"}],"curies":[{"name":"wp","href":"https:\/\/api.w.org\/{rel}","templated":true}]}}