{"id":56064,"date":"2022-04-26T11:33:12","date_gmt":"2022-04-26T11:33:12","guid":{"rendered":"https:\/\/www.bbc.com\/mundo\/noticias-america-latina-60830102"},"modified":"2022-04-26T11:33:12","modified_gmt":"2022-04-26T11:33:12","slug":"los-venezolanos-que-prosperan-en-peru-y-que-le-aportan-al-pais-que-los-acoge","status":"publish","type":"post","link":"http:\/\/cordobadirecto.com\/index.php\/2022\/04\/26\/los-venezolanos-que-prosperan-en-peru-y-que-le-aportan-al-pais-que-los-acoge\/","title":{"rendered":"Los venezolanos que prosperan en Per\u00fa (y qu\u00e9 le aportan al pa\u00eds que los acoge)"},"content":{"rendered":"<div dir=\"ltr\" class=\"e1j2237y5 bbc-q4ibpr e57qer20\">\n<div class=\"bbc-1atl7vu e1c9i7u14\">\n<ul role=\"list\" class=\"bbc-k0l9bd e1c9i7u12\">\n<li role=\"listitem\" class=\"bbc-1a3w4ok e1c9i7u11\">Guillermo D. Olmo @BBCgolmo<\/li>\n<li role=\"listitem\" class=\"bbc-1p92jtu e1c9i7u10\">Corresponsal de BBC News Mundo en Per\u00fa<\/li>\n<\/ul>\n<\/div>\n<\/div>\n<p><time datetime=\"2022-04-26\" class=\"bbc-14xtggo e4zesg50\">26 abril 2022<\/time><\/p>\n<div dir=\"ltr\" class=\"bbc-1ka88fa e57qer20\">\n<figure class=\"bbc-1qdcvv9 e6bmn90\">\n<div dir=\"ltr\" class=\"bbc-172p16q e57qer20\">\n<div dir=\"ltr\" class=\"bbc-189y18v e57qer20\" readability=\"6.5\">\n<div data-e2e=\"image-placeholder\" class=\"bbc-997y1y e1whu0\" readability=\"8\"><picture class=\"bbc-yfiktt e1enwo3v1\"><source srcset=\"https:\/\/ichef.bbci.co.uk\/news\/240\/cpsprodpb\/DD89\/production\/_123831765_gettyimages-1140636851.jpg.webp 240w, https:\/\/ichef.bbci.co.uk\/news\/320\/cpsprodpb\/DD89\/production\/_123831765_gettyimages-1140636851.jpg.webp 320w, https:\/\/ichef.bbci.co.uk\/news\/480\/cpsprodpb\/DD89\/production\/_123831765_gettyimages-1140636851.jpg.webp 480w, https:\/\/ichef.bbci.co.uk\/news\/624\/cpsprodpb\/DD89\/production\/_123831765_gettyimages-1140636851.jpg.webp 624w, https:\/\/ichef.bbci.co.uk\/news\/800\/cpsprodpb\/DD89\/production\/_123831765_gettyimages-1140636851.jpg.webp 800w\" type=\"image\/webp\" sizes=\"(min-width: 1008px) 645px, 100vw\"><source srcset=\"https:\/\/ichef.bbci.co.uk\/news\/240\/cpsprodpb\/DD89\/production\/_123831765_gettyimages-1140636851.jpg 240w, https:\/\/ichef.bbci.co.uk\/news\/320\/cpsprodpb\/DD89\/production\/_123831765_gettyimages-1140636851.jpg 320w, https:\/\/ichef.bbci.co.uk\/news\/480\/cpsprodpb\/DD89\/production\/_123831765_gettyimages-1140636851.jpg 480w, https:\/\/ichef.bbci.co.uk\/news\/624\/cpsprodpb\/DD89\/production\/_123831765_gettyimages-1140636851.jpg 624w, https:\/\/ichef.bbci.co.uk\/news\/800\/cpsprodpb\/DD89\/production\/_123831765_gettyimages-1140636851.jpg 800w\" type=\"image\/jpeg\" sizes=\"(min-width: 1008px) 645px, 100vw\"><img loading=\"lazy\" src=\"http:\/\/cordobadirecto.com\/wp-content\/uploads\/2022\/04\/los-venezolanos-que-prosperan-en-peru-y-que-le-aportan-al-pais-que-los-acoge.jpg\" alt=\"Venezolano en Lima.\" width=\"976\" height=\"549\" class=\"eehpdyc0 bbc-rb7xa0 e1enwo3v0\"><\/picture>\n<p role=\"text\" class=\"bbc-1s1cxbv etq3yw90\"><span class=\"bbc-1gnhmg2 e1yt7oin0\">Fuente de la imagen, <\/span><span lang=\"en-GB\">CRIS BOURONCLE \/ Getty<\/span><\/p>\n<\/div>\n<\/div>\n<\/div>\n<\/figure>\n<\/div>\n<div dir=\"ltr\" class=\"bbc-19j92fr e57qer20\" readability=\"8\">\n<p dir=\"ltr\" class=\"bbc-bm53ic e1cc2ql70\"><b>Per\u00fa se ha convertido en uno de los destinos preferentes para los venezolanos que abandonan su pa\u00eds por la crisis que sufre desde hace a\u00f1os.<\/b><\/p>\n<\/div>\n<div dir=\"ltr\" class=\"bbc-19j92fr e57qer20\" readability=\"9\">\n<p dir=\"ltr\" class=\"bbc-bm53ic e1cc2ql70\">Las \u00faltimas estimaciones del Alto Comisionado de Naciones Unidas para los Refugiados (Acnur) indican que hay 1,28 millones de venezolanos en el pa\u00eds.<\/p>\n<\/div>\n<div dir=\"ltr\" class=\"bbc-19j92fr e57qer20\" readability=\"13\">\n<p dir=\"ltr\" class=\"bbc-bm53ic e1cc2ql70\">Su afluencia ha supuesto un gran desaf\u00edo y a menudo se les asocia con un supuesto aumento en la inseguridad ciudadana que el primer ministro, An\u00edbal Torres, ha fijado como el &#8220;mayor problema&#8221; del pa\u00eds y ha llevado al gobierno a decretar un estado de emergencia en las provincias de Lima y Callao, las m\u00e1s pobladas. <\/p>\n<\/div>\n<div dir=\"ltr\" class=\"bbc-19j92fr e57qer20\" readability=\"11\">\n<p dir=\"ltr\" class=\"bbc-bm53ic e1cc2ql70\">Sin embargo, un reciente estudio de la Fundaci\u00f3n Konrad Adenauer y la Universidad Antonio Ruiz de Montoya se\u00f1ala que &#8220;la cobertura de muchos medios de comunicaci\u00f3n genera una percepci\u00f3n distorsionada sobre la magnitud de la delincuencia venezolana y la idea de un v\u00ednculo causal entre migraci\u00f3n y criminalidad&#8221;.<\/p>\n<\/div>\n<div dir=\"ltr\" class=\"bbc-19j92fr e57qer20\" readability=\"10\">\n<p dir=\"ltr\" class=\"bbc-bm53ic e1cc2ql70\">Otros estudios han mostrado el impacto positivo que ha tenido la llegada de los migrantes venezolanos en la econom\u00eda peruana. El Banco Central report\u00f3 en 2018 que los venezolanos contribuyeron en un 0,33% al crecimiento del Producto Interno Bruto. <\/p>\n<\/div>\n<div dir=\"ltr\" class=\"bbc-19j92fr e57qer20\" readability=\"10\">\n<p dir=\"ltr\" class=\"bbc-bm53ic e1cc2ql70\">Y seg\u00fan el Centro para el Desarrollo Econ\u00f3mico del Grupo Equilibrium, un 40% de los que llegan tiene estudios superiores, lo que supone un capital humano del que Per\u00fa se puede beneficiar. <\/p>\n<\/div>\n<div dir=\"ltr\" class=\"bbc-19j92fr e57qer20\" readability=\"9\">\n<p dir=\"ltr\" class=\"bbc-bm53ic e1cc2ql70\">No hace falta buscar mucho en el pa\u00eds para encontrar ejemplos de venezolanos que han encontrado en Per\u00fa una vida mejor, pero que tambi\u00e9n han mejorado a Per\u00fa. <\/p>\n<\/div>\n<div dir=\"ltr\" class=\"bbc-1ka88fa e57qer20\">\n<figure class=\"bbc-1qdcvv9 e6bmn90\">\n<div dir=\"ltr\" class=\"bbc-172p16q e57qer20\">\n<div dir=\"ltr\" class=\"bbc-189y18v e57qer20\" readability=\"6.5\">\n<div data-e2e=\"image-placeholder\" class=\"bbc-997y1y e1whu0\" readability=\"8\"><noscript><picture class=\"bbc-yfiktt e1enwo3v1\"><source srcset=\"http:\/\/cordobadirecto.com\/wp-content\/uploads\/2022\/04\/los-venezolanos-que-prosperan-en-peru-y-que-le-aportan-al-pais-que-los-acoge.webp 240w, http:\/\/cordobadirecto.com\/wp-content\/uploads\/2022\/04\/los-venezolanos-que-prosperan-en-peru-y-que-le-aportan-al-pais-que-los-acoge-1.webp 320w, http:\/\/cordobadirecto.com\/wp-content\/uploads\/2022\/04\/los-venezolanos-que-prosperan-en-peru-y-que-le-aportan-al-pais-que-los-acoge-2.webp 480w, http:\/\/cordobadirecto.com\/wp-content\/uploads\/2022\/04\/los-venezolanos-que-prosperan-en-peru-y-que-le-aportan-al-pais-que-los-acoge-3.webp 624w, http:\/\/cordobadirecto.com\/wp-content\/uploads\/2022\/04\/los-venezolanos-que-prosperan-en-peru-y-que-le-aportan-al-pais-que-los-acoge-4.webp 800w\" type=\"image\/webp\" sizes=\"(min-width: 1008px) 645px, 100vw\"><source srcset=\"https:\/\/ichef.bbci.co.uk\/news\/240\/cpsprodpb\/BE8D\/production\/_123818784_img_4736.jpg 240w, https:\/\/ichef.bbci.co.uk\/news\/320\/cpsprodpb\/BE8D\/production\/_123818784_img_4736.jpg 320w, https:\/\/ichef.bbci.co.uk\/news\/480\/cpsprodpb\/BE8D\/production\/_123818784_img_4736.jpg 480w, https:\/\/ichef.bbci.co.uk\/news\/624\/cpsprodpb\/BE8D\/production\/_123818784_img_4736.jpg 624w, https:\/\/ichef.bbci.co.uk\/news\/800\/cpsprodpb\/BE8D\/production\/_123818784_img_4736.jpg 800w\" type=\"image\/jpeg\" sizes=\"(min-width: 1008px) 645px, 100vw\"><img loading=\"lazy\" src=\"http:\/\/cordobadirecto.com\/wp-content\/uploads\/2022\/04\/los-venezolanos-que-prosperan-en-peru-y-que-le-aportan-al-pais-que-los-acoge-1.jpg\" alt=\"Jes\u00fas Andr\u00e9s Rubio.\" width=\"976\" height=\"549\" class=\"eehpdyc0 bbc-rb7xa0 e1enwo3v0\"><\/picture><\/noscript><\/p>\n<p role=\"text\" class=\"bbc-1s1cxbv etq3yw90\"><span class=\"bbc-1gnhmg2 e1yt7oin0\">Fuente de la imagen, <\/span><span lang=\"en-GB\">G. D. O. <\/span><\/p>\n<\/div>\n<\/div>\n<div dir=\"ltr\" class=\"bbc-3edg7g e57qer20\" readability=\"6\"><figcaption dir=\"ltr\" class=\"bbc-rhuvwm eede9f50\" readability=\"2\"><span class=\"bbc-1gnhmg2 e1yt7oin0\">Pie de foto, <\/span><\/p>\n<p>Jes\u00fas Andr\u00e9s Rubio empez\u00f3 una vida de cero en Per\u00fa.<\/p>\n<\/figcaption><\/div>\n<\/div>\n<\/figure>\n<\/div>\n<p><h2 id=\"Chucho-el-viajero-incansable\" tabindex=\"-1\" class=\"bbc-l3e97o e14hemmw0\">Chucho, el viajero incansable<\/h2>\n<\/p>\n<div dir=\"ltr\" class=\"bbc-19j92fr e57qer20\" readability=\"9\">\n<p dir=\"ltr\" class=\"bbc-bm53ic e1cc2ql70\">La vida de Jes\u00fas Andr\u00e9s Rubio, de 29 a\u00f1os, entr\u00f3 en erupci\u00f3n en 2014. <\/p>\n<\/div>\n<div dir=\"ltr\" class=\"bbc-19j92fr e57qer20\" readability=\"10\">\n<p dir=\"ltr\" class=\"bbc-bm53ic e1cc2ql70\">Chucho, como le llaman, fue uno de los muchos estudiantes venezolanos que se lanz\u00f3 a las calles a protestar contra el gobierno de <b>Nicol\u00e1s Maduro<\/b>. <\/p>\n<\/div>\n<div dir=\"ltr\" class=\"bbc-19j92fr e57qer20\" readability=\"10\">\n<p dir=\"ltr\" class=\"bbc-bm53ic e1cc2ql70\">Su activismo en un partido opositor y su popularidad entre sus vecinos lo convirtieron en una figura emergente de la pol\u00edtica en su ciudad natal, Valera, en el oeste de Venezuela. <\/p>\n<\/div>\n<div dir=\"ltr\" class=\"bbc-19j92fr e57qer20\" readability=\"8\">\n<p dir=\"ltr\" class=\"bbc-bm53ic e1cc2ql70\">En 2015 fue atropellado por un auto, un accidente que le cambi\u00f3 la vida. <\/p>\n<\/div>\n<div dir=\"ltr\" class=\"bbc-19j92fr e57qer20\" readability=\"9\">\n<p dir=\"ltr\" class=\"bbc-bm53ic e1cc2ql70\">Cay\u00f3 en coma y cuando despert\u00f3 hab\u00eda perdido el habla y la memoria, dice. Ni siquiera reconoc\u00eda a la joven con la que hab\u00eda iniciado una relaci\u00f3n pocos meses antes del atropello. <\/p>\n<\/div>\n<div dir=\"ltr\" class=\"bbc-19j92fr e57qer20\" readability=\"11\">\n<p dir=\"ltr\" class=\"bbc-bm53ic e1cc2ql70\">Solo despu\u00e9s de nueve operaciones y meses de rehabilitaci\u00f3n con unos m\u00e9dicos cubanos pudo volver a hablar y caminar. El nuevo Chucho ten\u00eda placas de metal en cr\u00e1neo, clav\u00edcula, brazos y piernas.<\/p>\n<\/div>\n<div dir=\"ltr\" class=\"bbc-19j92fr e57qer20\" readability=\"13\">\n<p dir=\"ltr\" class=\"bbc-bm53ic e1cc2ql70\">Aunque dice que recuper\u00f3 parte de la memoria, nunca record\u00f3 nada de lo ocurrido en su vida antes de cumplir 18 a\u00f1os. &#8220;Me sent\u00eda muy frustrado, porque mucha gente se acercaba a saludarme con cari\u00f1o y yo ten\u00eda que fingir alegrarme de verlos cuando en realidad no los recordaba&#8221;, le cont\u00f3 a BBC Mundo. <\/p>\n<\/div>\n<div dir=\"ltr\" class=\"bbc-19j92fr e57qer20\" readability=\"10\">\n<p dir=\"ltr\" class=\"bbc-bm53ic e1cc2ql70\">Sali\u00f3 de Venezuela en enero de 2018, despu\u00e9s de que las autoridades ordenaran su detenci\u00f3n por su papel en las protestas tres a\u00f1os antes, antes del accidente. <\/p>\n<\/div>\n<div dir=\"ltr\" class=\"bbc-19j92fr e57qer20\" readability=\"9\">\n<p dir=\"ltr\" class=\"bbc-bm53ic e1cc2ql70\">&#8220;Como ya no recordaba a casi nadie, pens\u00e9 que la orden de detenci\u00f3n era la se\u00f1al para empezar de cero en otro pa\u00eds&#8221;. <\/p>\n<\/div>\n<div dir=\"ltr\" class=\"bbc-19j92fr e57qer20\" readability=\"9\">\n<p dir=\"ltr\" class=\"bbc-bm53ic e1cc2ql70\">Con los US$278 que dice que le prest\u00f3 un amigo, Chucho emprendi\u00f3 un largo viaje saltando de un bus a otro a trav\u00e9s de varias fronteras.<\/p>\n<\/div>\n<div dir=\"ltr\" class=\"bbc-19j92fr e57qer20\" readability=\"10\">\n<p dir=\"ltr\" class=\"bbc-bm53ic e1cc2ql70\">&#8220;Mi plan era llegar hasta Chile, donde ten\u00eda contactos en el mundo de la pol\u00edtica, pero en Lima se me acab\u00f3 el dinero&#8221;. <\/p>\n<\/div>\n<div dir=\"ltr\" class=\"bbc-19j92fr e57qer20\" readability=\"9\">\n<p dir=\"ltr\" class=\"bbc-bm53ic e1cc2ql70\">Chucho a\u00fan no lo sab\u00eda, pero en su nuevo pa\u00eds iba sacarle partido a la que considera su mejor habilidad: su capacidad para viajar con muy poco dinero en el bolsillo. <\/p>\n<\/div>\n<div dir=\"ltr\" class=\"bbc-19j92fr e57qer20\" readability=\"10\">\n<p dir=\"ltr\" class=\"bbc-bm53ic e1cc2ql70\">Sus comienzos en Lima no fueron f\u00e1ciles. &#8220;Tuve muchos trabajos: en un almac\u00e9n de muebles, como repartidor a domicilio\u2026 Mientras, dorm\u00eda en un cuarto compartido con otras seis personas&#8221;. <\/p>\n<\/div>\n<div dir=\"ltr\" class=\"bbc-19j92fr e57qer20\" readability=\"8\">\n<p dir=\"ltr\" class=\"bbc-bm53ic e1cc2ql70\">Cuando ahorr\u00f3 lo suficiente pudo comprarse un auto usado con el que empez\u00f3 a trabajar de taxista y cumplir su sue\u00f1o de visitar Machu Picchu. <\/p>\n<\/div>\n<div dir=\"ltr\" class=\"bbc-19j92fr e57qer20\" readability=\"9\">\n<p dir=\"ltr\" class=\"bbc-bm53ic e1cc2ql70\">&#8220;Yo no lo recuerdo, pero mi mam\u00e1 dice que de ni\u00f1o me quedaba embobado viendo los documentales sobre Per\u00fa en la televisi\u00f3n&#8221;. <\/p>\n<\/div>\n<div dir=\"ltr\" class=\"bbc-19j92fr e57qer20\" readability=\"8\">\n<p dir=\"ltr\" class=\"bbc-bm53ic e1cc2ql70\">Empez\u00f3 a viajar siempre que pod\u00eda. Y siempre por muy poco dinero. Chucho presume de que es capaz de llegar desde Lima hasta la cima de Machu Picchu con solo US$70. <\/p>\n<\/div>\n<div dir=\"ltr\" class=\"bbc-19j92fr e57qer20\" readability=\"9\">\n<p dir=\"ltr\" class=\"bbc-bm53ic e1cc2ql70\">Fue un amigo el que le propuso crear una cuenta de Instagram en la que mostrar sus viajes, un consejo que cambiar\u00eda su suerte. <\/p>\n<\/div>\n<div class=\"bbc-sffzb7 e8v25yx0\">\n<div dir=\"ltr\" class=\"bbc-1ka88fa e57qer20\">\n<figure class=\"bbc-1qdcvv9 e6bmn90\">\n<div dir=\"ltr\" class=\"bbc-172p16q e57qer20\">\n<div dir=\"ltr\" class=\"bbc-189y18v e57qer20\">\n<div data-e2e=\"image-placeholder\" class=\"bbc-997y1y e1whu0\"><noscript><picture class=\"bbc-yfiktt e1enwo3v1\"><source srcset=\"http:\/\/cordobadirecto.com\/wp-content\/uploads\/2022\/04\/los-venezolanos-que-prosperan-en-peru-y-que-le-aportan-al-pais-que-los-acoge-5.webp 240w, http:\/\/cordobadirecto.com\/wp-content\/uploads\/2022\/04\/los-venezolanos-que-prosperan-en-peru-y-que-le-aportan-al-pais-que-los-acoge-6.webp 320w, http:\/\/cordobadirecto.com\/wp-content\/uploads\/2022\/04\/los-venezolanos-que-prosperan-en-peru-y-que-le-aportan-al-pais-que-los-acoge-7.webp 480w, http:\/\/cordobadirecto.com\/wp-content\/uploads\/2022\/04\/los-venezolanos-que-prosperan-en-peru-y-que-le-aportan-al-pais-que-los-acoge-8.webp 624w, http:\/\/cordobadirecto.com\/wp-content\/uploads\/2022\/04\/los-venezolanos-que-prosperan-en-peru-y-que-le-aportan-al-pais-que-los-acoge-9.webp 800w\" type=\"image\/webp\" sizes=\"(min-width: 1008px) 645px, 100vw\"><source srcset=\"https:\/\/ichef.bbci.co.uk\/news\/240\/cpsprodpb\/1A39\/production\/_123831760_img_5059.jpg 240w, https:\/\/ichef.bbci.co.uk\/news\/320\/cpsprodpb\/1A39\/production\/_123831760_img_5059.jpg 320w, https:\/\/ichef.bbci.co.uk\/news\/480\/cpsprodpb\/1A39\/production\/_123831760_img_5059.jpg 480w, https:\/\/ichef.bbci.co.uk\/news\/624\/cpsprodpb\/1A39\/production\/_123831760_img_5059.jpg 624w, https:\/\/ichef.bbci.co.uk\/news\/800\/cpsprodpb\/1A39\/production\/_123831760_img_5059.jpg 800w\" type=\"image\/jpeg\" sizes=\"(min-width: 1008px) 645px, 100vw\"><img loading=\"lazy\" src=\"http:\/\/cordobadirecto.com\/wp-content\/uploads\/2022\/04\/los-venezolanos-que-prosperan-en-peru-y-que-le-aportan-al-pais-que-los-acoge-2.jpg\" alt=\"Chucho con una llama en los Andes.\" width=\"976\" height=\"549\" class=\"eehpdyc0 bbc-rb7xa0 e1enwo3v0\"><\/picture><\/noscript><\/div>\n<\/div>\n<div dir=\"ltr\" class=\"bbc-3edg7g e57qer20\" readability=\"6\"><figcaption dir=\"ltr\" class=\"bbc-rhuvwm eede9f50\" readability=\"2\"><span class=\"bbc-1gnhmg2 e1yt7oin0\">Pie de foto, <\/span><\/p>\n<p>El sue\u00f1o de Chucho cuando era ni\u00f1o era viajar por Per\u00fa<\/p>\n<\/figcaption><\/div>\n<\/div>\n<\/figure>\n<\/div>\n<\/div>\n<div dir=\"ltr\" class=\"bbc-19j92fr e57qer20\" readability=\"11\">\n<p dir=\"ltr\" class=\"bbc-bm53ic e1cc2ql70\">Su cuenta, que hoy tiene m\u00e1s de 50.000 seguidores, fue ganando popularidad, pero termin\u00f3 de despegar de la manera m\u00e1s inesperada. <\/p>\n<\/div>\n<div dir=\"ltr\" class=\"bbc-19j92fr e57qer20\" readability=\"14\">\n<p dir=\"ltr\" class=\"bbc-bm53ic e1cc2ql70\">&#8220;Un amigo peruano me pidi\u00f3 que lo llevara en mi carro a Cuzco porque ten\u00eda que enterrar a su madre, que hab\u00eda muerto de covid all\u00ed. Mientras \u00e9l hac\u00eda los tr\u00e1mites, que se demoraron dos semanas, me dediqu\u00e9 a recorrer la zona y publicar. Era la pandemia, casi nadie viajaba entonces y gan\u00e9 muchos seguidores&#8221;.<\/p>\n<\/div>\n<div dir=\"ltr\" class=\"bbc-19j92fr e57qer20\" readability=\"9\">\n<p dir=\"ltr\" class=\"bbc-bm53ic e1cc2ql70\">De vuelta en Lima, les propuso a sus seguidores acompa\u00f1arlo a excursiones por lugares de la capital peruana que no figuran en las gu\u00edas de viajes. <\/p>\n<\/div>\n<div dir=\"ltr\" class=\"bbc-19j92fr e57qer20\" readability=\"7\">\n<p dir=\"ltr\" class=\"bbc-bm53ic e1cc2ql70\">&#8220;Aparec\u00edan siempre docenas de venezolanos&#8221;. <\/p>\n<\/div>\n<div dir=\"ltr\" class=\"bbc-19j92fr e57qer20\" readability=\"13\">\n<p dir=\"ltr\" class=\"bbc-bm53ic e1cc2ql70\">Al principio eran paseos gratis, pero Chucho comprendi\u00f3 que lo que se tra\u00eda entre manos era un negocio en ciernes. Despu\u00e9s de darle muchas vueltas bautiz\u00f3 su cuenta de Instagram como &#8220;Turistteando&#8221; y empez\u00f3 a ofrecer diferentes destinos y paquetes, siempre a muy bajo coste, para que los inmigrantes venezolanos sin muchos ingresos puedan costearlos. <\/p>\n<\/div>\n<div dir=\"ltr\" class=\"bbc-19j92fr e57qer20\" readability=\"7\">\n<p dir=\"ltr\" class=\"bbc-bm53ic e1cc2ql70\">Entonces cometi\u00f3 un error. <\/p>\n<\/div>\n<div dir=\"ltr\" class=\"bbc-19j92fr e57qer20\" readability=\"11\">\n<p dir=\"ltr\" class=\"bbc-bm53ic e1cc2ql70\">&#8220;Hab\u00eda preparado un viaje con 18 cupos a Cuzco, pero al publicarlo en Instagram pegu\u00e9 al final del texto los datos de mi cuenta bancaria sin darme cuenta. Esa misma tarde me llamaron del banco para decirme que la hab\u00edan bloqueado porque hab\u00edan llegado demasiadas transferencias en muy poco tiempo&#8221;. <\/p>\n<\/div>\n<div dir=\"ltr\" class=\"bbc-19j92fr e57qer20\" readability=\"8\">\n<p dir=\"ltr\" class=\"bbc-bm53ic e1cc2ql70\">Result\u00f3 que los interesados en el viaje a Cuzco eran muchos m\u00e1s de los que Chucho hab\u00eda previsto y se hab\u00edan apresurado todos a hacer el pago depositando el importe en la cuenta. <\/p>\n<\/div>\n<div dir=\"ltr\" class=\"bbc-19j92fr e57qer20\" readability=\"7\">\n<p dir=\"ltr\" class=\"bbc-bm53ic e1cc2ql70\">&#8220;Ten\u00eda dos opciones: devolverles el dinero o hacerlo a lo grande&#8221;.<\/p>\n<\/div>\n<div dir=\"ltr\" class=\"bbc-19j92fr e57qer20\" readability=\"8\">\n<p dir=\"ltr\" class=\"bbc-bm53ic e1cc2ql70\">Opt\u00f3 por lo segundo. Se pas\u00f3 tres d\u00edas comprando por internet los billetes de avi\u00f3n de las 68 personas que se hab\u00edan apuntado. <\/p>\n<\/div>\n<div dir=\"ltr\" class=\"bbc-19j92fr e57qer20\" readability=\"8\">\n<p dir=\"ltr\" class=\"bbc-bm53ic e1cc2ql70\">&#8220;Al final me llam\u00f3 la aerol\u00ednea y me dijo que como hab\u00eda llenado el avi\u00f3n me pondr\u00edan un vuelo ch\u00e1rter y yo decidir\u00eda el horario&#8221;. <\/p>\n<\/div>\n<div dir=\"ltr\" class=\"bbc-1ka88fa e57qer20\">\n<figure class=\"bbc-1qdcvv9 e6bmn90\">\n<div dir=\"ltr\" class=\"bbc-172p16q e57qer20\">\n<div dir=\"ltr\" class=\"bbc-189y18v e57qer20\">\n<div data-e2e=\"image-placeholder\" class=\"bbc-997y1y e1whu0\"><noscript><picture class=\"bbc-yfiktt e1enwo3v1\"><source srcset=\"http:\/\/cordobadirecto.com\/wp-content\/uploads\/2022\/04\/los-venezolanos-que-prosperan-en-peru-y-que-le-aportan-al-pais-que-los-acoge-10.webp 240w, http:\/\/cordobadirecto.com\/wp-content\/uploads\/2022\/04\/los-venezolanos-que-prosperan-en-peru-y-que-le-aportan-al-pais-que-los-acoge-11.webp 320w, http:\/\/cordobadirecto.com\/wp-content\/uploads\/2022\/04\/los-venezolanos-que-prosperan-en-peru-y-que-le-aportan-al-pais-que-los-acoge-12.webp 480w, http:\/\/cordobadirecto.com\/wp-content\/uploads\/2022\/04\/los-venezolanos-que-prosperan-en-peru-y-que-le-aportan-al-pais-que-los-acoge-13.webp 624w, http:\/\/cordobadirecto.com\/wp-content\/uploads\/2022\/04\/los-venezolanos-que-prosperan-en-peru-y-que-le-aportan-al-pais-que-los-acoge-14.webp 800w\" type=\"image\/webp\" sizes=\"(min-width: 1008px) 645px, 100vw\"><source srcset=\"https:\/\/ichef.bbci.co.uk\/news\/240\/cpsprodpb\/127C1\/production\/_123831757_img_9422.jpg 240w, https:\/\/ichef.bbci.co.uk\/news\/320\/cpsprodpb\/127C1\/production\/_123831757_img_9422.jpg 320w, https:\/\/ichef.bbci.co.uk\/news\/480\/cpsprodpb\/127C1\/production\/_123831757_img_9422.jpg 480w, https:\/\/ichef.bbci.co.uk\/news\/624\/cpsprodpb\/127C1\/production\/_123831757_img_9422.jpg 624w, https:\/\/ichef.bbci.co.uk\/news\/800\/cpsprodpb\/127C1\/production\/_123831757_img_9422.jpg 800w\" type=\"image\/jpeg\" sizes=\"(min-width: 1008px) 645px, 100vw\"><img loading=\"lazy\" src=\"http:\/\/cordobadirecto.com\/wp-content\/uploads\/2022\/04\/los-venezolanos-que-prosperan-en-peru-y-que-le-aportan-al-pais-que-los-acoge-3.jpg\" alt=\"Jes\u00fas Rubio y un grupo de turistas venezolanos en Per\u00fa.\" width=\"976\" height=\"549\" class=\"eehpdyc0 bbc-rb7xa0 e1enwo3v0\"><\/picture><\/noscript><\/div>\n<\/div>\n<div dir=\"ltr\" class=\"bbc-3edg7g e57qer20\" readability=\"6\"><figcaption dir=\"ltr\" class=\"bbc-rhuvwm eede9f50\" readability=\"2\"><span class=\"bbc-1gnhmg2 e1yt7oin0\">Pie de foto, <\/span><\/p>\n<p>Jes\u00fas Rubio descubri\u00f3 que muchos venezolanos quer\u00edan viajar como \u00e9l por Per\u00fa.<\/p>\n<\/figcaption><\/div>\n<\/div>\n<\/figure>\n<\/div>\n<div dir=\"ltr\" class=\"bbc-19j92fr e57qer20\" readability=\"9\">\n<p dir=\"ltr\" class=\"bbc-bm53ic e1cc2ql70\">Desde entonces, <b>Chucho ha ido ampliando su red<\/b><b> de<\/b><b> destinos y trabaja con hoteles y restaurantes locales que se benefician con sus clientes<\/b><b>. <\/b>18 personas trabajan con \u00e9l. <\/p>\n<\/div>\n<div dir=\"ltr\" class=\"bbc-19j92fr e57qer20\" readability=\"8\">\n<p dir=\"ltr\" class=\"bbc-bm53ic e1cc2ql70\">Tambi\u00e9n se ha convertido en la imagen de una marca de motos que le facilita una y el mantenimiento gratuito a cambio de que aparezca montando sus modelos en sus publicaciones en redes. <\/p>\n<\/div>\n<div dir=\"ltr\" class=\"bbc-19j92fr e57qer20\" readability=\"9\">\n<p dir=\"ltr\" class=\"bbc-bm53ic e1cc2ql70\">Y a sus clientes venezolanos se han acabado sumando peruanos que quieren conocer los tesoros de su pa\u00eds, pero que no tienen ni demasiado tiempo ni demasiado dinero para hacerlo. <\/p>\n<\/div>\n<div dir=\"ltr\" class=\"bbc-19j92fr e57qer20\" readability=\"8\">\n<p dir=\"ltr\" class=\"bbc-bm53ic e1cc2ql70\">&#8220;Mi proyecto ayuda a esos peruanos y venezolanos que se pasan toda la vida trabajando. Conmigo pueden tener un d\u00eda diferente y pasarlo bien juntos&#8221;. <\/p>\n<\/div>\n<div dir=\"ltr\" class=\"bbc-1ka88fa e57qer20\">\n<figure class=\"bbc-1qdcvv9 e6bmn90\">\n<div dir=\"ltr\" class=\"bbc-172p16q e57qer20\">\n<div dir=\"ltr\" class=\"bbc-189y18v e57qer20\">\n<div data-e2e=\"image-placeholder\" class=\"bbc-997y1y e1whu0\"><noscript><picture class=\"bbc-yfiktt e1enwo3v1\"><source srcset=\"http:\/\/cordobadirecto.com\/wp-content\/uploads\/2022\/04\/los-venezolanos-que-prosperan-en-peru-y-que-le-aportan-al-pais-que-los-acoge-15.webp 240w, http:\/\/cordobadirecto.com\/wp-content\/uploads\/2022\/04\/los-venezolanos-que-prosperan-en-peru-y-que-le-aportan-al-pais-que-los-acoge-16.webp 320w, http:\/\/cordobadirecto.com\/wp-content\/uploads\/2022\/04\/los-venezolanos-que-prosperan-en-peru-y-que-le-aportan-al-pais-que-los-acoge-17.webp 480w, http:\/\/cordobadirecto.com\/wp-content\/uploads\/2022\/04\/los-venezolanos-que-prosperan-en-peru-y-que-le-aportan-al-pais-que-los-acoge-18.webp 624w, http:\/\/cordobadirecto.com\/wp-content\/uploads\/2022\/04\/los-venezolanos-que-prosperan-en-peru-y-que-le-aportan-al-pais-que-los-acoge.png.webp 640w\" type=\"image\/webp\" sizes=\"(min-width: 1008px) 645px, 100vw\"><source srcset=\"https:\/\/ichef.bbci.co.uk\/news\/240\/cpsprodpb\/1226D\/production\/_105894347_grey_line-nc.png 240w, https:\/\/ichef.bbci.co.uk\/news\/320\/cpsprodpb\/1226D\/production\/_105894347_grey_line-nc.png 320w, https:\/\/ichef.bbci.co.uk\/news\/480\/cpsprodpb\/1226D\/production\/_105894347_grey_line-nc.png 480w, https:\/\/ichef.bbci.co.uk\/news\/624\/cpsprodpb\/1226D\/production\/_105894347_grey_line-nc.png 624w, http:\/\/cordobadirecto.com\/wp-content\/uploads\/2022\/04\/los-venezolanos-que-prosperan-en-peru-y-que-le-aportan-al-pais-que-los-acoge.png 640w\" type=\"image\/png\" sizes=\"(min-width: 1008px) 645px, 100vw\"><img loading=\"lazy\" src=\"http:\/\/cordobadirecto.com\/wp-content\/uploads\/2022\/04\/los-venezolanos-que-prosperan-en-peru-y-que-le-aportan-al-pais-que-los-acoge.png\" alt=\"2px presentational grey line\" width=\"640\" height=\"2\" class=\"eehpdyc0 bbc-rb7xa0 e1enwo3v0\"><\/picture><\/noscript><\/div>\n<\/div>\n<\/div>\n<\/figure>\n<\/div>\n<div dir=\"ltr\" class=\"bbc-1ka88fa e57qer20\">\n<figure class=\"bbc-1qdcvv9 e6bmn90\">\n<div dir=\"ltr\" class=\"bbc-172p16q e57qer20\">\n<div dir=\"ltr\" class=\"bbc-189y18v e57qer20\" readability=\"6.5\">\n<div data-e2e=\"image-placeholder\" class=\"bbc-997y1y e1whu0\" readability=\"8\"><noscript><picture class=\"bbc-yfiktt e1enwo3v1\"><source srcset=\"http:\/\/cordobadirecto.com\/wp-content\/uploads\/2022\/04\/los-venezolanos-que-prosperan-en-peru-y-que-le-aportan-al-pais-que-los-acoge-20.webp 240w, http:\/\/cordobadirecto.com\/wp-content\/uploads\/2022\/04\/los-venezolanos-que-prosperan-en-peru-y-que-le-aportan-al-pais-que-los-acoge-21.webp 320w, http:\/\/cordobadirecto.com\/wp-content\/uploads\/2022\/04\/los-venezolanos-que-prosperan-en-peru-y-que-le-aportan-al-pais-que-los-acoge-22.webp 480w, http:\/\/cordobadirecto.com\/wp-content\/uploads\/2022\/04\/los-venezolanos-que-prosperan-en-peru-y-que-le-aportan-al-pais-que-los-acoge-23.webp 624w, http:\/\/cordobadirecto.com\/wp-content\/uploads\/2022\/04\/los-venezolanos-que-prosperan-en-peru-y-que-le-aportan-al-pais-que-los-acoge-24.webp 800w\" type=\"image\/webp\" sizes=\"(min-width: 1008px) 645px, 100vw\"><source srcset=\"https:\/\/ichef.bbci.co.uk\/news\/240\/cpsprodpb\/E59D\/production\/_123818785_leydi-lima.jpg 240w, https:\/\/ichef.bbci.co.uk\/news\/320\/cpsprodpb\/E59D\/production\/_123818785_leydi-lima.jpg 320w, https:\/\/ichef.bbci.co.uk\/news\/480\/cpsprodpb\/E59D\/production\/_123818785_leydi-lima.jpg 480w, https:\/\/ichef.bbci.co.uk\/news\/624\/cpsprodpb\/E59D\/production\/_123818785_leydi-lima.jpg 624w, https:\/\/ichef.bbci.co.uk\/news\/800\/cpsprodpb\/E59D\/production\/_123818785_leydi-lima.jpg 800w\" type=\"image\/jpeg\" sizes=\"(min-width: 1008px) 645px, 100vw\"><img loading=\"lazy\" src=\"http:\/\/cordobadirecto.com\/wp-content\/uploads\/2022\/04\/los-venezolanos-que-prosperan-en-peru-y-que-le-aportan-al-pais-que-los-acoge-4.jpg\" alt=\"Leidy Lima y sus alumnas.\" width=\"976\" height=\"549\" class=\"eehpdyc0 bbc-rb7xa0 e1enwo3v0\"><\/picture><\/noscript><\/p>\n<p role=\"text\" class=\"bbc-1s1cxbv etq3yw90\"><span class=\"bbc-1gnhmg2 e1yt7oin0\">Fuente de la imagen, <\/span><span lang=\"en-GB\">G. D. O. <\/span><\/p>\n<\/div>\n<\/div>\n<div dir=\"ltr\" class=\"bbc-3edg7g e57qer20\" readability=\"6\"><figcaption dir=\"ltr\" class=\"bbc-rhuvwm eede9f50\" readability=\"2\"><span class=\"bbc-1gnhmg2 e1yt7oin0\">Pie de foto, <\/span><\/p>\n<p>El taller de manicura de Leidy no ha dejado de ganar alumnas.<\/p>\n<\/figcaption><\/div>\n<\/div>\n<\/figure>\n<\/div>\n<p><h2 id=\"Leidy-Lima-mucho-m\u00e1s-que-una-manicurista\" tabindex=\"-1\" class=\"bbc-l3e97o e14hemmw0\">Leidy Lima, mucho m\u00e1s que una manicurista<\/h2>\n<\/p>\n<div dir=\"ltr\" class=\"bbc-19j92fr e57qer20\" readability=\"10\">\n<p dir=\"ltr\" class=\"bbc-bm53ic e1cc2ql70\">Con ese apellido, Leidy Lima, de 35 a\u00f1os, ten\u00eda que terminar en la capital de Per\u00fa. <\/p>\n<\/div>\n<div dir=\"ltr\" class=\"bbc-19j92fr e57qer20\" readability=\"10\">\n<p dir=\"ltr\" class=\"bbc-bm53ic e1cc2ql70\">&#8220;Nunca estuvo en mis planes salir de Venezuela, pero viv\u00edamos en Guarenas y se estaba haciendo cada vez m\u00e1s dif\u00edcil conseguir comida. Mi tercer hijo estaba a punto de nacer y no quer\u00eda que viviera en esa precariedad&#8221;. <\/p>\n<\/div>\n<div dir=\"ltr\" class=\"bbc-19j92fr e57qer20\" readability=\"9\">\n<p dir=\"ltr\" class=\"bbc-bm53ic e1cc2ql70\">Para conseguir lo que su familia necesitaba, su marido viajaba peri\u00f3dicamente al estado fronterizo de Zulia y cruzaba a Colombia. <\/p>\n<\/div>\n<div dir=\"ltr\" class=\"bbc-19j92fr e57qer20\" readability=\"7\">\n<p dir=\"ltr\" class=\"bbc-bm53ic e1cc2ql70\">Hasta que un d\u00eda decidi\u00f3 marcharse a Per\u00fa a probar suerte. <\/p>\n<\/div>\n<div dir=\"ltr\" class=\"bbc-19j92fr e57qer20\" readability=\"10\">\n<p dir=\"ltr\" class=\"bbc-bm53ic e1cc2ql70\">&#8220;A los pocos meses de marcharse \u00e9l, me dijo que yo tambi\u00e9n deb\u00eda irme cuanto antes, porque se iba a poner m\u00e1s dif\u00edcil conseguir la documentaci\u00f3n all\u00ed&#8221;. <\/p>\n<\/div>\n<div dir=\"ltr\" class=\"bbc-19j92fr e57qer20\" readability=\"7\">\n<p dir=\"ltr\" class=\"bbc-bm53ic e1cc2ql70\">Dej\u00f3 a sus hijas con su madre y parti\u00f3 para Per\u00fa. Era octubre de 2018. <\/p>\n<\/div>\n<div dir=\"ltr\" class=\"bbc-19j92fr e57qer20\" readability=\"9\">\n<p dir=\"ltr\" class=\"bbc-bm53ic e1cc2ql70\">&#8220;Al principio viv\u00edamos en un apartamento que compart\u00edamos con otros 10 venezolanos. Hab\u00eda que hacer turnos porque \u00e9ramos muchos y la cocina solo ten\u00eda dos hornillas. No pod\u00edamos pagar otra cosa&#8221;.<\/p>\n<\/div>\n<div dir=\"ltr\" class=\"bbc-19j92fr e57qer20\" readability=\"9\">\n<p dir=\"ltr\" class=\"bbc-bm53ic e1cc2ql70\">Aunque a algunos de los otros inquilinos no les gust\u00f3, Leidy decidi\u00f3 arrancar con el proyecto con el que se ganaba la vida en su pa\u00eds: impartir talleres formativos de manicura y cosm\u00e9tica.<\/p>\n<\/div>\n<div dir=\"ltr\" class=\"bbc-19j92fr e57qer20\" readability=\"8\">\n<p dir=\"ltr\" class=\"bbc-bm53ic e1cc2ql70\">&#8220;Al principio, mi \u00fanico objetivo era ahorrar para volver a Venezuela a por las ni\u00f1as&#8221;. <\/p>\n<\/div>\n<div dir=\"ltr\" class=\"bbc-19j92fr e57qer20\" readability=\"8\">\n<p dir=\"ltr\" class=\"bbc-bm53ic e1cc2ql70\">Solo su marido cre\u00eda en ella. Le dec\u00eda: &#8220;Tranquila, las alumnas acabar\u00e1n llegando&#8221;. <\/p>\n<\/div>\n<div dir=\"ltr\" class=\"bbc-19j92fr e57qer20\" readability=\"9\">\n<p dir=\"ltr\" class=\"bbc-bm53ic e1cc2ql70\">Ten\u00eda raz\u00f3n. &#8220;Las cosas empezaron a funcionar y pudimos mudarnos a nuestro propio apartamento&#8221;. Como all\u00ed ten\u00eda m\u00e1s espacio, pudo aumentar el n\u00famero de alumnas. <\/p>\n<\/div>\n<div dir=\"ltr\" class=\"bbc-19j92fr e57qer20\" readability=\"7\">\n<p dir=\"ltr\" class=\"bbc-bm53ic e1cc2ql70\">&#8220;Montamos un p\u00e9nsum completo y empezaron a inscribirse tambi\u00e9n peruanas&#8221;. <\/p>\n<\/div>\n<div dir=\"ltr\" class=\"bbc-19j92fr e57qer20\" readability=\"10\">\n<p dir=\"ltr\" class=\"bbc-bm53ic e1cc2ql70\">&#8220;Algunas vienen de otros lugares del pa\u00eds&#8221;, cuenta Leidy con orgullo en el local que ha alquilado no hace mucho en Miraflores, una de las zonas m\u00e1s cotizadas de Lima. <\/p>\n<\/div>\n<div dir=\"ltr\" class=\"bbc-19j92fr e57qer20\" readability=\"7\">\n<p dir=\"ltr\" class=\"bbc-bm53ic e1cc2ql70\">Ha sido el \u00faltimo salto de un negocio en el que hay mucho m\u00e1s que u\u00f1as acr\u00edlicas y maquillaje. <\/p>\n<\/div>\n<div dir=\"ltr\" class=\"bbc-19j92fr e57qer20\" readability=\"8\">\n<p dir=\"ltr\" class=\"bbc-bm53ic e1cc2ql70\">&#8220;En Per\u00fa muchos hombres piensan que las mujeres deben quedarse en casa cuidando a los hijos y aqu\u00ed les ense\u00f1amos un oficio con el que pueden alcanzar su independencia econ\u00f3mica&#8221;. <\/p>\n<\/div>\n<div dir=\"ltr\" class=\"bbc-19j92fr e57qer20\" readability=\"8\">\n<p dir=\"ltr\" class=\"bbc-bm53ic e1cc2ql70\">&#8220;Las formamos en t\u00e9cnicas de marketing digital y les explicamos c\u00f3mo atender sus redes sociales porque el objetivo es que puedan actuar como empresarias&#8221;. <\/p>\n<\/div>\n<div dir=\"ltr\" class=\"bbc-19j92fr e57qer20\" readability=\"7\">\n<p dir=\"ltr\" class=\"bbc-bm53ic e1cc2ql70\">Ya son m\u00e1s de 200 las mujeres que han pasado por sus cursos y espera que sean muchas m\u00e1s. <\/p>\n<\/div>\n<div dir=\"ltr\" class=\"bbc-19j92fr e57qer20\" readability=\"9\">\n<p dir=\"ltr\" class=\"bbc-bm53ic e1cc2ql70\">&#8220;Pudimos habernos quedado en la queja, pero decid\u00ed apoyarme en la receptividad de mis alumnas para avanzar&#8221;. <\/p>\n<\/div>\n<div dir=\"ltr\" class=\"bbc-1ka88fa e57qer20\">\n<figure class=\"bbc-1qdcvv9 e6bmn90\">\n<div dir=\"ltr\" class=\"bbc-172p16q e57qer20\">\n<div dir=\"ltr\" class=\"bbc-189y18v e57qer20\">\n<div data-e2e=\"image-placeholder\" class=\"bbc-997y1y e1whu0\"><noscript><picture class=\"bbc-yfiktt e1enwo3v1\"><source srcset=\"http:\/\/cordobadirecto.com\/wp-content\/uploads\/2022\/04\/los-venezolanos-que-prosperan-en-peru-y-que-le-aportan-al-pais-que-los-acoge-15.webp 240w, http:\/\/cordobadirecto.com\/wp-content\/uploads\/2022\/04\/los-venezolanos-que-prosperan-en-peru-y-que-le-aportan-al-pais-que-los-acoge-16.webp 320w, http:\/\/cordobadirecto.com\/wp-content\/uploads\/2022\/04\/los-venezolanos-que-prosperan-en-peru-y-que-le-aportan-al-pais-que-los-acoge-17.webp 480w, http:\/\/cordobadirecto.com\/wp-content\/uploads\/2022\/04\/los-venezolanos-que-prosperan-en-peru-y-que-le-aportan-al-pais-que-los-acoge-18.webp 624w, http:\/\/cordobadirecto.com\/wp-content\/uploads\/2022\/04\/los-venezolanos-que-prosperan-en-peru-y-que-le-aportan-al-pais-que-los-acoge.png.webp 640w\" type=\"image\/webp\" sizes=\"(min-width: 1008px) 645px, 100vw\"><source srcset=\"https:\/\/ichef.bbci.co.uk\/news\/240\/cpsprodpb\/1226D\/production\/_105894347_grey_line-nc.png 240w, https:\/\/ichef.bbci.co.uk\/news\/320\/cpsprodpb\/1226D\/production\/_105894347_grey_line-nc.png 320w, https:\/\/ichef.bbci.co.uk\/news\/480\/cpsprodpb\/1226D\/production\/_105894347_grey_line-nc.png 480w, https:\/\/ichef.bbci.co.uk\/news\/624\/cpsprodpb\/1226D\/production\/_105894347_grey_line-nc.png 624w, http:\/\/cordobadirecto.com\/wp-content\/uploads\/2022\/04\/los-venezolanos-que-prosperan-en-peru-y-que-le-aportan-al-pais-que-los-acoge.png 640w\" type=\"image\/png\" sizes=\"(min-width: 1008px) 645px, 100vw\"><img loading=\"lazy\" src=\"http:\/\/cordobadirecto.com\/wp-content\/uploads\/2022\/04\/los-venezolanos-que-prosperan-en-peru-y-que-le-aportan-al-pais-que-los-acoge.png\" alt=\"2px presentational grey line\" width=\"640\" height=\"2\" class=\"eehpdyc0 bbc-rb7xa0 e1enwo3v0\"><\/picture><\/noscript><\/div>\n<\/div>\n<\/div>\n<\/figure>\n<\/div>\n<div dir=\"ltr\" class=\"bbc-1ka88fa e57qer20\">\n<figure class=\"bbc-1qdcvv9 e6bmn90\">\n<div dir=\"ltr\" class=\"bbc-172p16q e57qer20\">\n<div dir=\"ltr\" class=\"bbc-189y18v e57qer20\" readability=\"6.5\">\n<div data-e2e=\"image-placeholder\" class=\"bbc-997y1y e1whu0\" readability=\"8\"><noscript><picture class=\"bbc-yfiktt e1enwo3v1\"><source srcset=\"http:\/\/cordobadirecto.com\/wp-content\/uploads\/2022\/04\/los-venezolanos-que-prosperan-en-peru-y-que-le-aportan-al-pais-que-los-acoge-25.webp 240w, http:\/\/cordobadirecto.com\/wp-content\/uploads\/2022\/04\/los-venezolanos-que-prosperan-en-peru-y-que-le-aportan-al-pais-que-los-acoge-26.webp 320w, http:\/\/cordobadirecto.com\/wp-content\/uploads\/2022\/04\/los-venezolanos-que-prosperan-en-peru-y-que-le-aportan-al-pais-que-los-acoge-27.webp 480w, http:\/\/cordobadirecto.com\/wp-content\/uploads\/2022\/04\/los-venezolanos-que-prosperan-en-peru-y-que-le-aportan-al-pais-que-los-acoge-28.webp 624w, http:\/\/cordobadirecto.com\/wp-content\/uploads\/2022\/04\/los-venezolanos-que-prosperan-en-peru-y-que-le-aportan-al-pais-que-los-acoge-29.webp 800w\" type=\"image\/webp\" sizes=\"(min-width: 1008px) 645px, 100vw\"><source srcset=\"https:\/\/ichef.bbci.co.uk\/news\/240\/cpsprodpb\/977D\/production\/_123818783_img_4765.jpg 240w, https:\/\/ichef.bbci.co.uk\/news\/320\/cpsprodpb\/977D\/production\/_123818783_img_4765.jpg 320w, https:\/\/ichef.bbci.co.uk\/news\/480\/cpsprodpb\/977D\/production\/_123818783_img_4765.jpg 480w, https:\/\/ichef.bbci.co.uk\/news\/624\/cpsprodpb\/977D\/production\/_123818783_img_4765.jpg 624w, https:\/\/ichef.bbci.co.uk\/news\/800\/cpsprodpb\/977D\/production\/_123818783_img_4765.jpg 800w\" type=\"image\/jpeg\" sizes=\"(min-width: 1008px) 645px, 100vw\"><img loading=\"lazy\" src=\"http:\/\/cordobadirecto.com\/wp-content\/uploads\/2022\/04\/los-venezolanos-que-prosperan-en-peru-y-que-le-aportan-al-pais-que-los-acoge-5.jpg\" alt=\"Nancy Arellano.\" width=\"976\" height=\"549\" class=\"eehpdyc0 bbc-rb7xa0 e1enwo3v0\"><\/picture><\/noscript><\/p>\n<p role=\"text\" class=\"bbc-1s1cxbv etq3yw90\"><span class=\"bbc-1gnhmg2 e1yt7oin0\">Fuente de la imagen, <\/span><span lang=\"en-GB\">G. D. O. <\/span><\/p>\n<\/div>\n<\/div>\n<div dir=\"ltr\" class=\"bbc-3edg7g e57qer20\" readability=\"6\"><figcaption dir=\"ltr\" class=\"bbc-rhuvwm eede9f50\" readability=\"2\"><span class=\"bbc-1gnhmg2 e1yt7oin0\">Pie de foto, <\/span><\/p>\n<p>Nancy Arellano decidi\u00f3 entregarse a un proyecto para favorecer la integraci\u00f3n de los venezolanos.<\/p>\n<\/figcaption><\/div>\n<\/div>\n<\/figure>\n<\/div>\n<p><h2 id=\"Nancy-Arellano-y-el-valor-de-los-venezolanos-activos\" tabindex=\"-1\" class=\"bbc-l3e97o e14hemmw0\">Nancy Arellano y el valor de los venezolanos activos<\/h2>\n<\/p>\n<div dir=\"ltr\" class=\"bbc-19j92fr e57qer20\" readability=\"10\">\n<p dir=\"ltr\" class=\"bbc-bm53ic e1cc2ql70\">Hace nueve a\u00f1os, la especialista en pol\u00edticas p\u00fablicas venezolana Nancy Arellano se march\u00f3 de su Caracas natal rumbo a Per\u00fa atra\u00edda por &#8220;un sistema pol\u00edtico que se hab\u00eda venido consolidando y una econom\u00eda en la que hab\u00eda oportunidades&#8221;. <\/p>\n<\/div>\n<div dir=\"ltr\" class=\"bbc-19j92fr e57qer20\" readability=\"11\">\n<p dir=\"ltr\" class=\"bbc-bm53ic e1cc2ql70\">Completados sus estudios, se acercaba a los 30 y, seg\u00fan ella, el triunfo del chavismo le cerraba las puertas para trabajar en la administraci\u00f3n p\u00fablica venezolana. <\/p>\n<\/div>\n<div dir=\"ltr\" class=\"bbc-19j92fr e57qer20\" readability=\"8\">\n<p dir=\"ltr\" class=\"bbc-bm53ic e1cc2ql70\">&#8220;El sue\u00f1o de tener un impacto en mi pa\u00eds se hac\u00eda imposible&#8221;, recuerda.<\/p>\n<\/div>\n<div dir=\"ltr\" class=\"bbc-19j92fr e57qer20\" readability=\"8\">\n<p dir=\"ltr\" class=\"bbc-bm53ic e1cc2ql70\">Al principio, hizo trabajos espor\u00e1dicos de consultor\u00eda. <\/p>\n<\/div>\n<div dir=\"ltr\" class=\"bbc-19j92fr e57qer20\" readability=\"8\">\n<p dir=\"ltr\" class=\"bbc-bm53ic e1cc2ql70\">&#8220;Era hija de una inmigrante espa\u00f1ola en Venezuela y en Per\u00fa por primera vez yo misma me sent\u00eda como una extranjera&#8221;. <\/p>\n<\/div>\n<div dir=\"ltr\" class=\"bbc-19j92fr e57qer20\" readability=\"9\">\n<p dir=\"ltr\" class=\"bbc-bm53ic e1cc2ql70\">Con la llegada masiva de venezolanos, empez\u00f3 a trabajar en diferentes asociaciones que los apoyaban.<\/p>\n<\/div>\n<div dir=\"ltr\" class=\"bbc-19j92fr e57qer20\" readability=\"10\">\n<p dir=\"ltr\" class=\"bbc-bm53ic e1cc2ql70\">Hasta que en 2019 mont\u00f3 la suya propia, Veneactiva, un nombre con el que pretend\u00eda lanzar un gui\u00f1o a los venezolanos que no se quedan parados. <\/p>\n<\/div>\n<div dir=\"ltr\" class=\"bbc-19j92fr e57qer20\" readability=\"11\">\n<p dir=\"ltr\" class=\"bbc-bm53ic e1cc2ql70\">Desde su oficina en la calle Jun\u00edn de Lima, Veneactiva gu\u00eda a quienes buscan obtener la documentaci\u00f3n, y presta servicios de orientaci\u00f3n laboral y atenci\u00f3n psicol\u00f3gica, entre otros. <\/p>\n<\/div>\n<div dir=\"ltr\" class=\"bbc-19j92fr e57qer20\" readability=\"10\">\n<p dir=\"ltr\" class=\"bbc-bm53ic e1cc2ql70\">Una de las iniciativas de las que se dice m\u00e1s satisfecha es Venemprende, un programa de apoyo a emprendedores que empez\u00f3 con 100 participantes y ya va por los 450, dice. <\/p>\n<\/div>\n<div dir=\"ltr\" class=\"bbc-19j92fr e57qer20\" readability=\"9\">\n<p dir=\"ltr\" class=\"bbc-bm53ic e1cc2ql70\">Con el programa Valiosos busca facilitar la inserci\u00f3n laboral de los venezolanos cualificados. &#8220;Nos dimos cuenta de que hab\u00eda necesidades en Per\u00fa que se pod\u00edan cubrir con las capacitaciones profesionales que tra\u00edan muchos venezolanos&#8221;.<\/p>\n<\/div>\n<div dir=\"ltr\" class=\"bbc-19j92fr e57qer20\" readability=\"8\">\n<p dir=\"ltr\" class=\"bbc-bm53ic e1cc2ql70\">La organizaci\u00f3n de Nancy tambi\u00e9n particip\u00f3 en un programa de la Fuerza A\u00e9rea peruana que sirvi\u00f3 para llevar t\u00e9cnicos venezolanos a atender comunidades vulnerables en zonas aisladas del pa\u00eds.<\/p>\n<\/div>\n<div dir=\"ltr\" class=\"bbc-19j92fr e57qer20\" readability=\"10\">\n<p dir=\"ltr\" class=\"bbc-bm53ic e1cc2ql70\">&#8220;Al principio empezamos con las u\u00f1as (con dificultades)&#8221;, recuerda Nancy, cuyo proyecto se vio golpeado por la pandemia de covid al poco de arrancar.<\/p>\n<\/div>\n<div dir=\"ltr\" class=\"bbc-19j92fr e57qer20\" readability=\"11\">\n<p dir=\"ltr\" class=\"bbc-bm53ic e1cc2ql70\">Pero su tenacidad y la de su equipo, y la magnitud del fen\u00f3meno venezolano en Per\u00fa lo sacaron adelante, y <b>ahora trabaja con organismos internacionales como Unicef y recibe fondos de cooperaci\u00f3n internacional de varios pa\u00edses europeos. <\/b><\/p>\n<\/div>\n<div dir=\"ltr\" class=\"bbc-19j92fr e57qer20\" readability=\"9\">\n<p dir=\"ltr\" class=\"bbc-bm53ic e1cc2ql70\">&#8220;13.000 venezolanos han logrado regularizar su situaci\u00f3n con nosotros y tenemos a 68 consultores trabajando en diferentes proyectos&#8221;, afirma. <\/p>\n<\/div>\n<div dir=\"ltr\" class=\"bbc-19j92fr e57qer20\" readability=\"8\">\n<p dir=\"ltr\" class=\"bbc-bm53ic e1cc2ql70\">&#8220;Han sido apenas tres a\u00f1os, pero en este sector las necesidades han sido apabullantes&#8221;. <\/p>\n<\/div>\n<div dir=\"ltr\" class=\"bbc-1ka88fa e57qer20\">\n<figure class=\"bbc-1qdcvv9 e6bmn90\">\n<div dir=\"ltr\" class=\"bbc-172p16q e57qer20\">\n<div dir=\"ltr\" class=\"bbc-189y18v e57qer20\">\n<div data-e2e=\"image-placeholder\" class=\"bbc-997y1y e1whu0\"><noscript><picture class=\"bbc-yfiktt e1enwo3v1\"><source srcset=\"http:\/\/cordobadirecto.com\/wp-content\/uploads\/2022\/04\/los-venezolanos-que-prosperan-en-peru-y-que-le-aportan-al-pais-que-los-acoge-15.webp 240w, http:\/\/cordobadirecto.com\/wp-content\/uploads\/2022\/04\/los-venezolanos-que-prosperan-en-peru-y-que-le-aportan-al-pais-que-los-acoge-16.webp 320w, http:\/\/cordobadirecto.com\/wp-content\/uploads\/2022\/04\/los-venezolanos-que-prosperan-en-peru-y-que-le-aportan-al-pais-que-los-acoge-17.webp 480w, http:\/\/cordobadirecto.com\/wp-content\/uploads\/2022\/04\/los-venezolanos-que-prosperan-en-peru-y-que-le-aportan-al-pais-que-los-acoge-18.webp 624w, http:\/\/cordobadirecto.com\/wp-content\/uploads\/2022\/04\/los-venezolanos-que-prosperan-en-peru-y-que-le-aportan-al-pais-que-los-acoge.png.webp 640w\" type=\"image\/webp\" sizes=\"(min-width: 1008px) 645px, 100vw\"><source srcset=\"https:\/\/ichef.bbci.co.uk\/news\/240\/cpsprodpb\/1226D\/production\/_105894347_grey_line-nc.png 240w, https:\/\/ichef.bbci.co.uk\/news\/320\/cpsprodpb\/1226D\/production\/_105894347_grey_line-nc.png 320w, https:\/\/ichef.bbci.co.uk\/news\/480\/cpsprodpb\/1226D\/production\/_105894347_grey_line-nc.png 480w, https:\/\/ichef.bbci.co.uk\/news\/624\/cpsprodpb\/1226D\/production\/_105894347_grey_line-nc.png 624w, http:\/\/cordobadirecto.com\/wp-content\/uploads\/2022\/04\/los-venezolanos-que-prosperan-en-peru-y-que-le-aportan-al-pais-que-los-acoge.png 640w\" type=\"image\/png\" sizes=\"(min-width: 1008px) 645px, 100vw\"><img loading=\"lazy\" src=\"http:\/\/cordobadirecto.com\/wp-content\/uploads\/2022\/04\/los-venezolanos-que-prosperan-en-peru-y-que-le-aportan-al-pais-que-los-acoge.png\" alt=\"2px presentational grey line\" width=\"640\" height=\"2\" class=\"eehpdyc0 bbc-rb7xa0 e1enwo3v0\"><\/picture><\/noscript><\/div>\n<\/div>\n<\/div>\n<\/figure>\n<\/div>\n<div dir=\"ltr\" class=\"bbc-19j92fr e57qer20\" readability=\"8\">\n<p dir=\"ltr\" class=\"bbc-bm53ic e1cc2ql70\"><i class=\"bbc-h1y5j7 ewc4zcb0\">Ahora puedes recibir notificaciones de BBC Mundo. Descarga la nueva versi\u00f3n de nuestra app y act\u00edvalas para no perderte nuestro mejor contenido.<\/i><\/p>\n<\/div>\n","protected":false},"excerpt":{"rendered":"<p>Guillermo D. Olmo @BBCgolmo Corresponsal de BBC News Mundo en Per\u00fa 26 abril 2022 Fuente de la imagen, CRIS BOURONCLE \/ Getty Per\u00fa se ha convertido en uno de los destinos preferentes para los venezolanos que abandonan su pa\u00eds por la crisis que sufre desde hace a\u00f1os. Las \u00faltimas estimaciones del Alto Comisionado de Naciones [&hellip;]<\/p>\n","protected":false},"author":1,"featured_media":56065,"comment_status":"closed","ping_status":"closed","sticky":false,"template":"","format":"standard","meta":[],"categories":[24],"tags":[],"_links":{"self":[{"href":"http:\/\/cordobadirecto.com\/index.php\/wp-json\/wp\/v2\/posts\/56064"}],"collection":[{"href":"http:\/\/cordobadirecto.com\/index.php\/wp-json\/wp\/v2\/posts"}],"about":[{"href":"http:\/\/cordobadirecto.com\/index.php\/wp-json\/wp\/v2\/types\/post"}],"author":[{"embeddable":true,"href":"http:\/\/cordobadirecto.com\/index.php\/wp-json\/wp\/v2\/users\/1"}],"replies":[{"embeddable":true,"href":"http:\/\/cordobadirecto.com\/index.php\/wp-json\/wp\/v2\/comments?post=56064"}],"version-history":[{"count":0,"href":"http:\/\/cordobadirecto.com\/index.php\/wp-json\/wp\/v2\/posts\/56064\/revisions"}],"wp:featuredmedia":[{"embeddable":true,"href":"http:\/\/cordobadirecto.com\/index.php\/wp-json\/wp\/v2\/media\/56065"}],"wp:attachment":[{"href":"http:\/\/cordobadirecto.com\/index.php\/wp-json\/wp\/v2\/media?parent=56064"}],"wp:term":[{"taxonomy":"category","embeddable":true,"href":"http:\/\/cordobadirecto.com\/index.php\/wp-json\/wp\/v2\/categories?post=56064"},{"taxonomy":"post_tag","embeddable":true,"href":"http:\/\/cordobadirecto.com\/index.php\/wp-json\/wp\/v2\/tags?post=56064"}],"curies":[{"name":"wp","href":"https:\/\/api.w.org\/{rel}","templated":true}]}}